{"id":246722,"date":"2015-12-10T00:08:26","date_gmt":"2015-12-10T06:08:26","guid":{"rendered":"http:\/\/www.diarioimagen.net\/?p=246722"},"modified":"2015-12-10T06:20:45","modified_gmt":"2015-12-10T12:20:45","slug":"se-fortalece-gobernabilidad-con-trabajo-conjunto-manzur","status":"publish","type":"post","link":"https:\/\/www.diarioimagen.net\/?p=246722","title":{"rendered":"Se fortalece gobernabilidad con trabajo conjunto: Manzur"},"content":{"rendered":"<ul>\n<li><strong><em>Convoca a acercar el gobierno a las comunidades<\/em><\/strong><\/li>\n<\/ul>\n<p>&nbsp;<\/p>\n<div id=\"attachment_246814\" style=\"width: 430px\" class=\"wp-caption aligncenter\"><a href=\"http:\/\/www.diarioimagen.net\/?attachment_id=246814\" rel=\"attachment wp-att-246814\"><img loading=\"lazy\" decoding=\"async\" aria-describedby=\"caption-attachment-246814\" class=\"size-large wp-image-246814\" src=\"http:\/\/www.diarioimagen.net\/wp-content\/uploads\/2015\/12\/manzur-2759-420x236.jpg\" alt=\"El secretario general de Gobierno, Jos\u00e9 Manzur Quiroga, tom\u00f3 protesta de ley a los alcaldes electos No\u00e9 Leocadio Tiburcio y Adolfo Jonathan Sol\u00eds G\u00f3mez, de los municipios de Villa de Allende y de Almoloya de Ju\u00e1rez, respectivamente.\" width=\"420\" height=\"236\" srcset=\"https:\/\/www.diarioimagen.net\/wp-content\/uploads\/2015\/12\/manzur-2759-420x236.jpg 420w, https:\/\/www.diarioimagen.net\/wp-content\/uploads\/2015\/12\/manzur-2759-240x135.jpg 240w, https:\/\/www.diarioimagen.net\/wp-content\/uploads\/2015\/12\/manzur-2759-235x132.jpg 235w, https:\/\/www.diarioimagen.net\/wp-content\/uploads\/2015\/12\/manzur-2759-202x114.jpg 202w, https:\/\/www.diarioimagen.net\/wp-content\/uploads\/2015\/12\/manzur-2759-350x196.jpg 350w, https:\/\/www.diarioimagen.net\/wp-content\/uploads\/2015\/12\/manzur-2759-220x123.jpg 220w, https:\/\/www.diarioimagen.net\/wp-content\/uploads\/2015\/12\/manzur-2759-237x132.jpg 237w, https:\/\/www.diarioimagen.net\/wp-content\/uploads\/2015\/12\/manzur-2759.jpg 480w\" sizes=\"auto, (max-width: 420px) 100vw, 420px\" \/><\/a><p id=\"caption-attachment-246814\" class=\"wp-caption-text\">El secretario general de Gobierno, Jos\u00e9 Manzur Quiroga, tom\u00f3 protesta de ley a los alcaldes electos No\u00e9 Leocadio Tiburcio y Adolfo Jonathan Sol\u00eds G\u00f3mez, de los municipios de Villa de Allende y de Almoloya de Ju\u00e1rez, respectivamente.<\/p><\/div>\n<p>&nbsp;<\/p>\n<p><strong>Villa de Allende, Estado de M\u00e9xico<\/strong>.- La gobernabilidad y la paz se fortalecen con el trabajo conjunto, construyendo el respeto a las ideas y las capacidades de los poderes y \u00f3rdenes de gobierno, subray\u00f3 el secretario General de Gobierno, Jos\u00e9 Manzur Quiroga, al tomar protesta de ley al presidente municipal para el per\u00edodo 2016-2018, No\u00e9 Leocadio Tiburcio.<\/p>\n<p>\u201cComo lo ha se\u00f1alado el gobernador Eruviel \u00c1vila Villegas, esta administraci\u00f3n ha demostrado que est\u00e1 dispuesta a escuchar y trabajar de la mano con la gente y todos los municipios; aqu\u00ed se trabaja sin preferencias ideol\u00f3gicas, se acabaron los tiempos de las competencias, ahora la sociedad exige los momentos de las coincidencias\u201d, se\u00f1al\u00f3.<\/p>\n<p>En sesi\u00f3n solemne de cabildo, Manzur Quiroga dijo que los municipios son el punto estrat\u00e9gico del desarrollo local, los cuales, junto con el estado tienen la posibilidad de lograr una \u00f3ptima colaboraci\u00f3n entre \u00f3rdenes de gobierno, en mancuerna con una sociedad participativa.<\/p>\n<p>En este municipio con vocaci\u00f3n agr\u00edcola y gastron\u00f3mica, con tradiciones y costumbres mazahuas, Jos\u00e9 Manzur reiter\u00f3 que los que integran el equipo de trabajo del gobernador continuar\u00e1n bajo esa gu\u00eda, en la que se promueve un gobierno que trabaja con todos y para todos, sin distinciones pol\u00edticas.<\/p>\n<p>Posteriormente, en el municipio de Almoloya de Ju\u00e1rez, donde tom\u00f3 protesta de ley al alcalde electo Adolfo Jonathan Sol\u00eds G\u00f3mez, dijo que el di\u00e1logo, la inclusi\u00f3n, el respeto a las diferencias, la igualdad de trato y la convivencia en la pluralidad, constituyen la plataforma id\u00f3nea para el desarrollo humano, en lo individual y colectivo.<\/p>\n<p>Asegur\u00f3 que hoy en d\u00eda, las administraciones locales deben privilegiar, adem\u00e1s del cumplimiento estricto de la ley, la eficiente y transparente aplicaci\u00f3n de los recursos, la coordinaci\u00f3n entre \u00f3rdenes de gobierno y la indispensable participaci\u00f3n de la ciudadan\u00eda.<\/p>\n<p>Puntualiz\u00f3 que el municipio ha rebasado la esfera estatal y nacional, derivado de las hermandades y relaciones internacionales, para convertirse en un punto de referencia y vinculaci\u00f3n a nivel global, lo que les ha permitido avanzar en la innovaci\u00f3n administrativa, que hacen posible el intercambio de experiencias exitosas y las inversiones que favorecen su desarrollo, por lo que subray\u00f3 que es importante la profesionalizaci\u00f3n de sus trabajadores, as\u00ed como la mejora en la prestaci\u00f3n de los servicios p\u00fablicos y la eficiencia en la recaudaci\u00f3n de impuestos, porque s\u00f3lo as\u00ed se tendr\u00e1n bases s\u00f3lidas para una gesti\u00f3n p\u00fablica exitosa.<\/p>\n<p>Asimismo, invit\u00f3 a los pr\u00f3ximos ediles a tener un gobierno cercano a las comunidades y cumplir con responsabilidad su encomienda, para que cada ciudadano obtenga respuestas eficientes.<\/p>\n<p>&nbsp;<\/p>\n","protected":false},"excerpt":{"rendered":"<p>La gobernabilidad y la paz se fortalecen con el trabajo conjunto, construyendo el respeto a las ideas y las capacidades de los poderes y \u00f3rdenes de gobierno, subray\u00f3 el secretario General de Gobierno, Jos\u00e9 Manzur Quiroga, al tomar protesta de ley al presidente municipal para el per\u00edodo 2016-2018, No\u00e9 Leocadio Tiburcio.<\/p>\n","protected":false},"author":3,"featured_media":246814,"comment_status":"open","ping_status":"open","sticky":false,"template":"","format":"standard","meta":{"_monsterinsights_skip_tracking":false,"_monsterinsights_sitenote_active":false,"_monsterinsights_sitenote_note":"","_monsterinsights_sitenote_category":0,"footnotes":""},"categories":[5],"tags":[43675,29182,23757],"class_list":["post-246722","post","type-post","status-publish","format-standard","has-post-thumbnail","hentry","category-estado-de-mexico","tag-estado-de-mexico","tag-jose-manzur-quiroga","tag-villa-de-allende"],"_links":{"self":[{"href":"https:\/\/www.diarioimagen.net\/index.php?rest_route=\/wp\/v2\/posts\/246722","targetHints":{"allow":["GET"]}}],"collection":[{"href":"https:\/\/www.diarioimagen.net\/index.php?rest_route=\/wp\/v2\/posts"}],"about":[{"href":"https:\/\/www.diarioimagen.net\/index.php?rest_route=\/wp\/v2\/types\/post"}],"author":[{"embeddable":true,"href":"https:\/\/www.diarioimagen.net\/index.php?rest_route=\/wp\/v2\/users\/3"}],"replies":[{"embeddable":true,"href":"https:\/\/www.diarioimagen.net\/index.php?rest_route=%2Fwp%2Fv2%2Fcomments&post=246722"}],"version-history":[{"count":0,"href":"https:\/\/www.diarioimagen.net\/index.php?rest_route=\/wp\/v2\/posts\/246722\/revisions"}],"wp:featuredmedia":[{"embeddable":true,"href":"https:\/\/www.diarioimagen.net\/index.php?rest_route=\/wp\/v2\/media\/246814"}],"wp:attachment":[{"href":"https:\/\/www.diarioimagen.net\/index.php?rest_route=%2Fwp%2Fv2%2Fmedia&parent=246722"}],"wp:term":[{"taxonomy":"category","embeddable":true,"href":"https:\/\/www.diarioimagen.net\/index.php?rest_route=%2Fwp%2Fv2%2Fcategories&post=246722"},{"taxonomy":"post_tag","embeddable":true,"href":"https:\/\/www.diarioimagen.net\/index.php?rest_route=%2Fwp%2Fv2%2Ftags&post=246722"}],"curies":[{"name":"wp","href":"https:\/\/api.w.org\/{rel}","templated":true}]}}