{"id":246724,"date":"2015-12-10T00:09:39","date_gmt":"2015-12-10T06:09:39","guid":{"rendered":"http:\/\/www.diarioimagen.net\/?p=246724"},"modified":"2015-12-10T06:21:01","modified_gmt":"2015-12-10T12:21:01","slug":"incrementa-edomex-infraestructura-vial","status":"publish","type":"post","link":"https:\/\/www.diarioimagen.net\/?p=246724","title":{"rendered":"Incrementa Edomex infraestructura vial"},"content":{"rendered":"<ul>\n<li><strong><em>Incrementa Edomex infraestructura vial<\/em><\/strong><\/li>\n<\/ul>\n<p>&nbsp;<\/p>\n<p><a href=\"http:\/\/www.diarioimagen.net\/?attachment_id=246817\" rel=\"attachment wp-att-246817\"><img loading=\"lazy\" decoding=\"async\" class=\"aligncenter size-large wp-image-246817\" src=\"http:\/\/www.diarioimagen.net\/wp-content\/uploads\/2015\/12\/vialidades-2759-420x236.jpg\" alt=\"vialidades-2759\" width=\"420\" height=\"236\" srcset=\"https:\/\/www.diarioimagen.net\/wp-content\/uploads\/2015\/12\/vialidades-2759-420x236.jpg 420w, https:\/\/www.diarioimagen.net\/wp-content\/uploads\/2015\/12\/vialidades-2759-240x135.jpg 240w, https:\/\/www.diarioimagen.net\/wp-content\/uploads\/2015\/12\/vialidades-2759-235x132.jpg 235w, https:\/\/www.diarioimagen.net\/wp-content\/uploads\/2015\/12\/vialidades-2759-202x114.jpg 202w, https:\/\/www.diarioimagen.net\/wp-content\/uploads\/2015\/12\/vialidades-2759-350x196.jpg 350w, https:\/\/www.diarioimagen.net\/wp-content\/uploads\/2015\/12\/vialidades-2759-220x123.jpg 220w, https:\/\/www.diarioimagen.net\/wp-content\/uploads\/2015\/12\/vialidades-2759-237x132.jpg 237w, https:\/\/www.diarioimagen.net\/wp-content\/uploads\/2015\/12\/vialidades-2759.jpg 480w\" sizes=\"auto, (max-width: 420px) 100vw, 420px\" \/><\/a><\/p>\n<p>&nbsp;<\/p>\n<p><strong>Cuautitl\u00e1n Izcalli, Estado de M\u00e9xico<\/strong>.- La Secretar\u00eda de Infraestructura, a trav\u00e9s de la Direcci\u00f3n de Vialidad, concluy\u00f3 la construcci\u00f3n de la calle paralela al canal Emisor Poniente, en la zona industrial de Cuautitl\u00e1n Izcalli, la cual ser\u00e1 una nueva v\u00eda que tiene como funci\u00f3n mejorar el flujo del tr\u00e1nsito de veh\u00edculos y peatones en las inmediaciones de la empresa Ford Motor Company.<\/p>\n<p>Con una inversi\u00f3n superior a los 17 millones de pesos, la arteria, que tiene una longitud de 417 metros, agilizar\u00e1 el tr\u00e1nsito de 3 mil veh\u00edculos que circulan por la zona diariamente, incrementando la infraestructura vial y la seguridad de personas y veh\u00edculos.<\/p>\n<p>La avenida se construy\u00f3 con una formaci\u00f3n de la estructura de pavimento consistente en el despalme, cortes, terraplenes y capa subrasante, adem\u00e1s de la colocaci\u00f3n de drenaje pluvial.<\/p>\n<p>Los pavimentos cuentan con tecnolog\u00eda a base de concreto asf\u00e1ltico y se realiz\u00f3 tambi\u00e9n la instalaci\u00f3n de se\u00f1alamiento horizontal y vertical, una galer\u00eda de protecci\u00f3n con muros Mil\u00e1n y tabletas para el Acueducto Teoloyucan, lo que dar\u00e1 mayor protecci\u00f3n a los 50 mil habitantes que cruzan por esta zona.<\/p>\n<p>Con estas acciones, se cumple el compromiso del gobierno estatal de tener mexiquenses mejor comunicados, adem\u00e1s de incrementar el volumen de vialidades y la mejora de servicios en todas las regiones del Estado de M\u00e9xico.<\/p>\n","protected":false},"excerpt":{"rendered":"<p>La Secretar\u00eda de Infraestructura, a trav\u00e9s de la Direcci\u00f3n de Vialidad, concluy\u00f3 la construcci\u00f3n de la calle paralela al canal Emisor Poniente, en la zona industrial de Cuautitl\u00e1n Izcalli, la cual ser\u00e1 una nueva v\u00eda que tiene como funci\u00f3n mejorar el flujo del tr\u00e1nsito de veh\u00edculos y peatones en las inmediaciones de la empresa Ford Motor Company.<\/p>\n","protected":false},"author":3,"featured_media":246817,"comment_status":"open","ping_status":"open","sticky":false,"template":"","format":"standard","meta":{"_monsterinsights_skip_tracking":false,"_monsterinsights_sitenote_active":false,"_monsterinsights_sitenote_note":"","_monsterinsights_sitenote_category":0,"footnotes":""},"categories":[5],"tags":[971,43675],"class_list":["post-246724","post","type-post","status-publish","format-standard","has-post-thumbnail","hentry","category-estado-de-mexico","tag-cuautitlan-izcalli","tag-estado-de-mexico"],"_links":{"self":[{"href":"https:\/\/www.diarioimagen.net\/index.php?rest_route=\/wp\/v2\/posts\/246724","targetHints":{"allow":["GET"]}}],"collection":[{"href":"https:\/\/www.diarioimagen.net\/index.php?rest_route=\/wp\/v2\/posts"}],"about":[{"href":"https:\/\/www.diarioimagen.net\/index.php?rest_route=\/wp\/v2\/types\/post"}],"author":[{"embeddable":true,"href":"https:\/\/www.diarioimagen.net\/index.php?rest_route=\/wp\/v2\/users\/3"}],"replies":[{"embeddable":true,"href":"https:\/\/www.diarioimagen.net\/index.php?rest_route=%2Fwp%2Fv2%2Fcomments&post=246724"}],"version-history":[{"count":0,"href":"https:\/\/www.diarioimagen.net\/index.php?rest_route=\/wp\/v2\/posts\/246724\/revisions"}],"wp:featuredmedia":[{"embeddable":true,"href":"https:\/\/www.diarioimagen.net\/index.php?rest_route=\/wp\/v2\/media\/246817"}],"wp:attachment":[{"href":"https:\/\/www.diarioimagen.net\/index.php?rest_route=%2Fwp%2Fv2%2Fmedia&parent=246724"}],"wp:term":[{"taxonomy":"category","embeddable":true,"href":"https:\/\/www.diarioimagen.net\/index.php?rest_route=%2Fwp%2Fv2%2Fcategories&post=246724"},{"taxonomy":"post_tag","embeddable":true,"href":"https:\/\/www.diarioimagen.net\/index.php?rest_route=%2Fwp%2Fv2%2Ftags&post=246724"}],"curies":[{"name":"wp","href":"https:\/\/api.w.org\/{rel}","templated":true}]}}