{"id":246760,"date":"2015-12-10T00:04:17","date_gmt":"2015-12-10T06:04:17","guid":{"rendered":"http:\/\/www.diarioimagen.net\/?p=246760"},"modified":"2015-12-10T05:38:36","modified_gmt":"2015-12-10T11:38:36","slug":"ana-maria-balderas-da-a-conocer-proyecto-de-gobierno-en-atizapan","status":"publish","type":"post","link":"https:\/\/www.diarioimagen.net\/?p=246760","title":{"rendered":"Ana Mar\u00eda Balderas da a conocer proyecto de gobierno en Atizap\u00e1n"},"content":{"rendered":"<p><a href=\"http:\/\/www.diarioimagen.net\/?attachment_id=246837\" rel=\"attachment wp-att-246837\"><img loading=\"lazy\" decoding=\"async\" class=\"alignleft size-medium wp-image-246837\" src=\"http:\/\/www.diarioimagen.net\/wp-content\/uploads\/2015\/12\/ana-maria-balderas-2759-240x135.jpg\" alt=\"ana-maria-balderas-2759\" width=\"240\" height=\"135\" srcset=\"https:\/\/www.diarioimagen.net\/wp-content\/uploads\/2015\/12\/ana-maria-balderas-2759-240x135.jpg 240w, https:\/\/www.diarioimagen.net\/wp-content\/uploads\/2015\/12\/ana-maria-balderas-2759-420x236.jpg 420w, https:\/\/www.diarioimagen.net\/wp-content\/uploads\/2015\/12\/ana-maria-balderas-2759-235x132.jpg 235w, https:\/\/www.diarioimagen.net\/wp-content\/uploads\/2015\/12\/ana-maria-balderas-2759-202x114.jpg 202w, https:\/\/www.diarioimagen.net\/wp-content\/uploads\/2015\/12\/ana-maria-balderas-2759-350x196.jpg 350w, https:\/\/www.diarioimagen.net\/wp-content\/uploads\/2015\/12\/ana-maria-balderas-2759-220x123.jpg 220w, https:\/\/www.diarioimagen.net\/wp-content\/uploads\/2015\/12\/ana-maria-balderas-2759-237x132.jpg 237w, https:\/\/www.diarioimagen.net\/wp-content\/uploads\/2015\/12\/ana-maria-balderas-2759.jpg 480w\" sizes=\"auto, (max-width: 240px) 100vw, 240px\" \/><\/a>Ana Mar\u00eda Balderas Trejo, alcaldesa electa de Atizap\u00e1n para el periodo 2016-2018, rindi\u00f3 protesta ante An\u00edbal Alberto Mej\u00eda Guadarrama, subsecretario de Desarrollo Municipal y representante del gobernador Eruviel \u00c1vila Villegas, dio a conocer su proyect, y comprometi\u00e9ndose y dando continuidad a los trabajos de su antecesor.<\/p>\n<p>&nbsp;<\/p>\n","protected":false},"excerpt":{"rendered":"<p>Ana Mar\u00eda Balderas Trejo, alcaldesa electa de Atizap\u00e1n para el periodo 2016-2018, rindi\u00f3 protesta ante An\u00edbal Alberto Mej\u00eda Guadarrama, subsecretario de Desarrollo Municipal y representante del gobernador Eruviel \u00c1vila Villegas, dio a conocer su proyect, y comprometi\u00e9ndose y dando continuidad a los trabajos de su antecesor.<\/p>\n","protected":false},"author":3,"featured_media":246837,"comment_status":"open","ping_status":"open","sticky":false,"template":"","format":"standard","meta":{"_monsterinsights_skip_tracking":false,"_monsterinsights_sitenote_active":false,"_monsterinsights_sitenote_note":"","_monsterinsights_sitenote_category":0,"footnotes":""},"categories":[35155],"tags":[47219,969,12784],"class_list":["post-246760","post","type-post","status-publish","format-standard","has-post-thumbnail","hentry","category-estado-de-mexico-estado-de-mexico","tag-ana-maria-balderas-trejo","tag-atizapan","tag-protesta"],"_links":{"self":[{"href":"https:\/\/www.diarioimagen.net\/index.php?rest_route=\/wp\/v2\/posts\/246760","targetHints":{"allow":["GET"]}}],"collection":[{"href":"https:\/\/www.diarioimagen.net\/index.php?rest_route=\/wp\/v2\/posts"}],"about":[{"href":"https:\/\/www.diarioimagen.net\/index.php?rest_route=\/wp\/v2\/types\/post"}],"author":[{"embeddable":true,"href":"https:\/\/www.diarioimagen.net\/index.php?rest_route=\/wp\/v2\/users\/3"}],"replies":[{"embeddable":true,"href":"https:\/\/www.diarioimagen.net\/index.php?rest_route=%2Fwp%2Fv2%2Fcomments&post=246760"}],"version-history":[{"count":0,"href":"https:\/\/www.diarioimagen.net\/index.php?rest_route=\/wp\/v2\/posts\/246760\/revisions"}],"wp:featuredmedia":[{"embeddable":true,"href":"https:\/\/www.diarioimagen.net\/index.php?rest_route=\/wp\/v2\/media\/246837"}],"wp:attachment":[{"href":"https:\/\/www.diarioimagen.net\/index.php?rest_route=%2Fwp%2Fv2%2Fmedia&parent=246760"}],"wp:term":[{"taxonomy":"category","embeddable":true,"href":"https:\/\/www.diarioimagen.net\/index.php?rest_route=%2Fwp%2Fv2%2Fcategories&post=246760"},{"taxonomy":"post_tag","embeddable":true,"href":"https:\/\/www.diarioimagen.net\/index.php?rest_route=%2Fwp%2Fv2%2Ftags&post=246760"}],"curies":[{"name":"wp","href":"https:\/\/api.w.org\/{rel}","templated":true}]}}