{"id":246925,"date":"2015-12-11T00:07:34","date_gmt":"2015-12-11T06:07:34","guid":{"rendered":"http:\/\/www.diarioimagen.net\/?p=246925"},"modified":"2015-12-13T23:16:29","modified_gmt":"2015-12-14T05:16:29","slug":"mas-empleos-y-crecimiento-con-el-nuevo-aeropuerto","status":"publish","type":"post","link":"https:\/\/www.diarioimagen.net\/?p=246925","title":{"rendered":"M\u00e1s empleos y crecimiento con el nuevo aeropuerto"},"content":{"rendered":"<h2>Arco Norte<\/h2>\n<h5>Jos\u00e9 Luis Monta\u00f1ez Aguilar<\/h5>\n<p>&nbsp;<\/p>\n<div id=\"attachment_246995\" style=\"width: 430px\" class=\"wp-caption aligncenter\"><a href=\"http:\/\/www.diarioimagen.net\/?attachment_id=246995\" rel=\"attachment wp-att-246995\"><img loading=\"lazy\" decoding=\"async\" aria-describedby=\"caption-attachment-246995\" class=\"size-large wp-image-246995\" src=\"http:\/\/www.diarioimagen.net\/wp-content\/uploads\/2015\/12\/arco-2760-420x236.jpg\" alt=\"Eruviel \u00c1vila - Tomando protesta a Higino Mart\u00ednez como presidente municipal.\" width=\"420\" height=\"236\" srcset=\"https:\/\/www.diarioimagen.net\/wp-content\/uploads\/2015\/12\/arco-2760-420x236.jpg 420w, https:\/\/www.diarioimagen.net\/wp-content\/uploads\/2015\/12\/arco-2760-240x135.jpg 240w, https:\/\/www.diarioimagen.net\/wp-content\/uploads\/2015\/12\/arco-2760-235x132.jpg 235w, https:\/\/www.diarioimagen.net\/wp-content\/uploads\/2015\/12\/arco-2760-202x114.jpg 202w, https:\/\/www.diarioimagen.net\/wp-content\/uploads\/2015\/12\/arco-2760-350x196.jpg 350w, https:\/\/www.diarioimagen.net\/wp-content\/uploads\/2015\/12\/arco-2760-220x123.jpg 220w, https:\/\/www.diarioimagen.net\/wp-content\/uploads\/2015\/12\/arco-2760-237x132.jpg 237w, https:\/\/www.diarioimagen.net\/wp-content\/uploads\/2015\/12\/arco-2760.jpg 480w\" sizes=\"auto, (max-width: 420px) 100vw, 420px\" \/><\/a><p id=\"caption-attachment-246995\" class=\"wp-caption-text\">Eruviel \u00c1vila &#8211; Tomando protesta a Higino Mart\u00ednez como presidente municipal.<\/p><\/div>\n<p>&nbsp;<\/p>\n<p>Eruviel \u00c1vila Villegas destac\u00f3 las ventajas competitivas de la construcci\u00f3n del nuevo Aeropuerto Internacional de la Ciudad de M\u00e9xico (NAICM) traer\u00e1 al municipio de Texcoco, al asegurar que generar\u00e1 mayores beneficios a la poblaci\u00f3n de la regi\u00f3n oriente de la entidad mexiquense, con empleos, una mayor derrama econ\u00f3mica y m\u00e1s infraestructura de movilidad.<\/p>\n<p>Al asistir a la toma de protesta de Higinio Mart\u00ednez Miranda, como presidente municipal de Texcoco para el periodo 2016-2018, Eruviel \u00c1vila destac\u00f3 tambi\u00e9n que se brindar\u00e1 a las autoridades municipales entrantes de esta localidad toda la informaci\u00f3n necesaria acerca de la construcci\u00f3n de esta terminal a\u00e9rea, mediante la instalaci\u00f3n de una mesa de trabajo en esta materia.<\/p>\n<p>Por otro lado, el gobernador mexiquense anunci\u00f3 que la pr\u00f3xima semana le ser\u00e1 transferida las funciones de tr\u00e1nsito al municipio de Texcoco, para que a partir del 1 de enero el ayuntamiento las administre, adem\u00e1s de que se har\u00e1 entrega de equipamiento en materia de seguridad, como patrullas y la instalaci\u00f3n de c\u00e1maras de videovigilancia.<\/p>\n<p>Asimismo, reconoci\u00f3 que dentro del plan de gobierno del Ayuntamiento de Texcoco 2016-2018, se tenga entre las prioridades emprender acciones en materia de educaci\u00f3n, cultura y deporte, por lo que en las primeras semanas de enero pr\u00f3ximo realizar\u00e1 una gira por este municipio, en la cual se colocar\u00e1 la primera piedra de la Plaza Estado de M\u00e9xico, que se construir\u00e1 con el apoyo de los tres niveles de gobierno.<\/p>\n<p><em><a href=\"mailto:montanezaguilar@gmail.com\" target=\"_blank\">montanezaguilar@gmail.com<\/a><\/em><\/p>\n","protected":false},"excerpt":{"rendered":"<p><span style=\"color: #005497;\">Jos\u00e9 Luis Monta\u00f1ez Aguilar<\/span><br \/>\n<br \/>\nEruviel \u00c1vila Villegas destac\u00f3 las ventajas competitivas de la construcci\u00f3n del nuevo Aeropuerto Internacional de la Ciudad de M\u00e9xico (NAICM) traer\u00e1 al municipio de Texcoco, al asegurar que generar\u00e1 mayores beneficios a la poblaci\u00f3n de la regi\u00f3n oriente de la entidad mexiquense, con empleos, una mayor derrama econ\u00f3mica y m\u00e1s infraestructura de movilidad.<\/p>\n","protected":false},"author":3,"featured_media":246995,"comment_status":"open","ping_status":"open","sticky":false,"template":"","format":"standard","meta":{"_monsterinsights_skip_tracking":false,"_monsterinsights_sitenote_active":false,"_monsterinsights_sitenote_note":"","_monsterinsights_sitenote_category":0,"footnotes":""},"categories":[5],"tags":[13284,43704,43674],"class_list":["post-246925","post","type-post","status-publish","format-standard","has-post-thumbnail","hentry","category-estado-de-mexico","tag-arco-norte","tag-jose-luis-montanez-aguilar","tag-opinion"],"_links":{"self":[{"href":"https:\/\/www.diarioimagen.net\/index.php?rest_route=\/wp\/v2\/posts\/246925","targetHints":{"allow":["GET"]}}],"collection":[{"href":"https:\/\/www.diarioimagen.net\/index.php?rest_route=\/wp\/v2\/posts"}],"about":[{"href":"https:\/\/www.diarioimagen.net\/index.php?rest_route=\/wp\/v2\/types\/post"}],"author":[{"embeddable":true,"href":"https:\/\/www.diarioimagen.net\/index.php?rest_route=\/wp\/v2\/users\/3"}],"replies":[{"embeddable":true,"href":"https:\/\/www.diarioimagen.net\/index.php?rest_route=%2Fwp%2Fv2%2Fcomments&post=246925"}],"version-history":[{"count":0,"href":"https:\/\/www.diarioimagen.net\/index.php?rest_route=\/wp\/v2\/posts\/246925\/revisions"}],"wp:featuredmedia":[{"embeddable":true,"href":"https:\/\/www.diarioimagen.net\/index.php?rest_route=\/wp\/v2\/media\/246995"}],"wp:attachment":[{"href":"https:\/\/www.diarioimagen.net\/index.php?rest_route=%2Fwp%2Fv2%2Fmedia&parent=246925"}],"wp:term":[{"taxonomy":"category","embeddable":true,"href":"https:\/\/www.diarioimagen.net\/index.php?rest_route=%2Fwp%2Fv2%2Fcategories&post=246925"},{"taxonomy":"post_tag","embeddable":true,"href":"https:\/\/www.diarioimagen.net\/index.php?rest_route=%2Fwp%2Fv2%2Ftags&post=246925"}],"curies":[{"name":"wp","href":"https:\/\/api.w.org\/{rel}","templated":true}]}}