{"id":246927,"date":"2015-12-11T00:08:40","date_gmt":"2015-12-11T06:08:40","guid":{"rendered":"http:\/\/www.diarioimagen.net\/?p=246927"},"modified":"2015-12-11T03:25:22","modified_gmt":"2015-12-11T09:25:22","slug":"publican-ganadores-del-concurso-estatal-de-fotografia","status":"publish","type":"post","link":"https:\/\/www.diarioimagen.net\/?p=246927","title":{"rendered":"Publican ganadores del Concurso Estatal de Fotograf\u00eda"},"content":{"rendered":"<ul>\n<li><strong><em>Se fomenta la creatividad de los mexiquenses<\/em><\/strong><\/li>\n<\/ul>\n<p>&nbsp;<\/p>\n<p><a href=\"http:\/\/www.diarioimagen.net\/?attachment_id=246991\" rel=\"attachment wp-att-246991\"><img loading=\"lazy\" decoding=\"async\" class=\"aligncenter size-large wp-image-246991\" src=\"http:\/\/www.diarioimagen.net\/wp-content\/uploads\/2015\/12\/concurso-fotografia-2760-420x236.jpg\" alt=\"concurso-fotografia-2760\" width=\"420\" height=\"236\" srcset=\"https:\/\/www.diarioimagen.net\/wp-content\/uploads\/2015\/12\/concurso-fotografia-2760-420x236.jpg 420w, https:\/\/www.diarioimagen.net\/wp-content\/uploads\/2015\/12\/concurso-fotografia-2760-240x135.jpg 240w, https:\/\/www.diarioimagen.net\/wp-content\/uploads\/2015\/12\/concurso-fotografia-2760-235x132.jpg 235w, https:\/\/www.diarioimagen.net\/wp-content\/uploads\/2015\/12\/concurso-fotografia-2760-202x114.jpg 202w, https:\/\/www.diarioimagen.net\/wp-content\/uploads\/2015\/12\/concurso-fotografia-2760-350x196.jpg 350w, https:\/\/www.diarioimagen.net\/wp-content\/uploads\/2015\/12\/concurso-fotografia-2760-220x123.jpg 220w, https:\/\/www.diarioimagen.net\/wp-content\/uploads\/2015\/12\/concurso-fotografia-2760-237x132.jpg 237w, https:\/\/www.diarioimagen.net\/wp-content\/uploads\/2015\/12\/concurso-fotografia-2760.jpg 480w\" sizes=\"auto, (max-width: 420px) 100vw, 420px\" \/><\/a><\/p>\n<p>&nbsp;<\/p>\n<p><strong>Toluca, Estado de M\u00e9xico<\/strong>.- El Consejo Estatal de Poblaci\u00f3n (Coespo) dio a conocer a los ganadores del Concurso Estatal de Fotograf\u00eda Nuestros Valores, con el que se fomenta la creatividad de los mexiquenses, y que busca transmitir y compartir los valores que de manera individual y social los habitantes del Estado de M\u00e9xico practican cotidianamente.<\/p>\n<p>Alberto Daniel Zacar\u00edas Villalobos, encargado del despacho de la Secretar\u00eda T\u00e9cnica del organismo adscrito a la Secretar\u00eda General de Gobierno, detall\u00f3 que en el certamen participaron 233 fotograf\u00edas de mexiquenses de entre 13 y 35 a\u00f1os de edad con temas como: valores universales, libertad, tolerancia, igualdad, justicia, solidaridad, verdad, paz y honor, as\u00ed como, valores nacionales y c\u00edvicos como fortalecimiento de la nacionalidad mexicana, identidad mexiquense, soberan\u00eda, aprecio por la libertad, s\u00edmbolos patrios, entre otros.<\/p>\n<p>Para la selecci\u00f3n de los ganadores de las tres categor\u00edas, los integrantes del jurado consideraron aspectos como originalidad, representatividad, est\u00e9tica, nitidez, encuadre de la imagen y mensaje.<\/p>\n<p>En la categor\u00eda A, de 13 a 18 a\u00f1os, el primer lugar fue para Mait\u00e9 Mej\u00eda Rodr\u00edguez, del municipio de Metepec, por su gr\u00e1fica <em>Los valores, amor filial<\/em>; el segundo, para Jaime Ignacio Mart\u00ednez Ram\u00edrez, de Ixtapaluca, por su fotograf\u00eda <em>T\u00fa haces la diferencia,<\/em> y el tercero para Azucena Cruz M\u00e1ximo, de Luvianos, por su imagen <em>Compartiendo el pan y la sal<\/em>.<\/p>\n<p>En la categor\u00eda B, de 19 a 25 a\u00f1os, el primer puesto lo obtuvo Juan Carlos Su\u00e1rez T\u00e9llez, del municipio de Ixtlahuaca, con <em>Historias por contar<\/em>; el segundo fue para Diego Abraham Guti\u00e9rrez Macedo, de Tultepec, por<em> Toros Tultepec,<\/em> y el tercer sitio fue para Sergio D\u00edaz Gonz\u00e1lez, de Ecatepec, por su imagen <em>\u00a1C\u00e1ntale mariachi!<\/em><\/p>\n<p>&nbsp;<\/p>\n","protected":false},"excerpt":{"rendered":"<p>El Consejo Estatal de Poblaci\u00f3n (Coespo) dio a conocer a los ganadores del Concurso Estatal de Fotograf\u00eda Nuestros Valores, con el que se fomenta la creatividad de los mexiquenses, y que busca transmitir y compartir los valores que de manera individual y social los habitantes del Estado de M\u00e9xico practican cotidianamente.<\/p>\n","protected":false},"author":3,"featured_media":246991,"comment_status":"open","ping_status":"open","sticky":false,"template":"","format":"standard","meta":{"_monsterinsights_skip_tracking":false,"_monsterinsights_sitenote_active":false,"_monsterinsights_sitenote_note":"","_monsterinsights_sitenote_category":0,"footnotes":""},"categories":[5],"tags":[43675,452],"class_list":["post-246927","post","type-post","status-publish","format-standard","has-post-thumbnail","hentry","category-estado-de-mexico","tag-estado-de-mexico","tag-toluca"],"_links":{"self":[{"href":"https:\/\/www.diarioimagen.net\/index.php?rest_route=\/wp\/v2\/posts\/246927","targetHints":{"allow":["GET"]}}],"collection":[{"href":"https:\/\/www.diarioimagen.net\/index.php?rest_route=\/wp\/v2\/posts"}],"about":[{"href":"https:\/\/www.diarioimagen.net\/index.php?rest_route=\/wp\/v2\/types\/post"}],"author":[{"embeddable":true,"href":"https:\/\/www.diarioimagen.net\/index.php?rest_route=\/wp\/v2\/users\/3"}],"replies":[{"embeddable":true,"href":"https:\/\/www.diarioimagen.net\/index.php?rest_route=%2Fwp%2Fv2%2Fcomments&post=246927"}],"version-history":[{"count":0,"href":"https:\/\/www.diarioimagen.net\/index.php?rest_route=\/wp\/v2\/posts\/246927\/revisions"}],"wp:featuredmedia":[{"embeddable":true,"href":"https:\/\/www.diarioimagen.net\/index.php?rest_route=\/wp\/v2\/media\/246991"}],"wp:attachment":[{"href":"https:\/\/www.diarioimagen.net\/index.php?rest_route=%2Fwp%2Fv2%2Fmedia&parent=246927"}],"wp:term":[{"taxonomy":"category","embeddable":true,"href":"https:\/\/www.diarioimagen.net\/index.php?rest_route=%2Fwp%2Fv2%2Fcategories&post=246927"},{"taxonomy":"post_tag","embeddable":true,"href":"https:\/\/www.diarioimagen.net\/index.php?rest_route=%2Fwp%2Fv2%2Ftags&post=246927"}],"curies":[{"name":"wp","href":"https:\/\/api.w.org\/{rel}","templated":true}]}}