{"id":246940,"date":"2015-12-11T00:04:49","date_gmt":"2015-12-11T06:04:49","guid":{"rendered":"http:\/\/www.diarioimagen.net\/?p=246940"},"modified":"2015-12-11T03:43:38","modified_gmt":"2015-12-11T09:43:38","slug":"rinde-protesta-angelina-carreno-como-alcaldesa-de-nicolas-romero","status":"publish","type":"post","link":"https:\/\/www.diarioimagen.net\/?p=246940","title":{"rendered":"Rinde protesta Angelina Carre\u00f1o como alcaldesa de Nicol\u00e1s Romero"},"content":{"rendered":"<p><a href=\"http:\/\/www.diarioimagen.net\/?attachment_id=247010\" rel=\"attachment wp-att-247010\"><img loading=\"lazy\" decoding=\"async\" class=\"aligncenter size-large wp-image-247010\" src=\"http:\/\/www.diarioimagen.net\/wp-content\/uploads\/2015\/12\/nicolas-romero-2760-420x236.jpg\" alt=\"nicolas-romero-2760\" width=\"420\" height=\"236\" srcset=\"https:\/\/www.diarioimagen.net\/wp-content\/uploads\/2015\/12\/nicolas-romero-2760-420x236.jpg 420w, https:\/\/www.diarioimagen.net\/wp-content\/uploads\/2015\/12\/nicolas-romero-2760-240x135.jpg 240w, https:\/\/www.diarioimagen.net\/wp-content\/uploads\/2015\/12\/nicolas-romero-2760-235x132.jpg 235w, https:\/\/www.diarioimagen.net\/wp-content\/uploads\/2015\/12\/nicolas-romero-2760-202x114.jpg 202w, https:\/\/www.diarioimagen.net\/wp-content\/uploads\/2015\/12\/nicolas-romero-2760-350x196.jpg 350w, https:\/\/www.diarioimagen.net\/wp-content\/uploads\/2015\/12\/nicolas-romero-2760-220x123.jpg 220w, https:\/\/www.diarioimagen.net\/wp-content\/uploads\/2015\/12\/nicolas-romero-2760-237x132.jpg 237w, https:\/\/www.diarioimagen.net\/wp-content\/uploads\/2015\/12\/nicolas-romero-2760.jpg 480w\" sizes=\"auto, (max-width: 420px) 100vw, 420px\" \/><\/a><\/p>\n<p>&nbsp;<\/p>\n<p><strong>Nicol\u00e1s Romero, Estado de M\u00e9xico<\/strong>.-\u00a0 Angelina Carre\u00f1o Mijares, alcaldesa electa del municipio de Nicol\u00e1s Romero, rindi\u00f3 protesta ante un nutrido n\u00famero de ciudadanos y ante el secretario de infraestructura, Maestro Erasto Mart\u00ednez, representante del gobernador mexiquense, Eruviel \u00c1vila.<\/p>\n<p>&nbsp;<\/p>\n","protected":false},"excerpt":{"rendered":"<p>Angelina Carre\u00f1o Mijares, alcaldesa electa del municipio de Nicol\u00e1s Romero, rindi\u00f3 protesta ante un nutrido n\u00famero de ciudadanos y ante el secretario de infraestructura, Maestro Erasto Mart\u00ednez, representante del gobernador mexiquense, Eruviel \u00c1vila.<\/p>\n","protected":false},"author":3,"featured_media":247010,"comment_status":"open","ping_status":"open","sticky":false,"template":"","format":"standard","meta":{"_monsterinsights_skip_tracking":false,"_monsterinsights_sitenote_active":false,"_monsterinsights_sitenote_note":"","_monsterinsights_sitenote_category":0,"footnotes":""},"categories":[35155],"tags":[47248,43675,12784],"class_list":["post-246940","post","type-post","status-publish","format-standard","has-post-thumbnail","hentry","category-estado-de-mexico-estado-de-mexico","tag-angelina-carreno-mijares","tag-estado-de-mexico","tag-protesta"],"_links":{"self":[{"href":"https:\/\/www.diarioimagen.net\/index.php?rest_route=\/wp\/v2\/posts\/246940","targetHints":{"allow":["GET"]}}],"collection":[{"href":"https:\/\/www.diarioimagen.net\/index.php?rest_route=\/wp\/v2\/posts"}],"about":[{"href":"https:\/\/www.diarioimagen.net\/index.php?rest_route=\/wp\/v2\/types\/post"}],"author":[{"embeddable":true,"href":"https:\/\/www.diarioimagen.net\/index.php?rest_route=\/wp\/v2\/users\/3"}],"replies":[{"embeddable":true,"href":"https:\/\/www.diarioimagen.net\/index.php?rest_route=%2Fwp%2Fv2%2Fcomments&post=246940"}],"version-history":[{"count":0,"href":"https:\/\/www.diarioimagen.net\/index.php?rest_route=\/wp\/v2\/posts\/246940\/revisions"}],"wp:featuredmedia":[{"embeddable":true,"href":"https:\/\/www.diarioimagen.net\/index.php?rest_route=\/wp\/v2\/media\/247010"}],"wp:attachment":[{"href":"https:\/\/www.diarioimagen.net\/index.php?rest_route=%2Fwp%2Fv2%2Fmedia&parent=246940"}],"wp:term":[{"taxonomy":"category","embeddable":true,"href":"https:\/\/www.diarioimagen.net\/index.php?rest_route=%2Fwp%2Fv2%2Fcategories&post=246940"},{"taxonomy":"post_tag","embeddable":true,"href":"https:\/\/www.diarioimagen.net\/index.php?rest_route=%2Fwp%2Fv2%2Ftags&post=246940"}],"curies":[{"name":"wp","href":"https:\/\/api.w.org\/{rel}","templated":true}]}}