{"id":247337,"date":"2015-12-15T00:13:31","date_gmt":"2015-12-15T06:13:31","guid":{"rendered":"http:\/\/www.diarioimagen.net\/?p=247337"},"modified":"2015-12-15T03:20:00","modified_gmt":"2015-12-15T09:20:00","slug":"preparan-lugar-para-la-misa-del-papa-francisco","status":"publish","type":"post","link":"https:\/\/www.diarioimagen.net\/?p=247337","title":{"rendered":"Preparan lugar para la misa del papa Francisco"},"content":{"rendered":"<h2>Arco Norte<\/h2>\n<h5>Jos\u00e9 Luis Monta\u00f1ez Aguilar<\/h5>\n<p>&nbsp;<\/p>\n<p><a href=\"http:\/\/www.diarioimagen.net\/?attachment_id=247434\" rel=\"attachment wp-att-247434\"><img loading=\"lazy\" decoding=\"async\" class=\"aligncenter size-large wp-image-247434\" src=\"http:\/\/www.diarioimagen.net\/wp-content\/uploads\/2015\/12\/papa-2762-420x236.jpg\" alt=\"papa-2762\" width=\"420\" height=\"236\" srcset=\"https:\/\/www.diarioimagen.net\/wp-content\/uploads\/2015\/12\/papa-2762-420x236.jpg 420w, https:\/\/www.diarioimagen.net\/wp-content\/uploads\/2015\/12\/papa-2762-240x135.jpg 240w, https:\/\/www.diarioimagen.net\/wp-content\/uploads\/2015\/12\/papa-2762-235x132.jpg 235w, https:\/\/www.diarioimagen.net\/wp-content\/uploads\/2015\/12\/papa-2762-202x114.jpg 202w, https:\/\/www.diarioimagen.net\/wp-content\/uploads\/2015\/12\/papa-2762-350x196.jpg 350w, https:\/\/www.diarioimagen.net\/wp-content\/uploads\/2015\/12\/papa-2762-220x123.jpg 220w, https:\/\/www.diarioimagen.net\/wp-content\/uploads\/2015\/12\/papa-2762-237x132.jpg 237w, https:\/\/www.diarioimagen.net\/wp-content\/uploads\/2015\/12\/papa-2762.jpg 480w\" sizes=\"auto, (max-width: 420px) 100vw, 420px\" \/><\/a><\/p>\n<p>Eruviel \u00c1vila Villegas inform\u00f3 que como parte de las actividades que realizar\u00e1 el papa Francisco durante su visita al pa\u00eds en febrero del pr\u00f3ximo a\u00f1o, se ofrecer\u00e1 una ceremonia religiosa en el municipio de Ecatepec.<\/p>\n<p>Detall\u00f3 que la misa se llevar\u00e1 a cabo el 14 de febrero, en los terrenos que est\u00e1n ubicados cerca de la Unidad de Estudios Superiores de Ecatepec en Las Am\u00e9ricas, y se tiene previsto que Su Santidad realice un recorrido de 10 kil\u00f3metros desde el lugar de su arribo hasta el sitio de la celebraci\u00f3n lit\u00fargica, donde se espera que asistan alrededor de un mill\u00f3n de personas.<\/p>\n<p>\u201cEl Estado de M\u00e9xico con el apoyo del gobierno federal y de los municipios, estamos ya trazando, haciendo una ruta log\u00edstica, haciendo el minuto a minuto para que la gente que asista, mexiquenses o no mexiquenses, a esta ceremonia, tengan la tranquilidad de estar en paz y en armon\u00eda\u201d, se\u00f1al\u00f3.<\/p>\n<p>En el marco del D\u00eda del Polic\u00eda, Eruviel \u00c1vila expres\u00f3 que la administraci\u00f3n estatal apoyar\u00e1 a la Iglesia cat\u00f3lica, especialmente a la Di\u00f3cesis de Ecatepec, para que las personas que acudan, cuenten con las condiciones de seguridad y protecci\u00f3n civil necesarias.<\/p>\n<p>\u201cYo soy muy respetuoso de las normas en la materia, yo no me meter\u00e9 en temas religiosos, pero s\u00ed ofrezco a la Iglesia cat\u00f3lica, a la Di\u00f3cesis de Ecatepec, todo el apoyo para que la misa que se va a llevar a cabo en los terrenos que est\u00e1n junto a la Unidad de Estudios Superiores en Las Am\u00e9ricas, all\u00e1 en Ecatepec, est\u00e9n en condiciones de seguridad\u201d, concluy\u00f3.<\/p>\n<p><em><a href=\"mailto:montanezaguilar@gmail.com\" target=\"_blank\">montanezaguilar@gmail.com<\/a><\/em><\/p>\n","protected":false},"excerpt":{"rendered":"<p><span style=\"color: #005497;\">Jos\u00e9 Luis Monta\u00f1ez Aguilar<\/span><br \/>\n<br \/>\nEruviel \u00c1vila Villegas inform\u00f3 que como parte de las actividades que realizar\u00e1 el papa Francisco durante su visita al pa\u00eds en febrero del pr\u00f3ximo a\u00f1o, se ofrecer\u00e1 una ceremonia religiosa en el municipio de Ecatepec.<\/p>\n","protected":false},"author":3,"featured_media":247434,"comment_status":"open","ping_status":"open","sticky":false,"template":"","format":"standard","meta":{"_monsterinsights_skip_tracking":false,"_monsterinsights_sitenote_active":false,"_monsterinsights_sitenote_note":"","_monsterinsights_sitenote_category":0,"footnotes":""},"categories":[5],"tags":[13284,43704,43674],"class_list":["post-247337","post","type-post","status-publish","format-standard","has-post-thumbnail","hentry","category-estado-de-mexico","tag-arco-norte","tag-jose-luis-montanez-aguilar","tag-opinion"],"_links":{"self":[{"href":"https:\/\/www.diarioimagen.net\/index.php?rest_route=\/wp\/v2\/posts\/247337","targetHints":{"allow":["GET"]}}],"collection":[{"href":"https:\/\/www.diarioimagen.net\/index.php?rest_route=\/wp\/v2\/posts"}],"about":[{"href":"https:\/\/www.diarioimagen.net\/index.php?rest_route=\/wp\/v2\/types\/post"}],"author":[{"embeddable":true,"href":"https:\/\/www.diarioimagen.net\/index.php?rest_route=\/wp\/v2\/users\/3"}],"replies":[{"embeddable":true,"href":"https:\/\/www.diarioimagen.net\/index.php?rest_route=%2Fwp%2Fv2%2Fcomments&post=247337"}],"version-history":[{"count":0,"href":"https:\/\/www.diarioimagen.net\/index.php?rest_route=\/wp\/v2\/posts\/247337\/revisions"}],"wp:featuredmedia":[{"embeddable":true,"href":"https:\/\/www.diarioimagen.net\/index.php?rest_route=\/wp\/v2\/media\/247434"}],"wp:attachment":[{"href":"https:\/\/www.diarioimagen.net\/index.php?rest_route=%2Fwp%2Fv2%2Fmedia&parent=247337"}],"wp:term":[{"taxonomy":"category","embeddable":true,"href":"https:\/\/www.diarioimagen.net\/index.php?rest_route=%2Fwp%2Fv2%2Fcategories&post=247337"},{"taxonomy":"post_tag","embeddable":true,"href":"https:\/\/www.diarioimagen.net\/index.php?rest_route=%2Fwp%2Fv2%2Ftags&post=247337"}],"curies":[{"name":"wp","href":"https:\/\/api.w.org\/{rel}","templated":true}]}}