{"id":247347,"date":"2015-12-15T00:02:55","date_gmt":"2015-12-15T06:02:55","guid":{"rendered":"http:\/\/www.diarioimagen.net\/?p=247347"},"modified":"2015-12-15T23:45:17","modified_gmt":"2015-12-16T05:45:17","slug":"mas-supervisiones-a-gasolinerias-y-gaseras-profeco","status":"publish","type":"post","link":"https:\/\/www.diarioimagen.net\/?p=247347","title":{"rendered":"M\u00e1s supervisiones a gasoliner\u00edas y gaseras: Profeco"},"content":{"rendered":"<ul>\n<li><strong><em>Crecen 300% en 3 a\u00f1os<\/em><\/strong><\/li>\n<\/ul>\n<p>&nbsp;<\/p>\n<div id=\"attachment_247470\" style=\"width: 430px\" class=\"wp-caption aligncenter\"><a href=\"http:\/\/www.diarioimagen.net\/?attachment_id=247470\" rel=\"attachment wp-att-247470\"><img loading=\"lazy\" decoding=\"async\" aria-describedby=\"caption-attachment-247470\" class=\"size-large wp-image-247470\" src=\"http:\/\/www.diarioimagen.net\/wp-content\/uploads\/2015\/12\/SUPERVISIONES-2762-420x256.jpg\" alt=\"En los \u00faltimos tres a\u00f1os se report\u00f3 un crecimiento de 300 por ciento en verificaciones relacionadas con el gas LP y la gasolina.\" width=\"420\" height=\"256\" srcset=\"https:\/\/www.diarioimagen.net\/wp-content\/uploads\/2015\/12\/SUPERVISIONES-2762-420x256.jpg 420w, https:\/\/www.diarioimagen.net\/wp-content\/uploads\/2015\/12\/SUPERVISIONES-2762-240x146.jpg 240w, https:\/\/www.diarioimagen.net\/wp-content\/uploads\/2015\/12\/SUPERVISIONES-2762.jpg 700w\" sizes=\"auto, (max-width: 420px) 100vw, 420px\" \/><\/a><p id=\"caption-attachment-247470\" class=\"wp-caption-text\">En los \u00faltimos tres a\u00f1os se report\u00f3 un crecimiento de 300 por ciento en verificaciones relacionadas con el gas LP y la gasolina.<\/p><\/div>\n<p>&nbsp;<\/p>\n<p>La procuradora federal de Consumidor, Lorena Mart\u00ednez, inform\u00f3 que de acuerdo con los resultados anuales de las acciones emprendidas en los \u00faltimos tres a\u00f1os, se report\u00f3 un crecimiento de 300 por ciento en verificaciones relacionadas con el gas LP y la gasolina.<\/p>\n<p>Tambi\u00e9n precis\u00f3 que en 2015 se resolvi\u00f3 m\u00e1s de 85 por ciento de las denuncias relacionadas con el despacho de gasolina frente al 50 por ciento en a\u00f1os anteriores.<\/p>\n<p>Asimismo, se llevaron a cabo m\u00e1s de 2 mil 914 verificaciones de estaciones de servicio y m\u00e1s de 42 mil instrumentos verificados en materia de gasolina en 2015.<\/p>\n<p>La titular de la Procuradur\u00eda Federal del Consumidor (Profeco) asever\u00f3 que a poco m\u00e1s de tres meses de creada la subprocuradur\u00eda de Telecomunicaciones a cargo de Carlos Ponce hay mil 372 quejas relacionadas con el servicio de telecomunicaciones.<\/p>\n<p>No obstante, se\u00f1al\u00f3 en conferencia de prensa, que a dicho dato falta sumar las quejas presentadas ante las 52 delegaciones estatales de la Profeco.<\/p>\n<p>En ese sentido, el subprocurador de Telecomunicaciones dijo que del 7 de septiembre al 30 de noviembre de este a\u00f1o se tienen mil 045 quejas en materia de telefon\u00eda celular y 311 en televisi\u00f3n restringida.<\/p>\n<p>Por \u00faltimo, la procuradora destac\u00f3 que este a\u00f1o aument\u00f3 hasta 80 por ciento el n\u00famero de casas de empe\u00f1o del pa\u00eds que cuentan con un contrato registrado ante la Profeco, lo que incide directamente en el bolsillo de los mexicanos, pues reduce el elevado nivel de impunidad.<\/p>\n<p style=\"text-align: center;\"><strong>Lorena Mart\u00ednez\u00a0<\/strong><strong> deja la Profeco<\/strong><\/p>\n<p>La titular de la Procuradur\u00eda Federal del Consumidor (Profeco), Lorena Mart\u00ednez, confirm\u00f3 que el pr\u00f3ximo 31 de diciembre dejar\u00e1 el cargo para buscar la candidatura al gobierno del estado de Aguascalientes.<\/p>\n<p>Dijo que tanto el presidente Enrique Pe\u00f1a Nieto como el titular de la Secretar\u00eda de Econom\u00eda (SE), Ildefonso Guajardo Villarreal, ya tienen conocimiento de su decisi\u00f3n de buscar el apoyo del Partido Revolucionario Institucional (PRI) para esa gubernatura.<\/p>\n<p>En conferencia de prensa, donde dio a conocer la plataforma de \u201cProfeco virtual\u201d, la funcionaria dio a conocer que a partir del pr\u00f3ximo mes iniciar\u00e1 las actividades correspondientes en el proceso interno del PRI para postularse a la candidatura y que de ser elegida, ser\u00eda en abril cuando inicie formalmente su campa\u00f1a.<\/p>\n<p>&nbsp;<\/p>\n","protected":false},"excerpt":{"rendered":"<p>La procuradora federal de Consumidor, Lorena Mart\u00ednez, inform\u00f3 que de acuerdo con los resultados anuales de las acciones emprendidas en los \u00faltimos tres a\u00f1os, se report\u00f3 un crecimiento de 300 por ciento en verificaciones relacionadas con el gas LP y la gasolina.<\/p>\n","protected":false},"author":3,"featured_media":247470,"comment_status":"open","ping_status":"open","sticky":false,"template":"","format":"standard","meta":{"_monsterinsights_skip_tracking":false,"_monsterinsights_sitenote_active":false,"_monsterinsights_sitenote_note":"","_monsterinsights_sitenote_category":0,"footnotes":""},"categories":[3],"tags":[26964,43673,778],"class_list":["post-247347","post","type-post","status-publish","format-standard","has-post-thumbnail","hentry","category-nacional","tag-ildefonso-guajardo-villarreal","tag-nacional","tag-secretaria-de-economia"],"_links":{"self":[{"href":"https:\/\/www.diarioimagen.net\/index.php?rest_route=\/wp\/v2\/posts\/247347","targetHints":{"allow":["GET"]}}],"collection":[{"href":"https:\/\/www.diarioimagen.net\/index.php?rest_route=\/wp\/v2\/posts"}],"about":[{"href":"https:\/\/www.diarioimagen.net\/index.php?rest_route=\/wp\/v2\/types\/post"}],"author":[{"embeddable":true,"href":"https:\/\/www.diarioimagen.net\/index.php?rest_route=\/wp\/v2\/users\/3"}],"replies":[{"embeddable":true,"href":"https:\/\/www.diarioimagen.net\/index.php?rest_route=%2Fwp%2Fv2%2Fcomments&post=247347"}],"version-history":[{"count":0,"href":"https:\/\/www.diarioimagen.net\/index.php?rest_route=\/wp\/v2\/posts\/247347\/revisions"}],"wp:featuredmedia":[{"embeddable":true,"href":"https:\/\/www.diarioimagen.net\/index.php?rest_route=\/wp\/v2\/media\/247470"}],"wp:attachment":[{"href":"https:\/\/www.diarioimagen.net\/index.php?rest_route=%2Fwp%2Fv2%2Fmedia&parent=247347"}],"wp:term":[{"taxonomy":"category","embeddable":true,"href":"https:\/\/www.diarioimagen.net\/index.php?rest_route=%2Fwp%2Fv2%2Fcategories&post=247347"},{"taxonomy":"post_tag","embeddable":true,"href":"https:\/\/www.diarioimagen.net\/index.php?rest_route=%2Fwp%2Fv2%2Ftags&post=247347"}],"curies":[{"name":"wp","href":"https:\/\/api.w.org\/{rel}","templated":true}]}}