{"id":247361,"date":"2015-12-15T00:03:34","date_gmt":"2015-12-15T06:03:34","guid":{"rendered":"http:\/\/www.diarioimagen.net\/?p=247361"},"modified":"2015-12-15T23:45:25","modified_gmt":"2015-12-16T05:45:25","slug":"para-el-nuevo-minisalario-se-escucho-a-todos-stps","status":"publish","type":"post","link":"https:\/\/www.diarioimagen.net\/?p=247361","title":{"rendered":"Para el nuevo minisalario se escuch\u00f3 a todos: STPS"},"content":{"rendered":"<ul>\n<li><strong><em>Aumento de 4.2% a partir de enero<\/em><\/strong><\/li>\n<\/ul>\n<p>&nbsp;<\/p>\n<div id=\"attachment_247467\" style=\"width: 430px\" class=\"wp-caption aligncenter\"><a href=\"http:\/\/www.diarioimagen.net\/?attachment_id=247467\" rel=\"attachment wp-att-247467\"><img loading=\"lazy\" decoding=\"async\" aria-describedby=\"caption-attachment-247467\" class=\"size-large wp-image-247467\" src=\"http:\/\/www.diarioimagen.net\/wp-content\/uploads\/2015\/12\/MINISALARIO-2762-420x236.jpg\" alt=\"El aumento al salario m\u00ednimo es superior al doble de la inflaci\u00f3n que va a tener en 2015, se\u00f1al\u00f3 Alfonso Navarrete Prida.\" width=\"420\" height=\"236\" srcset=\"https:\/\/www.diarioimagen.net\/wp-content\/uploads\/2015\/12\/MINISALARIO-2762-420x236.jpg 420w, https:\/\/www.diarioimagen.net\/wp-content\/uploads\/2015\/12\/MINISALARIO-2762-240x135.jpg 240w, https:\/\/www.diarioimagen.net\/wp-content\/uploads\/2015\/12\/MINISALARIO-2762-235x132.jpg 235w, https:\/\/www.diarioimagen.net\/wp-content\/uploads\/2015\/12\/MINISALARIO-2762-202x114.jpg 202w, https:\/\/www.diarioimagen.net\/wp-content\/uploads\/2015\/12\/MINISALARIO-2762-350x196.jpg 350w, https:\/\/www.diarioimagen.net\/wp-content\/uploads\/2015\/12\/MINISALARIO-2762-220x123.jpg 220w, https:\/\/www.diarioimagen.net\/wp-content\/uploads\/2015\/12\/MINISALARIO-2762-237x132.jpg 237w, https:\/\/www.diarioimagen.net\/wp-content\/uploads\/2015\/12\/MINISALARIO-2762.jpg 480w\" sizes=\"auto, (max-width: 420px) 100vw, 420px\" \/><\/a><p id=\"caption-attachment-247467\" class=\"wp-caption-text\">El aumento al salario m\u00ednimo es superior al doble de la inflaci\u00f3n que va a tener en 2015, se\u00f1al\u00f3 Alfonso Navarrete Prida.<\/p><\/div>\n<p>&nbsp;<\/p>\n<p>Alfonso Navarrete Prida, titular de la Secretar\u00eda del Trabajo y Previsi\u00f3n Social (STPS), asegur\u00f3 que en el proceso de fijaci\u00f3n del aumento al salario m\u00ednimo se escucharon todas las voces y se analizaron todas las propuestas.<\/p>\n<p>Entrevistado al t\u00e9rmino de la ceremonia de entrega del distintivo Empresa Agr\u00edcola Libre de Trabajo Infantil, afirm\u00f3 que la Comisi\u00f3n Nacional de Salarios M\u00ednimos (Conasami) \u201crecibi\u00f3 a todos los grupos, personas y opiniones que quisieron expresar su punto de vista con respecto al tema del salario\u201d.<\/p>\n<p>Record\u00f3 que es una obligaci\u00f3n constitucional de los factores de la producci\u00f3n representados en ese organismo tripartito, incluidos los argumentos presentados por el gobierno del Distrito Federal.<\/p>\n<p>El funcionario federal dijo que se grab\u00f3 toda la reuni\u00f3n y ofreci\u00f3 a los interesados poner a su disposici\u00f3n dicho contenido.<\/p>\n<p>Coment\u00f3 que en ese encuentro, el Consejo de Representantes de la Conasami expres\u00f3 a los funcionarios capitalinos la necesidad de entrar a la fase de definici\u00f3n, luego de escuchar a otras instancias como el Banco de M\u00e9xico, la Secretar\u00eda de Hacienda y de la propia STPS.<\/p>\n<p>Incluso, abund\u00f3, se analiz\u00f3 la opini\u00f3n del \u00f3rgano asesor creado en octubre de 2014, en el que participan instituciones como las universidades Nacional Aut\u00f3noma de M\u00e9xico (UNAM) y Aut\u00f3noma Metropolina (UAM), el Instituto Tecnol\u00f3gico Aut\u00f3nomo de M\u00e9xico (ITAM), y organismos como el INEGI y el Consejo Nacional para la Evaluaci\u00f3n de la Pol\u00edtica Social (Coneval).<\/p>\n<p>Navarrete Prida reiter\u00f3 que con base en todas las opiniones, se tom\u00f3 la decisi\u00f3n de aumentar 4.2 por ciento el salario m\u00ednimo para 2016.<\/p>\n<p>\u201cDicho aumento al salario es superior al doble de la inflaci\u00f3n que va a tener en 2015 el pa\u00eds, la cual no va a ser de 2.2, ya que oficialmente el Banco de M\u00e9xico la ubic\u00f3 en 2.0 o menos, y est\u00e1 por encima tambi\u00e9n de lo que la C\u00e1mara de Diputados estim\u00f3 de inflaci\u00f3n para 2016\u201d, sostuvo.<\/p>\n<p>Indic\u00f3 que la recuperaci\u00f3n del poder adquisitivo del salario m\u00ednimo en los \u00faltimos tres a\u00f1os es de 6.0 por ciento, sin inflaci\u00f3n, conservando la planta de empleo, sin rompimiento de di\u00e1logo social, con migraci\u00f3n a la formalidad de un mill\u00f3n 700 mil personas, aumento de la productividad de sectores de 1.6 por ciento, y cerrando zonas econ\u00f3micas a una sola.<\/p>\n<p>\u201cQuiero decir con toda claridad que no hay madruguete, se dio cita al gobierno capitalino en cuanto la solicitaron, por razones de agenda ajenas a la STPS y a la Conasami, no se dio la reuni\u00f3n directa con el jefe de gobierno, Miguel \u00c1ngel Mancera, pero s\u00ed se atendieron y recibieron sus propuestas\u201d, enfatiz\u00f3.<\/p>\n<p>Alfonso Navarrete dijo que aumentar el salario m\u00ednimo o los salarios no es cuesti\u00f3n de \u00e1nimos, pues se debe preguntar a los peque\u00f1os y medianos empresarios si podr\u00edan soportar un aumento por decreto a los salarios.<\/p>\n<p>&nbsp;<\/p>\n","protected":false},"excerpt":{"rendered":"<p>Alfonso Navarrete Prida, titular de la Secretar\u00eda del Trabajo y Previsi\u00f3n Social (STPS), asegur\u00f3 que en el proceso de fijaci\u00f3n del aumento al salario m\u00ednimo se escucharon todas las voces y se analizaron todas las propuestas.<\/p>\n","protected":false},"author":3,"featured_media":247467,"comment_status":"open","ping_status":"open","sticky":false,"template":"","format":"standard","meta":{"_monsterinsights_skip_tracking":false,"_monsterinsights_sitenote_active":false,"_monsterinsights_sitenote_note":"","_monsterinsights_sitenote_category":0,"footnotes":""},"categories":[3],"tags":[43673,16104],"class_list":["post-247361","post","type-post","status-publish","format-standard","has-post-thumbnail","hentry","category-nacional","tag-nacional","tag-salario-minimo"],"_links":{"self":[{"href":"https:\/\/www.diarioimagen.net\/index.php?rest_route=\/wp\/v2\/posts\/247361","targetHints":{"allow":["GET"]}}],"collection":[{"href":"https:\/\/www.diarioimagen.net\/index.php?rest_route=\/wp\/v2\/posts"}],"about":[{"href":"https:\/\/www.diarioimagen.net\/index.php?rest_route=\/wp\/v2\/types\/post"}],"author":[{"embeddable":true,"href":"https:\/\/www.diarioimagen.net\/index.php?rest_route=\/wp\/v2\/users\/3"}],"replies":[{"embeddable":true,"href":"https:\/\/www.diarioimagen.net\/index.php?rest_route=%2Fwp%2Fv2%2Fcomments&post=247361"}],"version-history":[{"count":0,"href":"https:\/\/www.diarioimagen.net\/index.php?rest_route=\/wp\/v2\/posts\/247361\/revisions"}],"wp:featuredmedia":[{"embeddable":true,"href":"https:\/\/www.diarioimagen.net\/index.php?rest_route=\/wp\/v2\/media\/247467"}],"wp:attachment":[{"href":"https:\/\/www.diarioimagen.net\/index.php?rest_route=%2Fwp%2Fv2%2Fmedia&parent=247361"}],"wp:term":[{"taxonomy":"category","embeddable":true,"href":"https:\/\/www.diarioimagen.net\/index.php?rest_route=%2Fwp%2Fv2%2Fcategories&post=247361"},{"taxonomy":"post_tag","embeddable":true,"href":"https:\/\/www.diarioimagen.net\/index.php?rest_route=%2Fwp%2Fv2%2Ftags&post=247361"}],"curies":[{"name":"wp","href":"https:\/\/api.w.org\/{rel}","templated":true}]}}