{"id":247371,"date":"2015-12-15T00:05:51","date_gmt":"2015-12-15T06:05:51","guid":{"rendered":"http:\/\/www.diarioimagen.net\/?p=247371"},"modified":"2015-12-15T03:35:21","modified_gmt":"2015-12-15T09:35:21","slug":"entregan-comedor-del-jardin-de-ninos-bertha-von-glumer","status":"publish","type":"post","link":"https:\/\/www.diarioimagen.net\/?p=247371","title":{"rendered":"Entregan comedor del jard\u00edn de ni\u00f1os Bertha Von Glumer"},"content":{"rendered":"<ul>\n<li><strong><em>En beneficio de ni\u00f1os de Cuautitl\u00e1n<\/em><\/strong><\/li>\n<\/ul>\n<p>&nbsp;<\/p>\n<div id=\"attachment_247450\" style=\"width: 430px\" class=\"wp-caption aligncenter\"><a href=\"http:\/\/www.diarioimagen.net\/?attachment_id=247450\" rel=\"attachment wp-att-247450\"><img loading=\"lazy\" decoding=\"async\" aria-describedby=\"caption-attachment-247450\" class=\"size-large wp-image-247450\" src=\"http:\/\/www.diarioimagen.net\/wp-content\/uploads\/2015\/12\/CUAUTITLAN-2762-420x236.jpg\" alt=\"Fue entregado el comedor escolar del jard\u00edn de ni\u00f1os Bertha Von Glumer, sito en el fraccionamiento Santa Elena.\" width=\"420\" height=\"236\" srcset=\"https:\/\/www.diarioimagen.net\/wp-content\/uploads\/2015\/12\/CUAUTITLAN-2762-420x236.jpg 420w, https:\/\/www.diarioimagen.net\/wp-content\/uploads\/2015\/12\/CUAUTITLAN-2762-240x135.jpg 240w, https:\/\/www.diarioimagen.net\/wp-content\/uploads\/2015\/12\/CUAUTITLAN-2762-235x132.jpg 235w, https:\/\/www.diarioimagen.net\/wp-content\/uploads\/2015\/12\/CUAUTITLAN-2762-202x114.jpg 202w, https:\/\/www.diarioimagen.net\/wp-content\/uploads\/2015\/12\/CUAUTITLAN-2762-350x196.jpg 350w, https:\/\/www.diarioimagen.net\/wp-content\/uploads\/2015\/12\/CUAUTITLAN-2762-220x123.jpg 220w, https:\/\/www.diarioimagen.net\/wp-content\/uploads\/2015\/12\/CUAUTITLAN-2762-237x132.jpg 237w, https:\/\/www.diarioimagen.net\/wp-content\/uploads\/2015\/12\/CUAUTITLAN-2762.jpg 480w\" sizes=\"auto, (max-width: 420px) 100vw, 420px\" \/><\/a><p id=\"caption-attachment-247450\" class=\"wp-caption-text\">Fue entregado el comedor escolar del jard\u00edn de ni\u00f1os Bertha Von Glumer, sito en el fraccionamiento Santa Elena.<\/p><\/div>\n<p>&nbsp;<\/p>\n<p><strong>Cuatitl\u00e1n, Estado de M\u00e9xico<\/strong>.- Beneficiando a toda la comunidad estudiantil y con inversi\u00f3n de $872,\u00ad001.42, una excavaci\u00f3n por medios manuales y una construcci\u00f3n de cimentaci\u00f3n con acero, se realiz\u00f3 la entrega de la construcci\u00f3n del comedor del jard\u00edn de ni\u00f1os Bertha Von Glumer, ubicado en el fraccionamiento Santa Elena.<\/p>\n<p>Ante la presencia del alcalde Carlos Ruiz Dom\u00ednguez, de regidores del H. Ayuntamiento; Armando Dorantes Paz, director de Educaci\u00f3n; Jorge Quintanar Maldonado, titular de Obras P\u00fablicas; Mar\u00eda Erlinda N\u00e1jera Miramontes, directora del jard\u00edn de ni\u00f1os y alumnos, se llev\u00f3 a cabo tan prestigioso acto.<\/p>\n<p>Esta es una obra que beneficia a la comunidad escolar, se reconoce el apoyo por parte de los gobiernos federal, estatal y municipal, que sin ellos estas obras no ser\u00edan posibles, resalt\u00f3 en su mensaje N\u00e1jera Miramontes.<\/p>\n<p>La escuela es un espacio que edifica y forja a los estudiantes para ser hombres y mujeres de bien, pues el edil Carlos Ruiz Dom\u00ednguez es un hombre cuya vocaci\u00f3n es servir a la poblaci\u00f3n y aunque esta administraci\u00f3n concluye, se seguir\u00e1 trabajando en beneficio de todos.<\/p>\n<p>Prueba de ello es que realizamos la entrega formal de un aula que ser\u00e1 de provecho para los alumnos de esta instituci\u00f3n.<\/p>\n<p>Uno de los objetivos de un comedor comunitario es la responsabilidad de seleccionar, adquirir, transformar y proporcionar los alimentos que re\u00fanan las condiciones adecuadas para la alimentaci\u00f3n infantil y as\u00ed tener un adecuado desempe\u00f1o dentro de las aulas-<\/p>\n<p>Posteriormente, se hizo el tradicional corte de list\u00f3n por parte de los presentes, inaugurando as\u00ed el comedor escolar, dejando en claro que \u00e9ste es un gobierno que se preocupa y trabaja de la mano de la educaci\u00f3n.<\/p>\n<p>&nbsp;<\/p>\n","protected":false},"excerpt":{"rendered":"<p>Beneficiando a toda la comunidad estudiantil y con inversi\u00f3n de $872,\u00ad001.42, una excavaci\u00f3n por medios manuales y una construcci\u00f3n de cimentaci\u00f3n con acero, se realiz\u00f3 la entrega de la construcci\u00f3n del comedor del jard\u00edn de ni\u00f1os Bertha Von Glumer, ubicado en el fraccionamiento Santa Elena.<\/p>\n","protected":false},"author":3,"featured_media":247450,"comment_status":"open","ping_status":"open","sticky":false,"template":"","format":"standard","meta":{"_monsterinsights_skip_tracking":false,"_monsterinsights_sitenote_active":false,"_monsterinsights_sitenote_note":"","_monsterinsights_sitenote_category":0,"footnotes":""},"categories":[35155],"tags":[43561,43675],"class_list":["post-247371","post","type-post","status-publish","format-standard","has-post-thumbnail","hentry","category-estado-de-mexico-estado-de-mexico","tag-carlos-ruiz-dominguez","tag-estado-de-mexico"],"_links":{"self":[{"href":"https:\/\/www.diarioimagen.net\/index.php?rest_route=\/wp\/v2\/posts\/247371","targetHints":{"allow":["GET"]}}],"collection":[{"href":"https:\/\/www.diarioimagen.net\/index.php?rest_route=\/wp\/v2\/posts"}],"about":[{"href":"https:\/\/www.diarioimagen.net\/index.php?rest_route=\/wp\/v2\/types\/post"}],"author":[{"embeddable":true,"href":"https:\/\/www.diarioimagen.net\/index.php?rest_route=\/wp\/v2\/users\/3"}],"replies":[{"embeddable":true,"href":"https:\/\/www.diarioimagen.net\/index.php?rest_route=%2Fwp%2Fv2%2Fcomments&post=247371"}],"version-history":[{"count":0,"href":"https:\/\/www.diarioimagen.net\/index.php?rest_route=\/wp\/v2\/posts\/247371\/revisions"}],"wp:featuredmedia":[{"embeddable":true,"href":"https:\/\/www.diarioimagen.net\/index.php?rest_route=\/wp\/v2\/media\/247450"}],"wp:attachment":[{"href":"https:\/\/www.diarioimagen.net\/index.php?rest_route=%2Fwp%2Fv2%2Fmedia&parent=247371"}],"wp:term":[{"taxonomy":"category","embeddable":true,"href":"https:\/\/www.diarioimagen.net\/index.php?rest_route=%2Fwp%2Fv2%2Fcategories&post=247371"},{"taxonomy":"post_tag","embeddable":true,"href":"https:\/\/www.diarioimagen.net\/index.php?rest_route=%2Fwp%2Fv2%2Ftags&post=247371"}],"curies":[{"name":"wp","href":"https:\/\/api.w.org\/{rel}","templated":true}]}}