{"id":247505,"date":"2015-12-16T00:09:31","date_gmt":"2015-12-16T06:09:31","guid":{"rendered":"http:\/\/www.diarioimagen.net\/?p=247505"},"modified":"2015-12-16T00:26:59","modified_gmt":"2015-12-16T06:26:59","slug":"este-jueves-cesaran-transmisiones-analogicas-en-zona-centro","status":"publish","type":"post","link":"https:\/\/www.diarioimagen.net\/?p=247505","title":{"rendered":"Cesan transmisiones anal\u00f3gicas en el centro del pa\u00eds"},"content":{"rendered":"<ul>\n<li><strong><em>Ma\u00f1ana, apag\u00f3n en seis entidades<\/em><\/strong><\/li>\n<\/ul>\n<p>&nbsp;<\/p>\n<div id=\"attachment_247506\" style=\"width: 430px\" class=\"wp-caption aligncenter\"><a href=\"http:\/\/www.diarioimagen.net\/?attachment_id=247506\" rel=\"attachment wp-att-247506\"><img loading=\"lazy\" decoding=\"async\" aria-describedby=\"caption-attachment-247506\" class=\"wp-image-247506 size-large\" src=\"http:\/\/www.diarioimagen.net\/wp-content\/uploads\/2015\/12\/APAGON-portal-1-420x245.jpg\" alt=\"Este jueves se aplicar\u00e1 el apag\u00f3n anal\u00f3gico en zonas de 6 entidades, incluido el Distrito Federal y el Estado de M\u00e9xico.\" width=\"420\" height=\"245\" srcset=\"https:\/\/www.diarioimagen.net\/wp-content\/uploads\/2015\/12\/APAGON-portal-1-420x245.jpg 420w, https:\/\/www.diarioimagen.net\/wp-content\/uploads\/2015\/12\/APAGON-portal-1-240x140.jpg 240w, https:\/\/www.diarioimagen.net\/wp-content\/uploads\/2015\/12\/APAGON-portal-1.jpg 480w\" sizes=\"auto, (max-width: 420px) 100vw, 420px\" \/><\/a><p id=\"caption-attachment-247506\" class=\"wp-caption-text\">Ma\u00f1ana jueves se aplicar\u00e1 el apag\u00f3n anal\u00f3gico en zonas de 6 entidades, incluido el Distrito Federal y el Estado de M\u00e9xico.<\/p><\/div>\n<p>&nbsp;<\/p>\n<p>Concluir\u00e1n sus transmisiones anal\u00f3gicas ma\u00f1ana 28 estaciones de televisi\u00f3n de algunos estados de la zona centro del pa\u00eds, como M\u00e9xico, Hidalgo, Tlaxcala, Puebla y el Distrito Federal, as\u00ed como ciudades de Sonora.<\/p>\n<p>El Instituto Federal de Telecomunicaciones (Ifetel) precisa que el 17 de diciembre, a las 00:00 horas, en Caborca y Agua Prieta, en Sonora, as\u00ed como en el Distrito Federal y en los estados de M\u00e9xico, Hidalgo, Tlaxcala y Puebla, se aplicar\u00e1 el apag\u00f3n anal\u00f3gico.<\/p>\n<p>El organismo regulador expuso que el cese de esas transmisiones se determin\u00f3 toda vez que la Secretar\u00eda de Comunicaciones y Transportes (SCT) inform\u00f3 que el nivel de penetraci\u00f3n de receptores digitales es de cuando menos 90 por ciento de los hogares de escasos recursos definidos por la Secretar\u00eda de Desarrollo Social (Sedesol).<\/p>\n<p>En caso de no contar con un televisor digital, se necesita un decodificador para conectar a un televisor anal\u00f3gico o una antena apta para recibir se\u00f1ales en las bandas VHF\/UHF.<\/p>\n<p>En estos casos es necesario resintonizar el televisor digital o decodificador para ver los canales digitales disponibles en la localidad.<\/p>\n<p>La tabla con la lista de estaciones y porcentajes de penetraci\u00f3n de televisores entregados se puede consultar en el portal www.ift.org.mx.<\/p>\n<p>Asimismo, los permisionarios deben informar a la poblaci\u00f3n sobre la fecha y hora determinada para la terminaci\u00f3n de transmisiones anal\u00f3gicas, conforme a lo dispuesto en los art\u00edculos 15 y 16 de la Pol\u00edtica TDT.<\/p>\n<p>De igual forma, es necesario resintonizar el televisor digital o decodificador para ver los canales digitales disponibles en la localidad, en tanto que para resolver las dudas de la poblaci\u00f3n, el Ifetel cuenta con el portal www.tdt.mx y un centro de atenci\u00f3n telef\u00f3nica con el n\u00famero 01-800880-2424.<\/p>\n<p>La transici\u00f3n a la Televisi\u00f3n Digital Terrestre genera beneficios gratuitos a la audiencia, tales como una mayor oferta de canales, algunos en alta definici\u00f3n, as\u00ed como una mejor calidad de audio e imagen, entre otros.<\/p>\n<p style=\"text-align: center;\"><strong>Para fin de mes, el resto de estaciones<\/strong><\/p>\n<p>El lunes, el pleno del Ifetel resolvi\u00f3 determinar el cese de las transmisiones anal\u00f3gicas y llevar a cabo la transici\u00f3n a la Televisi\u00f3n Digital Terrestre (TDT) a las 00:00 horas del pr\u00f3ximo 31 de diciembre en otras 99 estaciones de diferentes localidades del pa\u00eds.<\/p>\n<p>El Ifetel se\u00f1al\u00f3 que el apag\u00f3n anal\u00f3gico se realizar\u00e1 en m\u00e1s ciudades de Aguascalientes, Baja California Sur, Chihuahua, Guerrero, Hidalgo, Jalisco, Estado de M\u00e9xico, Nayarit, Quintana Roo, San Luis Potos\u00ed, Sinaloa, Sonora y Veracruz.<\/p>\n<p>El cese de la transmisi\u00f3n de las se\u00f1ales se determin\u00f3 toda vez que la Secretar\u00eda de Comunicaciones y Transportes (SCT) inform\u00f3 al Instituto que se alcanz\u00f3 un nivel de penetraci\u00f3n de receptores digitales de al menos 90 por ciento de los hogares de escasos recursos, definidos por la Secretar\u00eda de Desarrollo Social.<\/p>\n","protected":false},"excerpt":{"rendered":"<p>Concluir\u00e1n sus transmisiones anal\u00f3gicas ma\u00f1ana 28 estaciones de televisi\u00f3n de algunos estados de la zona centro del pa\u00eds, como M\u00e9xico, Hidalgo, Tlaxcala, Puebla y el Distrito Federal, as\u00ed como ciudades de Sonora.<\/p>\n","protected":false},"author":5,"featured_media":247506,"comment_status":"open","ping_status":"open","sticky":false,"template":"","format":"standard","meta":{"_monsterinsights_skip_tracking":false,"_monsterinsights_sitenote_active":false,"_monsterinsights_sitenote_note":"","_monsterinsights_sitenote_category":0,"footnotes":""},"categories":[3],"tags":[43675,42,43673,46,347,49,51],"class_list":["post-247505","post","type-post","status-publish","format-standard","has-post-thumbnail","hentry","category-nacional","tag-estado-de-mexico","tag-hidalgo","tag-nacional","tag-puebla","tag-sct","tag-sonora","tag-tlaxcala"],"_links":{"self":[{"href":"https:\/\/www.diarioimagen.net\/index.php?rest_route=\/wp\/v2\/posts\/247505","targetHints":{"allow":["GET"]}}],"collection":[{"href":"https:\/\/www.diarioimagen.net\/index.php?rest_route=\/wp\/v2\/posts"}],"about":[{"href":"https:\/\/www.diarioimagen.net\/index.php?rest_route=\/wp\/v2\/types\/post"}],"author":[{"embeddable":true,"href":"https:\/\/www.diarioimagen.net\/index.php?rest_route=\/wp\/v2\/users\/5"}],"replies":[{"embeddable":true,"href":"https:\/\/www.diarioimagen.net\/index.php?rest_route=%2Fwp%2Fv2%2Fcomments&post=247505"}],"version-history":[{"count":0,"href":"https:\/\/www.diarioimagen.net\/index.php?rest_route=\/wp\/v2\/posts\/247505\/revisions"}],"wp:featuredmedia":[{"embeddable":true,"href":"https:\/\/www.diarioimagen.net\/index.php?rest_route=\/wp\/v2\/media\/247506"}],"wp:attachment":[{"href":"https:\/\/www.diarioimagen.net\/index.php?rest_route=%2Fwp%2Fv2%2Fmedia&parent=247505"}],"wp:term":[{"taxonomy":"category","embeddable":true,"href":"https:\/\/www.diarioimagen.net\/index.php?rest_route=%2Fwp%2Fv2%2Fcategories&post=247505"},{"taxonomy":"post_tag","embeddable":true,"href":"https:\/\/www.diarioimagen.net\/index.php?rest_route=%2Fwp%2Fv2%2Ftags&post=247505"}],"curies":[{"name":"wp","href":"https:\/\/api.w.org\/{rel}","templated":true}]}}