{"id":247562,"date":"2015-12-16T00:13:43","date_gmt":"2015-12-16T06:13:43","guid":{"rendered":"http:\/\/www.diarioimagen.net\/?p=247562"},"modified":"2015-12-16T06:18:19","modified_gmt":"2015-12-16T12:18:19","slug":"impulso-al-combate-a-la-pobreza","status":"publish","type":"post","link":"https:\/\/www.diarioimagen.net\/?p=247562","title":{"rendered":"Impulso al combate a la pobreza"},"content":{"rendered":"<h2>Arco Norte<\/h2>\n<h5>Jos\u00e9 Luis Monta\u00f1ez Aguilar<\/h5>\n<p>&nbsp;<\/p>\n<div id=\"attachment_247634\" style=\"width: 430px\" class=\"wp-caption aligncenter\"><a href=\"http:\/\/www.diarioimagen.net\/?attachment_id=247634\" rel=\"attachment wp-att-247634\"><img loading=\"lazy\" decoding=\"async\" aria-describedby=\"caption-attachment-247634\" class=\"size-large wp-image-247634\" src=\"http:\/\/www.diarioimagen.net\/wp-content\/uploads\/2015\/12\/arco-2763-420x236.jpg\" alt=\"Eruviel \u00c1vila - Firmando convenio de colaboraci\u00f3n por un Edom\u00e9x sin pobreza.\" width=\"420\" height=\"236\" srcset=\"https:\/\/www.diarioimagen.net\/wp-content\/uploads\/2015\/12\/arco-2763-420x236.jpg 420w, https:\/\/www.diarioimagen.net\/wp-content\/uploads\/2015\/12\/arco-2763-240x135.jpg 240w, https:\/\/www.diarioimagen.net\/wp-content\/uploads\/2015\/12\/arco-2763-235x132.jpg 235w, https:\/\/www.diarioimagen.net\/wp-content\/uploads\/2015\/12\/arco-2763-202x114.jpg 202w, https:\/\/www.diarioimagen.net\/wp-content\/uploads\/2015\/12\/arco-2763-350x196.jpg 350w, https:\/\/www.diarioimagen.net\/wp-content\/uploads\/2015\/12\/arco-2763-220x123.jpg 220w, https:\/\/www.diarioimagen.net\/wp-content\/uploads\/2015\/12\/arco-2763-237x132.jpg 237w, https:\/\/www.diarioimagen.net\/wp-content\/uploads\/2015\/12\/arco-2763.jpg 480w\" sizes=\"auto, (max-width: 420px) 100vw, 420px\" \/><\/a><p id=\"caption-attachment-247634\" class=\"wp-caption-text\">Eruviel \u00c1vila &#8211; Firmando convenio de colaboraci\u00f3n por un Edom\u00e9x sin pobreza.<\/p><\/div>\n<p>&nbsp;<\/p>\n<p>El gobernador del Estado de M\u00e9xico, Eruviel \u00c1vila Villegas, y el secretario de Desarrollo Social, Jos\u00e9 Antonio Meade, firmaron el convenio \u201cPor un Estado de M\u00e9xico sin pobreza\u201d, para apoyar a los sectores m\u00e1s vulnerables en educaci\u00f3n, salud, vivienda y servicios.<\/p>\n<p>Destacaron la importancia del trabajo coordinado para el combate a la pobreza y la atenci\u00f3n a los sectores m\u00e1s vulnerables, adem\u00e1s de prever la inversi\u00f3n de m\u00e1s de 15 mil millones de pesos para Edomex.<\/p>\n<p>Luego de la entrega de apoyos a comedores comunitarios en el deportivo Solidaridad del municipio de Chalco, del fondo de estructura social, empleo temporal y del programa estatal \u201cMujeres que logran en grande\u201d, Meade Kuribre\u00f1a coment\u00f3 que ese acuerdo se ha suscrito con nueve entidades federativas y se espera que en el primer trimestre de 2016 se sumen las dem\u00e1s.<\/p>\n<p>Meade Kuribre\u00f1a a\u00f1adi\u00f3 que la Secretar\u00eda de Desarrollo Social (Sedesol) destinar\u00e1 15 mil millones de pesos para diferentes programas en 2016. El gobernador \u00c1vila Villegas refiri\u00f3, a su vez, que su gobierno destinar\u00e1 de manera adicional 3 mil 670 millones de pesos que se sumar\u00e1n a la inversi\u00f3n de la federaci\u00f3n para diferentes programas sociales en materias de salud, educaci\u00f3n, servicios y vivienda, entre otros.<\/p>\n<p>El mandatario estatal felicit\u00f3 adem\u00e1s al Consejo Nacional de Evaluaci\u00f3n de la Pol\u00edtica de Desarrollo Social (Coneval) por 10 a\u00f1os de trabajo y celebr\u00f3 el apoyo del gobierno federal para reducir la pobreza. Con la puesta en marcha del convenio se beneficiar\u00e1 con recursos principalmente a 34 municipios mexiquenses y zonas prioritarias a partir del primer semestre de 2016.<\/p>\n<p><em><a href=\"mailto:montanezaguilar@gmail.com\" target=\"_blank\">montanezaguilar@gmail.com<\/a><\/em><\/p>\n","protected":false},"excerpt":{"rendered":"<p><span style=\"color: #005497;\">Jos\u00e9 Luis Monta\u00f1ez Aguilar<\/span><br \/>\n<br \/>\nEl gobernador del Estado de M\u00e9xico, Eruviel \u00c1vila Villegas, y el secretario de Desarrollo Social, Jos\u00e9 Antonio Meade, firmaron el convenio \u201cPor un Estado de M\u00e9xico sin pobreza\u201d, para apoyar a los sectores m\u00e1s vulnerables en educaci\u00f3n, salud, vivienda y servicios.<\/p>\n","protected":false},"author":3,"featured_media":247634,"comment_status":"open","ping_status":"open","sticky":false,"template":"","format":"standard","meta":{"_monsterinsights_skip_tracking":false,"_monsterinsights_sitenote_active":false,"_monsterinsights_sitenote_note":"","_monsterinsights_sitenote_category":0,"footnotes":""},"categories":[5],"tags":[13284,43704,43674],"class_list":["post-247562","post","type-post","status-publish","format-standard","has-post-thumbnail","hentry","category-estado-de-mexico","tag-arco-norte","tag-jose-luis-montanez-aguilar","tag-opinion"],"_links":{"self":[{"href":"https:\/\/www.diarioimagen.net\/index.php?rest_route=\/wp\/v2\/posts\/247562","targetHints":{"allow":["GET"]}}],"collection":[{"href":"https:\/\/www.diarioimagen.net\/index.php?rest_route=\/wp\/v2\/posts"}],"about":[{"href":"https:\/\/www.diarioimagen.net\/index.php?rest_route=\/wp\/v2\/types\/post"}],"author":[{"embeddable":true,"href":"https:\/\/www.diarioimagen.net\/index.php?rest_route=\/wp\/v2\/users\/3"}],"replies":[{"embeddable":true,"href":"https:\/\/www.diarioimagen.net\/index.php?rest_route=%2Fwp%2Fv2%2Fcomments&post=247562"}],"version-history":[{"count":0,"href":"https:\/\/www.diarioimagen.net\/index.php?rest_route=\/wp\/v2\/posts\/247562\/revisions"}],"wp:featuredmedia":[{"embeddable":true,"href":"https:\/\/www.diarioimagen.net\/index.php?rest_route=\/wp\/v2\/media\/247634"}],"wp:attachment":[{"href":"https:\/\/www.diarioimagen.net\/index.php?rest_route=%2Fwp%2Fv2%2Fmedia&parent=247562"}],"wp:term":[{"taxonomy":"category","embeddable":true,"href":"https:\/\/www.diarioimagen.net\/index.php?rest_route=%2Fwp%2Fv2%2Fcategories&post=247562"},{"taxonomy":"post_tag","embeddable":true,"href":"https:\/\/www.diarioimagen.net\/index.php?rest_route=%2Fwp%2Fv2%2Ftags&post=247562"}],"curies":[{"name":"wp","href":"https:\/\/api.w.org\/{rel}","templated":true}]}}