{"id":247566,"date":"2015-12-16T00:09:31","date_gmt":"2015-12-16T06:09:31","guid":{"rendered":"http:\/\/www.diarioimagen.net\/?p=247566"},"modified":"2015-12-16T06:22:44","modified_gmt":"2015-12-16T12:22:44","slug":"eruviel-avila-destaca-clima-de-paz-y-pluralidad","status":"publish","type":"post","link":"https:\/\/www.diarioimagen.net\/?p=247566","title":{"rendered":"Eruviel \u00c1vila destaca clima de paz y pluralidad"},"content":{"rendered":"<ul>\n<li><strong><em>Luego de las tomas de protesta de nuevos alcaldes<\/em><\/strong><\/li>\n<\/ul>\n<p>&nbsp;<\/p>\n<div id=\"attachment_247639\" style=\"width: 250px\" class=\"wp-caption alignleft\"><a href=\"http:\/\/www.diarioimagen.net\/?attachment_id=247639\" rel=\"attachment wp-att-247639\"><img loading=\"lazy\" decoding=\"async\" aria-describedby=\"caption-attachment-247639\" class=\"size-medium wp-image-247639\" src=\"http:\/\/www.diarioimagen.net\/wp-content\/uploads\/2015\/12\/eruviel-2763-240x135.jpg\" alt=\"El gobernador Eruviel \u00c1vila Villegas.\" width=\"240\" height=\"135\" srcset=\"https:\/\/www.diarioimagen.net\/wp-content\/uploads\/2015\/12\/eruviel-2763-240x135.jpg 240w, https:\/\/www.diarioimagen.net\/wp-content\/uploads\/2015\/12\/eruviel-2763-420x236.jpg 420w, https:\/\/www.diarioimagen.net\/wp-content\/uploads\/2015\/12\/eruviel-2763-235x132.jpg 235w, https:\/\/www.diarioimagen.net\/wp-content\/uploads\/2015\/12\/eruviel-2763-202x114.jpg 202w, https:\/\/www.diarioimagen.net\/wp-content\/uploads\/2015\/12\/eruviel-2763-350x196.jpg 350w, https:\/\/www.diarioimagen.net\/wp-content\/uploads\/2015\/12\/eruviel-2763-220x123.jpg 220w, https:\/\/www.diarioimagen.net\/wp-content\/uploads\/2015\/12\/eruviel-2763-237x132.jpg 237w, https:\/\/www.diarioimagen.net\/wp-content\/uploads\/2015\/12\/eruviel-2763.jpg 480w\" sizes=\"auto, (max-width: 240px) 100vw, 240px\" \/><\/a><p id=\"caption-attachment-247639\" class=\"wp-caption-text\">El gobernador Eruviel \u00c1vila Villegas.<\/p><\/div>\n<p>El gobernador\u00a0Eruviel \u00c1vila Villegas\u00a0destac\u00f3 el clima de paz y pluralidad que se vive en el\u00a0Estado de M\u00e9xico, luego de las\u00a0tomas de protesta\u00a0de los nuevos presidentes municipales, que transcurrieron con tranquilidad, lo cual, dijo, es reflejo de una sociedad madura, que sabe que hay tiempos para competir y muchos m\u00e1s para trabajar, para la unidad y la coordinaci\u00f3n en beneficio de los mexiquenses.<\/p>\n<p>Mencion\u00f3 que as\u00ed lo constat\u00f3 personalmente al acudir a las tomas de protesta de los presidentes municipales de Texcoco,\u00a0Higinio Mart\u00ednez, del\u00a0Movimiento de Regeneraci\u00f3n Nacional; de\u00a0Nezahualc\u00f3yotl,\u00a0Juan Hugo, del\u00a0Partido de la Revoluci\u00f3n Democr\u00e1tica;\u00a0de Amecameca,\u00a0Carlos Avelar, de\u00a0Encuentro Social; de San Antonio La Isla,\u00a0Francisco Estrada, del\u00a0Partido Acci\u00f3n Nacional, y de\u00a0Tejupilco, Lino Garc\u00eda, del\u00a0Partido Revolucionario Institucional.<\/p>\n<p>Adem\u00e1s, el titular del Ejecutivo estatal acudi\u00f3 con los alcaldes emanados de la coali\u00adci\u00f3n\u00a0Partido Revolucionario Institucional-Partido Verde Ecologista-Nueva Alianza:\u00a0Julio Becerril, de\u00a0Ixtapan de la Sal;\u00a0Indalecio R\u00edos, de Ecatepec;\u00a0Fernando Zamora, de\u00a0Toluca; Aar\u00f3n Urbina, de\u00a0Tec\u00e1mac, y\u00a0V\u00edctor Estrada, de\u00a0Cuautitl\u00e1n Izcalli.<\/p>\n<p>En estos actos, Eruviel \u00c1vila dijo que qued\u00f3 de manifiesto la voluntad para realizar acciones coordinadas en beneficio de la gente, sin importar el color o las preferencias pol\u00edticas, constatando un \u00e1nimo de trabajo en equipo para concretar proyectos en materia de seguridad p\u00fablica, vialidad, transporte, agua potable, educaci\u00f3n, entre otros rubros. Por ello, reiter\u00f3 la disposici\u00f3n del gobierno estatal de trabajar de manera coordinada con las administraciones que entrar\u00e1n en funciones a partir del pr\u00f3ximo 1 de enero, para que le vaya bien a los municipios y a la entidad.<\/p>\n","protected":false},"excerpt":{"rendered":"<p>El gobernador Eruviel \u00c1vila Villegas destac\u00f3 el clima de paz y pluralidad que se vive en el Estado de M\u00e9xico, luego de las tomas de protesta de los nuevos presidentes municipales, que transcurrieron con tranquilidad, lo cual, dijo, es reflejo de una sociedad madura, que sabe que hay tiempos para competir y muchos m\u00e1s para trabajar, para la unidad y la coordinaci\u00f3n en beneficio de los mexiquenses.<\/p>\n","protected":false},"author":3,"featured_media":247639,"comment_status":"open","ping_status":"open","sticky":false,"template":"","format":"standard","meta":{"_monsterinsights_skip_tracking":false,"_monsterinsights_sitenote_active":false,"_monsterinsights_sitenote_note":"","_monsterinsights_sitenote_category":0,"footnotes":""},"categories":[5],"tags":[5828,4470],"class_list":["post-247566","post","type-post","status-publish","format-standard","has-post-thumbnail","hentry","category-estado-de-mexico","tag-eruviel-avila-villegas","tag-paz"],"_links":{"self":[{"href":"https:\/\/www.diarioimagen.net\/index.php?rest_route=\/wp\/v2\/posts\/247566","targetHints":{"allow":["GET"]}}],"collection":[{"href":"https:\/\/www.diarioimagen.net\/index.php?rest_route=\/wp\/v2\/posts"}],"about":[{"href":"https:\/\/www.diarioimagen.net\/index.php?rest_route=\/wp\/v2\/types\/post"}],"author":[{"embeddable":true,"href":"https:\/\/www.diarioimagen.net\/index.php?rest_route=\/wp\/v2\/users\/3"}],"replies":[{"embeddable":true,"href":"https:\/\/www.diarioimagen.net\/index.php?rest_route=%2Fwp%2Fv2%2Fcomments&post=247566"}],"version-history":[{"count":0,"href":"https:\/\/www.diarioimagen.net\/index.php?rest_route=\/wp\/v2\/posts\/247566\/revisions"}],"wp:featuredmedia":[{"embeddable":true,"href":"https:\/\/www.diarioimagen.net\/index.php?rest_route=\/wp\/v2\/media\/247639"}],"wp:attachment":[{"href":"https:\/\/www.diarioimagen.net\/index.php?rest_route=%2Fwp%2Fv2%2Fmedia&parent=247566"}],"wp:term":[{"taxonomy":"category","embeddable":true,"href":"https:\/\/www.diarioimagen.net\/index.php?rest_route=%2Fwp%2Fv2%2Fcategories&post=247566"},{"taxonomy":"post_tag","embeddable":true,"href":"https:\/\/www.diarioimagen.net\/index.php?rest_route=%2Fwp%2Fv2%2Ftags&post=247566"}],"curies":[{"name":"wp","href":"https:\/\/api.w.org\/{rel}","templated":true}]}}