{"id":247580,"date":"2015-12-16T00:08:38","date_gmt":"2015-12-16T06:08:38","guid":{"rendered":"http:\/\/www.diarioimagen.net\/?p=247580"},"modified":"2015-12-17T00:00:21","modified_gmt":"2015-12-17T06:00:21","slug":"esperan-a-un-millon-en-misa-del-papa-en-ecatepec","status":"publish","type":"post","link":"https:\/\/www.diarioimagen.net\/?p=247580","title":{"rendered":"Esperan a un mill\u00f3n en  misa del Papa en Ecatepec"},"content":{"rendered":"<ul>\n<li><strong><em>Garantiza el GEM condiciones de seguridad durante visita de Francisco<\/em><\/strong><\/li>\n<\/ul>\n<h6>Jos\u00e9 Luis Monta\u00f1ez<\/h6>\n<p>&nbsp;<\/p>\n<div id=\"attachment_247657\" style=\"width: 430px\" class=\"wp-caption aligncenter\"><a href=\"http:\/\/www.diarioimagen.net\/?attachment_id=247657\" rel=\"attachment wp-att-247657\"><img loading=\"lazy\" decoding=\"async\" aria-describedby=\"caption-attachment-247657\" class=\"size-large wp-image-247657\" src=\"http:\/\/www.diarioimagen.net\/wp-content\/uploads\/2015\/12\/EL-PAPA-2763-420x236.jpg\" alt=\"A la misa multitu\u00addinaria del papa Fran\u00adcisco en Ecatepec, se espera que asistan alrededor de un mill\u00f3n de personas.\" width=\"420\" height=\"236\" srcset=\"https:\/\/www.diarioimagen.net\/wp-content\/uploads\/2015\/12\/EL-PAPA-2763-420x236.jpg 420w, https:\/\/www.diarioimagen.net\/wp-content\/uploads\/2015\/12\/EL-PAPA-2763-240x135.jpg 240w, https:\/\/www.diarioimagen.net\/wp-content\/uploads\/2015\/12\/EL-PAPA-2763-235x132.jpg 235w, https:\/\/www.diarioimagen.net\/wp-content\/uploads\/2015\/12\/EL-PAPA-2763-202x114.jpg 202w, https:\/\/www.diarioimagen.net\/wp-content\/uploads\/2015\/12\/EL-PAPA-2763-350x196.jpg 350w, https:\/\/www.diarioimagen.net\/wp-content\/uploads\/2015\/12\/EL-PAPA-2763-220x123.jpg 220w, https:\/\/www.diarioimagen.net\/wp-content\/uploads\/2015\/12\/EL-PAPA-2763-237x132.jpg 237w, https:\/\/www.diarioimagen.net\/wp-content\/uploads\/2015\/12\/EL-PAPA-2763.jpg 480w\" sizes=\"auto, (max-width: 420px) 100vw, 420px\" \/><\/a><p id=\"caption-attachment-247657\" class=\"wp-caption-text\">A la misa multitu\u00addinaria del papa Fran\u00adcisco en Ecatepec, se espera que asistan alrededor de un mill\u00f3n de personas.<\/p><\/div>\n<p>&nbsp;<\/p>\n<p>La vista del papa Francisco a Ecatepec en febrero del pr\u00f3ximo a\u00f1o puso a trabajar a las autoridades del Estado de M\u00e9xico, ya que con el apoyo de las autoridades federales y municipales se realizan trabajos de la ruta para la ceremonia religiosa que se realizar\u00e1 en Ecatepec.<\/p>\n<p>El evento se tiene previsto para el domingo 14 de febrero en los terrenos ubicados cerca de la\u00a0Unidad de Estudios Superiores de Ecatepec en Las Am\u00e9ricas.<\/p>\n<p>El gobernador Eruviel \u00c1vila Villegas inform\u00f3 que se tiene previsto que Su Santidad realice un recorrido de 10 kil\u00f3metros desde el lugar de su arribo hasta el sitio de la celebraci\u00f3n lit\u00fargica, donde se espera que asistan alrededor de un mill\u00f3n de personas.<\/p>\n<p>\u201cEl Estado de M\u00e9xico con el apoyo del gobierno federal y de los municipios, estamos ya trazando, haciendo una ruta log\u00edstica, haciendo el minuto a minuto para que la gente que asista, mexiquenses o no mexiquenses, a esta ceremonia, tengan la tranquilidad de estar en paz y en armon\u00eda\u201d, se\u00f1al\u00f3.<\/p>\n<p>\u00c1vila Villegas expres\u00f3 que la administraci\u00f3n estatal apoyar\u00e1 a la Iglesia cat\u00f3lica, especialmente a la Di\u00f3cesis de Ecatepec, para que las personas que acudan, cuenten con las condiciones de seguridad y protecci\u00f3n civil necesarias.<\/p>\n<p style=\"text-align: center;\"><strong>Apretada agenda pastoral<\/strong><\/p>\n<p>El papa Francisco viajar\u00e1 a M\u00e9xico entre el 12 y el 18 del pr\u00f3ximo febrero para visitar ciudades como San Crist\u00f3bal de las Casas o Ciudad Ju\u00e1rez y venerar a la Virgen de Guadalupe, patrona de Am\u00e9rica.<\/p>\n<p>La oficina de prensa del Vaticano public\u00f3 el calendario oficial de este viaje pastoral en el que recorrer\u00e1 el Distrito Federal y los estados de M\u00e9xico, Chiapas, Michoac\u00e1n y Chihuahua.<\/p>\n<p>El Pont\u00edfice desarrollar\u00e1 una apretada agenda de actos de todo tipo, tanto religiosos como sociales, y visitar\u00e1 en concreto las ciudades de Ciudad de M\u00e9xico, Ecatepec, Tuxtla Guti\u00e9rrez, San Crist\u00f3bal de las Casas, Morelia y Ciudad Ju\u00e1rez.<\/p>\n<p>Llegar\u00e1 el 12 de febrero al aeropuerto internacional \u201cBenito Ju\u00e1rez\u201d de la Ciudad de M\u00e9xico, donde ser\u00e1 acogido con una ceremonia de bienvenida oficial.<\/p>\n<p>Un d\u00eda despu\u00e9s ser\u00e1 recibido por el presidente Enrique Pe\u00f1a Nieto en Palacio Nacional y acto seguido mantendr\u00e1 un encuentro con autoridades, representantes de la sociedad civil y con el cuerpo diplom\u00e1tico. Posteriormente, se reunir\u00e1 con los obispos en la Catedral y por la tarde oficiar\u00e1 una misa en la bas\u00edlica de Guadalupe, uno de los puntos m\u00e1s importantes de su periplo.<\/p>\n<p>El domingo 14 de febrero se trasladar\u00e1 en helic\u00f3ptero al municipio de Ecatepec para celebrar una misa en su Centro de Estudios y, acto seguido, regresar\u00e1 a Ciudad de M\u00e9xico, donde por la tarde visitar\u00e1 el hospital pedi\u00e1trico \u201cFederico G\u00f3mez\u201d.<\/p>\n<p>El lunes 15 de febrero abandonar\u00e1 la capital para volar hacia Tuxtla Guti\u00e9rrez, donde mantendr\u00e1 un encuentro con las familias en el estadio \u201cV\u00edctor Manuel Reyna\u201d.<\/p>\n<p>El martes 16 de febrero se desplazar\u00e1 a Morelia, donde presidir\u00e1 una misa con sacerdotes, religiosos, religiosas, consagrados y seminaristas y visitar\u00e1 la catedral.<\/p>\n<p>Completar\u00e1 su visita a esta ciudad mexicana con un encuentro con los j\u00f3venes en el estadio \u201cJos\u00e9 Mar\u00eda Morelos y Pav\u00f3n\u201d.<\/p>\n<p>Al d\u00eda siguiente, el 17 de febrero, llegar\u00e1 al aeropuerto internacional \u201cAbraham Gonz\u00e1lez\u201d de Ciudad Ju\u00e1rez, donde en primer lugar visitar\u00e1 al Centro de Reinserci\u00f3n Social .<\/p>\n<p style=\"text-align: center;\"><strong>Avi\u00f3n papal<\/strong><\/p>\n<p>Es la primera vez que un Papa Francisco viaja en un 787, considerado el avi\u00f3n m\u00e1s moderno del mundo y que est\u00e1 en el mercado internacional desde hace 3 a\u00f1os.<\/p>\n<p>Cuenta con los equipos de navegaci\u00f3n m\u00e1s sofisticados, alas flexibles y sistema \u201csmooth ride\u201d que permiten sentir menor turbulencia. Este tipo de aeronaves es utilizado en vuelos de 10:00 a 16:00 horas.<\/p>\n<p>La ruta m\u00e1s larga que han cubierto los 787 en M\u00e9xico, ha sido Monterrey-Narita, Jap\u00f3n. El vuelo papal M\u00e9xico-Roma, se calcula, ser\u00e1 entre 12 y 13 horas.<\/p>\n<p>\u2018El avi\u00f3n puede presurizarse m\u00e1s y esto le da al pasajero una sensaci\u00f3n de mayor comodidad. Por lo que el efecto que le llamamos<em> jet lag<\/em>, sobre todo que se da en vuelos muy largos, es mucho menor\u2019, dijo Rafael Su\u00e1rez, director de Operaciones de Vuelo.<\/p>\n<p>El papa Francisco no solicit\u00f3 que se instalar\u00e1 sala o cama alguna. El Papa no desea que se haga ninguna adecuaci\u00f3n. \u00c9l no desea que se haga, vamos a decir, nada especial y m\u00e1s all\u00e1 de lo que ya se tiene. \u00c9l creo que viaja de lo m\u00e1s normal que puede ser, indic\u00f3 Su\u00e1rez. La \u00fanica petici\u00f3n que hizo el papa fue la de un men\u00fa, una dieta ligera para degustar durante el vuelo.<\/p>\n<p>El avi\u00f3n estar\u00e1 dividido en 3 zonas: hasta adelante estar\u00e1 el papa y su equipo m\u00e1s cercano.<\/p>\n<p>El \u00e1rea intermedia ser\u00e1 para un grupo de delegados del Vaticano, y la tercera cabina para el equipo de prensa e invitados especiales. Se estima que ir\u00e1n a bordo alrededor de 150 pasajeros.<\/p>\n<p>&nbsp;<\/p>\n","protected":false},"excerpt":{"rendered":"<p><span style=\"color: #005497;\">Jos\u00e9 Luis Monta\u00f1ez<\/span><br \/>\n<br \/>\nLa vista del papa Francisco a Ecatepec en febrero del pr\u00f3ximo a\u00f1o puso a trabajar a las autoridades del Estado de M\u00e9xico, ya que con el apoyo de las autoridades federales y municipales se realizan trabajos de la ruta para la ceremonia religiosa que se realizar\u00e1 en Ecatepec.<\/p>\n","protected":false},"author":3,"featured_media":247657,"comment_status":"open","ping_status":"open","sticky":false,"template":"","format":"standard","meta":{"_monsterinsights_skip_tracking":false,"_monsterinsights_sitenote_active":false,"_monsterinsights_sitenote_note":"","_monsterinsights_sitenote_category":0,"footnotes":""},"categories":[5],"tags":[454,43675,27237,29873,15501],"class_list":["post-247580","post","type-post","status-publish","format-standard","has-post-thumbnail","hentry","category-estado-de-mexico","tag-ecatepec","tag-estado-de-mexico","tag-francisco","tag-papa","tag-visita"],"_links":{"self":[{"href":"https:\/\/www.diarioimagen.net\/index.php?rest_route=\/wp\/v2\/posts\/247580","targetHints":{"allow":["GET"]}}],"collection":[{"href":"https:\/\/www.diarioimagen.net\/index.php?rest_route=\/wp\/v2\/posts"}],"about":[{"href":"https:\/\/www.diarioimagen.net\/index.php?rest_route=\/wp\/v2\/types\/post"}],"author":[{"embeddable":true,"href":"https:\/\/www.diarioimagen.net\/index.php?rest_route=\/wp\/v2\/users\/3"}],"replies":[{"embeddable":true,"href":"https:\/\/www.diarioimagen.net\/index.php?rest_route=%2Fwp%2Fv2%2Fcomments&post=247580"}],"version-history":[{"count":0,"href":"https:\/\/www.diarioimagen.net\/index.php?rest_route=\/wp\/v2\/posts\/247580\/revisions"}],"wp:featuredmedia":[{"embeddable":true,"href":"https:\/\/www.diarioimagen.net\/index.php?rest_route=\/wp\/v2\/media\/247657"}],"wp:attachment":[{"href":"https:\/\/www.diarioimagen.net\/index.php?rest_route=%2Fwp%2Fv2%2Fmedia&parent=247580"}],"wp:term":[{"taxonomy":"category","embeddable":true,"href":"https:\/\/www.diarioimagen.net\/index.php?rest_route=%2Fwp%2Fv2%2Fcategories&post=247580"},{"taxonomy":"post_tag","embeddable":true,"href":"https:\/\/www.diarioimagen.net\/index.php?rest_route=%2Fwp%2Fv2%2Ftags&post=247580"}],"curies":[{"name":"wp","href":"https:\/\/api.w.org\/{rel}","templated":true}]}}