{"id":247591,"date":"2015-12-16T00:07:59","date_gmt":"2015-12-16T06:07:59","guid":{"rendered":"http:\/\/www.diarioimagen.net\/?p=247591"},"modified":"2015-12-17T03:56:03","modified_gmt":"2015-12-17T09:56:03","slug":"erwin-castelan-rinde-protesta-como-nuevo-alcalde-de-coacalco","status":"publish","type":"post","link":"https:\/\/www.diarioimagen.net\/?p=247591","title":{"rendered":"Erwin Castel\u00e1n rinde protesta como nuevo alcalde de Coacalco"},"content":{"rendered":"<ul>\n<li><strong><em>Garantiza transparencia en cuentas<\/em><\/strong><\/li>\n<\/ul>\n<h6>Dulce Correa<\/h6>\n<p>&nbsp;<\/p>\n<div id=\"attachment_247645\" style=\"width: 430px\" class=\"wp-caption aligncenter\"><a href=\"http:\/\/www.diarioimagen.net\/?attachment_id=247645\" rel=\"attachment wp-att-247645\"><img loading=\"lazy\" decoding=\"async\" aria-describedby=\"caption-attachment-247645\" class=\"size-large wp-image-247645\" src=\"http:\/\/www.diarioimagen.net\/wp-content\/uploads\/2015\/12\/coacalco-2763-420x231.jpg\" alt=\"Al rendir protesta como nuevo alcalde de Coacalco, Erwin Javier Castel\u00e1n, expres\u00f3 que su gobierno contar\u00e1 con unidades de Transparencia y Rendici\u00f3n de Cuentas.\" width=\"420\" height=\"231\" srcset=\"https:\/\/www.diarioimagen.net\/wp-content\/uploads\/2015\/12\/coacalco-2763-420x231.jpg 420w, https:\/\/www.diarioimagen.net\/wp-content\/uploads\/2015\/12\/coacalco-2763-240x132.jpg 240w, https:\/\/www.diarioimagen.net\/wp-content\/uploads\/2015\/12\/coacalco-2763.jpg 532w\" sizes=\"auto, (max-width: 420px) 100vw, 420px\" \/><\/a><p id=\"caption-attachment-247645\" class=\"wp-caption-text\">Al rendir protesta como nuevo alcalde de Coacalco, Erwin Javier Castel\u00e1n, expres\u00f3 que su gobierno contar\u00e1 con unidades de Transparencia y Rendici\u00f3n de Cuentas.<\/p><\/div>\n<p>&nbsp;<\/p>\n<p>Al rendir protesta como nuevo presidente municipal de Coacalco de Berrioz\u00e1bal, Estado de M\u00e9xico, Erwin Javier Castel\u00e1n Enr\u00edquez, expres\u00f3 que la administraci\u00f3n que estar\u00e1 a su cargo dise\u00f1\u00f3 un Plan de Desarrollo Municipal acorde a las necesidades y las exigencias actuales.<\/p>\n<p>El nuevo alcalde mencion\u00f3 y que adem\u00e1s del Sistema Municipal Anticorrupci\u00f3n, el ayuntamiento contar\u00e1 con unidades de Transparencia y de Rendici\u00f3n de Cuentas para tener un buen gobierno con m\u00e1s seguridad, servicios de calidad y mejora de la imagen urbana, as\u00ed como excelencia en el servicio p\u00fablico, los cuales constituyen los principales ejes de trabajo que seguir\u00e1 el gobierno 2016-2018.<\/p>\n<p>Castel\u00e1n indic\u00f3 que su gobierno realizar\u00e1 mediciones permanentes del desempe\u00f1o de los servidores p\u00fablicos, as\u00ed como la creaci\u00f3n de un Manual de Puestos y Funciones para obtener indicadores reales sobre la eficacia laboral de los funcionarios del nuevo gobierno local.<\/p>\n<p>En sesi\u00f3n solemne de cabildo, Erwin Castel\u00e1n realiz\u00f3 la toma de protesta a los integrantes de su cuerpo edilicio y agradeci\u00f3 la compa\u00f1\u00eda de ex alcaldes, ediles electos de otros municipios del Estado de M\u00e9xico, funcionarios de los tres \u00f3rdenes de gobierno e invitados especiales.<\/p>\n<p>Al evento acudi\u00f3 el secretario de Desarrollo Social del gobierno del estado, Arturo Osornio S\u00e1nchez, en representaci\u00f3n del gobernador Eruviel \u00c1vila Villegas, para tomar protesta al presidente municipal electo de Coacalco y refrendar el apoyo del gobierno estatal en la puesta en marcha de los cuatro ejes rectores de gobierno en los que se incluyen la cercan\u00eda con los habitantes y la atenci\u00f3n a sus demandas.<\/p>\n<p>Osornio S\u00e1nchez subray\u00f3 que el trabajo en equipo hace posible la cercan\u00eda con los ciudadanos, por lo que los tres \u00f3rdenes de gobierno (federal, estatal y municipal), tienen la obligaci\u00f3n de unir esfuerzos, en virtud de que es la \u00fanica forma de alcanzar las metas proyectadas y dar una atenci\u00f3n eficaz a las demandas de los ciudadanos.<\/p>\n<p>Erwin Castel\u00e1n agreg\u00f3 que su administraci\u00f3n privilegiar\u00e1 el di\u00e1logo con los ciudadanos y se pondr\u00e1 especial atenci\u00f3n a las cr\u00edticas y los reclamos sociales, con lo que se podr\u00e1 contar con una mejor medici\u00f3n e interpretaci\u00f3n de la realidad de Coacalco, as\u00ed como identificar de manera oportuna las necesidades de sus habitantes. Al cierre de su mensaje, el presidente municipal hizo un reconocimiento al trabajo del gobernador Eruviel \u00c1vila, de quien toma inspiraci\u00f3n para \u201cpara hacer y pensar en grande\u201d.<\/p>\n<p>&nbsp;<\/p>\n","protected":false},"excerpt":{"rendered":"<p>Al rendir protesta como nuevo presidente municipalde Coacalco de Berrioz\u00e1bal, Estado de M\u00e9xico, Erwin Javier Castel\u00e1n Enr\u00edquez, expres\u00f3 que la administraci\u00f3n que estar\u00e1 a su cargo dise\u00f1\u00f3 un Plan de Desarrollo Municipal acorde a las necesidades y las exigencias actuales.<\/p>\n","protected":false},"author":3,"featured_media":247645,"comment_status":"open","ping_status":"open","sticky":false,"template":"","format":"standard","meta":{"_monsterinsights_skip_tracking":false,"_monsterinsights_sitenote_active":false,"_monsterinsights_sitenote_note":"","_monsterinsights_sitenote_category":0,"footnotes":""},"categories":[35155],"tags":[25111,43675],"class_list":["post-247591","post","type-post","status-publish","format-standard","has-post-thumbnail","hentry","category-estado-de-mexico-estado-de-mexico","tag-coacalco-de-berriozabal","tag-estado-de-mexico"],"_links":{"self":[{"href":"https:\/\/www.diarioimagen.net\/index.php?rest_route=\/wp\/v2\/posts\/247591","targetHints":{"allow":["GET"]}}],"collection":[{"href":"https:\/\/www.diarioimagen.net\/index.php?rest_route=\/wp\/v2\/posts"}],"about":[{"href":"https:\/\/www.diarioimagen.net\/index.php?rest_route=\/wp\/v2\/types\/post"}],"author":[{"embeddable":true,"href":"https:\/\/www.diarioimagen.net\/index.php?rest_route=\/wp\/v2\/users\/3"}],"replies":[{"embeddable":true,"href":"https:\/\/www.diarioimagen.net\/index.php?rest_route=%2Fwp%2Fv2%2Fcomments&post=247591"}],"version-history":[{"count":0,"href":"https:\/\/www.diarioimagen.net\/index.php?rest_route=\/wp\/v2\/posts\/247591\/revisions"}],"wp:featuredmedia":[{"embeddable":true,"href":"https:\/\/www.diarioimagen.net\/index.php?rest_route=\/wp\/v2\/media\/247645"}],"wp:attachment":[{"href":"https:\/\/www.diarioimagen.net\/index.php?rest_route=%2Fwp%2Fv2%2Fmedia&parent=247591"}],"wp:term":[{"taxonomy":"category","embeddable":true,"href":"https:\/\/www.diarioimagen.net\/index.php?rest_route=%2Fwp%2Fv2%2Fcategories&post=247591"},{"taxonomy":"post_tag","embeddable":true,"href":"https:\/\/www.diarioimagen.net\/index.php?rest_route=%2Fwp%2Fv2%2Ftags&post=247591"}],"curies":[{"name":"wp","href":"https:\/\/api.w.org\/{rel}","templated":true}]}}