{"id":247593,"date":"2015-12-16T00:06:26","date_gmt":"2015-12-16T06:06:26","guid":{"rendered":"http:\/\/www.diarioimagen.net\/?p=247593"},"modified":"2015-12-16T06:26:24","modified_gmt":"2015-12-16T12:26:24","slug":"distincion-a-cuatitlan-izcalli-por-su-trabajo-en-desarrollo-municipal","status":"publish","type":"post","link":"https:\/\/www.diarioimagen.net\/?p=247593","title":{"rendered":"Distinci\u00f3n a Cuatitl\u00e1n Izcalli por su trabajo en desarrollo municipal"},"content":{"rendered":"<ul>\n<li><strong><em>Mejores servicios p\u00fablicos<\/em><\/strong><\/li>\n<\/ul>\n<p>&nbsp;<\/p>\n<div id=\"attachment_247643\" style=\"width: 430px\" class=\"wp-caption aligncenter\"><a href=\"http:\/\/www.diarioimagen.net\/?attachment_id=247643\" rel=\"attachment wp-att-247643\"><img loading=\"lazy\" decoding=\"async\" aria-describedby=\"caption-attachment-247643\" class=\"wp-image-247643 size-large\" src=\"http:\/\/www.diarioimagen.net\/wp-content\/uploads\/2015\/12\/CUAUTITLAN-2763-420x289.jpg\" alt=\"El alcalde de Cuautitl\u00e1n Izcalli recibi\u00f3 el reconocimiento \u201cAgenda para el Desarrollo Municipal\u201d.\" width=\"420\" height=\"289\" srcset=\"https:\/\/www.diarioimagen.net\/wp-content\/uploads\/2015\/12\/CUAUTITLAN-2763-420x289.jpg 420w, https:\/\/www.diarioimagen.net\/wp-content\/uploads\/2015\/12\/CUAUTITLAN-2763-240x165.jpg 240w, https:\/\/www.diarioimagen.net\/wp-content\/uploads\/2015\/12\/CUAUTITLAN-2763.jpg 500w\" sizes=\"auto, (max-width: 420px) 100vw, 420px\" \/><\/a><p id=\"caption-attachment-247643\" class=\"wp-caption-text\">El alcalde de Cuautitl\u00e1n Izcalli recibi\u00f3 el reconocimiento \u201cAgenda para el Desarrollo Municipal\u201d.<\/p><\/div>\n<p>&nbsp;<\/p>\n<p><strong>Cuatitl\u00e1n Izcalli, Estado de M\u00e9xico<\/strong>.- Como resultado del trabajo y acciones que realiz\u00f3 administraci\u00f3n 2013-2015 el Instituto Nacional para el Federalismo y Desarrollo Municipal (INAFED) y la Secretar\u00eda de Desarrollo Social del Estado de M\u00e9xico, otorgaron a Cuautitl\u00e1n Izcalli el reconocimiento \u201cAgenda para el Desarrollo Municipal\u201d.<\/p>\n<p>En representaci\u00f3n del gobernador del Edomex, Eruviel \u00c1vila Villegas, el\u00a0\u00a0 subsecretario de Educaci\u00f3n Media Superior y Superior, Bernardo Enciso Olvera, enfatiz\u00f3 que esta distinci\u00f3n es gracias al trabajo de los servidores p\u00fablicos para brindar mejores servicios a la ciudadan\u00eda.<\/p>\n<p>\u201cEsto s\u00f3lo es el reflejo de la labor que desempe\u00f1an los municipios de la entidad para acercar a la sociedad acciones y atenciones, como lo marca nuestro gobernador\u201d, expres\u00f3 el funcionario.<\/p>\n<p>Al recibir el reconocimiento, en la 36 Sesi\u00f3n Ordinaria de Gabinete Regional, el presidente municipal de Cuautitl\u00e1n Izcalli, Erik Mart\u00ednez Dom\u00ednguez, agradeci\u00f3 la uni\u00f3n, compromiso y esfuerzo de todas las personas que integran la actual administraci\u00f3n y destac\u00f3 que el reconocimiento tiene el sello de cada una de las dependencias y \u00e1reas que hacen prosperar a la localidad.<\/p>\n<p>\u201cTrabajamos para detectar las prioridades de acuerdo a nuestros objetivos a corto, mediano y largo plazos, para beneficiar a Izcalli, as\u00ed saben cu\u00e1les son las cosas que deben atender, ampliar o modificar para alcanzar un logro o una acci\u00f3n\u201d, detall\u00f3 Mart\u00ednez Dom\u00ednguez.<\/p>\n<p>De igual forma, los municipios de Huehuetoca y Tepotzotl\u00e1n recibieron dicha menci\u00f3n ante las autoridades estatales y municipales.<\/p>\n<p>&nbsp;<\/p>\n","protected":false},"excerpt":{"rendered":"<p>Como resultado del trabajo y acciones que realiz\u00f3 administraci\u00f3n 2013-2015 el Instituto Nacional para el Federalismo y Desarrollo Municipal (INAFED) y la Secretar\u00eda de Desarrollo Social del Estado de M\u00e9xico, otorgaron a Cuautitl\u00e1n Izcalli el reconocimiento \u201cAgenda para el Desarrollo Municipal\u201d.<\/p>\n","protected":false},"author":3,"featured_media":247643,"comment_status":"open","ping_status":"open","sticky":false,"template":"","format":"standard","meta":{"_monsterinsights_skip_tracking":false,"_monsterinsights_sitenote_active":false,"_monsterinsights_sitenote_note":"","_monsterinsights_sitenote_category":0,"footnotes":""},"categories":[35155],"tags":[31416,43675],"class_list":["post-247593","post","type-post","status-publish","format-standard","has-post-thumbnail","hentry","category-estado-de-mexico-estado-de-mexico","tag-desarrollo","tag-estado-de-mexico"],"_links":{"self":[{"href":"https:\/\/www.diarioimagen.net\/index.php?rest_route=\/wp\/v2\/posts\/247593","targetHints":{"allow":["GET"]}}],"collection":[{"href":"https:\/\/www.diarioimagen.net\/index.php?rest_route=\/wp\/v2\/posts"}],"about":[{"href":"https:\/\/www.diarioimagen.net\/index.php?rest_route=\/wp\/v2\/types\/post"}],"author":[{"embeddable":true,"href":"https:\/\/www.diarioimagen.net\/index.php?rest_route=\/wp\/v2\/users\/3"}],"replies":[{"embeddable":true,"href":"https:\/\/www.diarioimagen.net\/index.php?rest_route=%2Fwp%2Fv2%2Fcomments&post=247593"}],"version-history":[{"count":0,"href":"https:\/\/www.diarioimagen.net\/index.php?rest_route=\/wp\/v2\/posts\/247593\/revisions"}],"wp:featuredmedia":[{"embeddable":true,"href":"https:\/\/www.diarioimagen.net\/index.php?rest_route=\/wp\/v2\/media\/247643"}],"wp:attachment":[{"href":"https:\/\/www.diarioimagen.net\/index.php?rest_route=%2Fwp%2Fv2%2Fmedia&parent=247593"}],"wp:term":[{"taxonomy":"category","embeddable":true,"href":"https:\/\/www.diarioimagen.net\/index.php?rest_route=%2Fwp%2Fv2%2Fcategories&post=247593"},{"taxonomy":"post_tag","embeddable":true,"href":"https:\/\/www.diarioimagen.net\/index.php?rest_route=%2Fwp%2Fv2%2Ftags&post=247593"}],"curies":[{"name":"wp","href":"https:\/\/api.w.org\/{rel}","templated":true}]}}