{"id":247595,"date":"2015-12-16T00:05:09","date_gmt":"2015-12-16T06:05:09","guid":{"rendered":"http:\/\/www.diarioimagen.net\/?p=247595"},"modified":"2015-12-16T06:29:31","modified_gmt":"2015-12-16T12:29:31","slug":"clausuran-talleres-de-prevencion-del-delito-en-escuelas-de-tultitlan","status":"publish","type":"post","link":"https:\/\/www.diarioimagen.net\/?p=247595","title":{"rendered":"Clausuran talleres de prevenci\u00f3n del delito en escuelas de Tultitl\u00e1n"},"content":{"rendered":"<ul>\n<li><strong><em>Entrega Garc\u00eda Dur\u00e1n equipo de c\u00f3mputo<\/em><\/strong><\/li>\n<\/ul>\n<p>&nbsp;<\/p>\n<div id=\"attachment_247647\" style=\"width: 430px\" class=\"wp-caption aligncenter\"><a href=\"http:\/\/www.diarioimagen.net\/?attachment_id=247647\" rel=\"attachment wp-att-247647\"><img loading=\"lazy\" decoding=\"async\" aria-describedby=\"caption-attachment-247647\" class=\"size-large wp-image-247647\" src=\"http:\/\/www.diarioimagen.net\/wp-content\/uploads\/2015\/12\/TULTITLAN-2763-420x264.jpg\" alt=\"El presidente municipal Higinio Alfredo Garc\u00eda Dur\u00e1n entreg\u00f3 equipos de c\u00f3mputo en escuelas t\u00e9cnicas de Tultitl\u00e1n.\" width=\"420\" height=\"264\" srcset=\"https:\/\/www.diarioimagen.net\/wp-content\/uploads\/2015\/12\/TULTITLAN-2763-420x264.jpg 420w, https:\/\/www.diarioimagen.net\/wp-content\/uploads\/2015\/12\/TULTITLAN-2763-240x151.jpg 240w, https:\/\/www.diarioimagen.net\/wp-content\/uploads\/2015\/12\/TULTITLAN-2763.jpg 700w\" sizes=\"auto, (max-width: 420px) 100vw, 420px\" \/><\/a><p id=\"caption-attachment-247647\" class=\"wp-caption-text\">El presidente municipal Higinio Alfredo Garc\u00eda Dur\u00e1n entreg\u00f3 equipos de c\u00f3mputo en escuelas t\u00e9cnicas de Tultitl\u00e1n.<\/p><\/div>\n<p>&nbsp;<\/p>\n<p><strong>Tultitl\u00e1n, Estado de M\u00e9xico<\/strong>.- El presidente municipal de esta ciudad, Higinio Alfredo Garc\u00eda Dur\u00e1n, acudi\u00f3 a la clausura de los talleres de prevenci\u00f3n del delito, donde tambi\u00e9n realiz\u00f3 la entrega de equipos de c\u00f3mputo.<\/p>\n<p>Estas clausuras tuvieron lugar en las secundarias t\u00e9cnicas 48 y 71, localizadas en zona centro y sur, respectivamente, donde adem\u00e1s se entreg\u00f3 equipos de c\u00f3mputo a las instituciones educativas para garantizar que los estudiantes cuentes con las herramientas necesarias para alejarse de las malas compa\u00f1\u00edas.<\/p>\n<p>\u201cEs un gusto estar aqu\u00ed con ustedes, de que han sido de las escuelas beneficiadas con el programa de Prevenci\u00f3n del Delito, que se han beneficiado de talleres y cursos, adem\u00e1s ahora de la entrega de estos equipos de c\u00f3mputo, sabemos que de algo han servido todas estas acciones, por ello estamos empe\u00f1ados en hacer m\u00e1s por la juventud \u201c expres\u00f3 el presidente municipal.<\/p>\n<p>Por su parte, el director de la secundaria t\u00e9cnica 71, Mart\u00ednez Alarc\u00f3n Vinicio, dijo estar agradecido con el gobierno municipal por el apoyo brindado, porque daba muestra a sus estudiantes de lo importante que son y las oportunidades que tienen en la vida.<\/p>\n<p>\u201cEstamos en un momento en que los j\u00f3venes se encuentran des ubicados, piensan que a nadie le importan, pero con estas acciones comprobaron que tienen un gobernante que si est\u00e1 interesado en la educaci\u00f3n y en su futuro\u201d puntualiz\u00f3.<\/p>\n<p>Finalmente, estudiantes de las dos instituciones educativas, agradecieron a las autoridades el apoyo recibido, en la voz de Carlos Samuel Fuentes.<\/p>\n<p>&nbsp;<\/p>\n","protected":false},"excerpt":{"rendered":"<p>El presidente municipal de esta ciudad, Higinio Alfredo Garc\u00eda Dur\u00e1n, acudi\u00f3 a la clausura de los talleres de prevenci\u00f3n del delito, donde tambi\u00e9n realiz\u00f3 la entrega de equipos de c\u00f3mputo.<\/p>\n","protected":false},"author":3,"featured_media":247647,"comment_status":"open","ping_status":"open","sticky":false,"template":"","format":"standard","meta":{"_monsterinsights_skip_tracking":false,"_monsterinsights_sitenote_active":false,"_monsterinsights_sitenote_note":"","_monsterinsights_sitenote_category":0,"footnotes":""},"categories":[35155],"tags":[11537,43675,45125,578],"class_list":["post-247595","post","type-post","status-publish","format-standard","has-post-thumbnail","hentry","category-estado-de-mexico-estado-de-mexico","tag-computadoras","tag-estado-de-mexico","tag-higinio-alfredo-garcia-duran","tag-tultitlan"],"_links":{"self":[{"href":"https:\/\/www.diarioimagen.net\/index.php?rest_route=\/wp\/v2\/posts\/247595","targetHints":{"allow":["GET"]}}],"collection":[{"href":"https:\/\/www.diarioimagen.net\/index.php?rest_route=\/wp\/v2\/posts"}],"about":[{"href":"https:\/\/www.diarioimagen.net\/index.php?rest_route=\/wp\/v2\/types\/post"}],"author":[{"embeddable":true,"href":"https:\/\/www.diarioimagen.net\/index.php?rest_route=\/wp\/v2\/users\/3"}],"replies":[{"embeddable":true,"href":"https:\/\/www.diarioimagen.net\/index.php?rest_route=%2Fwp%2Fv2%2Fcomments&post=247595"}],"version-history":[{"count":0,"href":"https:\/\/www.diarioimagen.net\/index.php?rest_route=\/wp\/v2\/posts\/247595\/revisions"}],"wp:featuredmedia":[{"embeddable":true,"href":"https:\/\/www.diarioimagen.net\/index.php?rest_route=\/wp\/v2\/media\/247647"}],"wp:attachment":[{"href":"https:\/\/www.diarioimagen.net\/index.php?rest_route=%2Fwp%2Fv2%2Fmedia&parent=247595"}],"wp:term":[{"taxonomy":"category","embeddable":true,"href":"https:\/\/www.diarioimagen.net\/index.php?rest_route=%2Fwp%2Fv2%2Fcategories&post=247595"},{"taxonomy":"post_tag","embeddable":true,"href":"https:\/\/www.diarioimagen.net\/index.php?rest_route=%2Fwp%2Fv2%2Ftags&post=247595"}],"curies":[{"name":"wp","href":"https:\/\/api.w.org\/{rel}","templated":true}]}}