{"id":247597,"date":"2015-12-16T00:04:39","date_gmt":"2015-12-16T06:04:39","guid":{"rendered":"http:\/\/www.diarioimagen.net\/?p=247597"},"modified":"2015-12-16T06:31:03","modified_gmt":"2015-12-16T12:31:03","slug":"carlos-gonzalez-martinez-presidente-de-mexico-nuevo","status":"publish","type":"post","link":"https:\/\/www.diarioimagen.net\/?p=247597","title":{"rendered":"Carlos Gonz\u00e1lez Mart\u00ednez, presidente de M\u00e9xico Nuevo"},"content":{"rendered":"<p><a href=\"http:\/\/www.diarioimagen.net\/?attachment_id=247651\" rel=\"attachment wp-att-247651\"><img loading=\"lazy\" decoding=\"async\" class=\"aligncenter size-large wp-image-247651\" src=\"http:\/\/www.diarioimagen.net\/wp-content\/uploads\/2015\/12\/TOLUCA-2763-420x236.jpg\" alt=\"TOLUCA-2763\" width=\"420\" height=\"236\" srcset=\"https:\/\/www.diarioimagen.net\/wp-content\/uploads\/2015\/12\/TOLUCA-2763-420x236.jpg 420w, https:\/\/www.diarioimagen.net\/wp-content\/uploads\/2015\/12\/TOLUCA-2763-240x135.jpg 240w, https:\/\/www.diarioimagen.net\/wp-content\/uploads\/2015\/12\/TOLUCA-2763-235x132.jpg 235w, https:\/\/www.diarioimagen.net\/wp-content\/uploads\/2015\/12\/TOLUCA-2763-202x114.jpg 202w, https:\/\/www.diarioimagen.net\/wp-content\/uploads\/2015\/12\/TOLUCA-2763-350x196.jpg 350w, https:\/\/www.diarioimagen.net\/wp-content\/uploads\/2015\/12\/TOLUCA-2763-220x123.jpg 220w, https:\/\/www.diarioimagen.net\/wp-content\/uploads\/2015\/12\/TOLUCA-2763-237x132.jpg 237w, https:\/\/www.diarioimagen.net\/wp-content\/uploads\/2015\/12\/TOLUCA-2763.jpg 480w\" sizes=\"auto, (max-width: 420px) 100vw, 420px\" \/><\/a><\/p>\n<p>&nbsp;<\/p>\n<p><strong>Toluca, Estado de M\u00e9xico.- <\/strong> Al rendir protesta como presidente de la organizaci\u00f3n pri\u00edsta M\u00e9xico Nuevo, Carlos Gonz\u00e1lez Mart\u00ednez Olivares, destac\u00f3 que los nuevos cuadros del tricolor tendr\u00e1n que destacarse por su profesionalismo: \u201ctrabajo pasi\u00f3n y talento ser\u00e1n nuestra premisa\u00a0 en el desarrollo de los j\u00f3venes pri\u00edstas que tienen la convicci\u00f3n\u00a0 de hacer de nuestro pa\u00eds un M\u00e9xico mejor\u201d.<\/p>\n<p>Ante el dirigente estatal del Partido Revolucionario Institucional (PRI) Carlos Iriarte, quien le tom\u00f3 la protesta como nuevo l\u00edder de esa agrupaci\u00f3n, Carlos Gonz\u00e1lez record\u00f3 que exactamente hace 24 a\u00f1os, Luis Donaldo Colosio, siendo presidente del PRI nacional, otorg\u00f3 a M\u00e9xico Nuevo la constancia como organizaci\u00f3n\u00a0 nacional adherente; \u201cun hombre que es un s\u00edmbolo de la cultura del esfuerzo y de la superaci\u00f3n personal, y en el Estado de M\u00e9xico queremos seguir ese ejemplo\u201d.<\/p>\n","protected":false},"excerpt":{"rendered":"<p>Al rendir protesta como presidente de la organizaci\u00f3n pri\u00edsta M\u00e9xico Nuevo, Carlos Gonz\u00e1lez Mart\u00ednez Olivares, destac\u00f3 que los nuevos cuadros del tricolor tendr\u00e1n que destacarse por su profesionalismo: \u201ctrabajo pasi\u00f3n y talento ser\u00e1n nuestra premisa  en el desarrollo de los j\u00f3venes pri\u00edstas que tienen la convicci\u00f3n  de hacer de nuestro pa\u00eds un M\u00e9xico mejor\u201d.<\/p>\n","protected":false},"author":3,"featured_media":247651,"comment_status":"open","ping_status":"open","sticky":false,"template":"","format":"standard","meta":{"_monsterinsights_skip_tracking":false,"_monsterinsights_sitenote_active":false,"_monsterinsights_sitenote_note":"","_monsterinsights_sitenote_category":0,"footnotes":""},"categories":[35155],"tags":[43675,452,1243],"class_list":["post-247597","post","type-post","status-publish","format-standard","has-post-thumbnail","hentry","category-estado-de-mexico-estado-de-mexico","tag-estado-de-mexico","tag-toluca","tag-tricolor"],"_links":{"self":[{"href":"https:\/\/www.diarioimagen.net\/index.php?rest_route=\/wp\/v2\/posts\/247597","targetHints":{"allow":["GET"]}}],"collection":[{"href":"https:\/\/www.diarioimagen.net\/index.php?rest_route=\/wp\/v2\/posts"}],"about":[{"href":"https:\/\/www.diarioimagen.net\/index.php?rest_route=\/wp\/v2\/types\/post"}],"author":[{"embeddable":true,"href":"https:\/\/www.diarioimagen.net\/index.php?rest_route=\/wp\/v2\/users\/3"}],"replies":[{"embeddable":true,"href":"https:\/\/www.diarioimagen.net\/index.php?rest_route=%2Fwp%2Fv2%2Fcomments&post=247597"}],"version-history":[{"count":0,"href":"https:\/\/www.diarioimagen.net\/index.php?rest_route=\/wp\/v2\/posts\/247597\/revisions"}],"wp:featuredmedia":[{"embeddable":true,"href":"https:\/\/www.diarioimagen.net\/index.php?rest_route=\/wp\/v2\/media\/247651"}],"wp:attachment":[{"href":"https:\/\/www.diarioimagen.net\/index.php?rest_route=%2Fwp%2Fv2%2Fmedia&parent=247597"}],"wp:term":[{"taxonomy":"category","embeddable":true,"href":"https:\/\/www.diarioimagen.net\/index.php?rest_route=%2Fwp%2Fv2%2Fcategories&post=247597"},{"taxonomy":"post_tag","embeddable":true,"href":"https:\/\/www.diarioimagen.net\/index.php?rest_route=%2Fwp%2Fv2%2Ftags&post=247597"}],"curies":[{"name":"wp","href":"https:\/\/api.w.org\/{rel}","templated":true}]}}