{"id":247744,"date":"2015-12-17T00:13:20","date_gmt":"2015-12-17T06:13:20","guid":{"rendered":"http:\/\/www.diarioimagen.net\/?p=247744"},"modified":"2015-12-17T02:32:35","modified_gmt":"2015-12-17T08:32:35","slug":"mejorara-calidad-de-vida-de-los-mexiquenses","status":"publish","type":"post","link":"https:\/\/www.diarioimagen.net\/?p=247744","title":{"rendered":"Mejorar\u00e1 calidad de vida de los mexiquenses"},"content":{"rendered":"<h2>Arco Norte<\/h2>\n<h5>Jos\u00e9 Luis Monta\u00f1ez Aguilar<\/h5>\n<p>&nbsp;<\/p>\n<div id=\"attachment_247832\" style=\"width: 430px\" class=\"wp-caption aligncenter\"><a href=\"http:\/\/www.diarioimagen.net\/?attachment_id=247832\" rel=\"attachment wp-att-247832\"><img loading=\"lazy\" decoding=\"async\" aria-describedby=\"caption-attachment-247832\" class=\"size-large wp-image-247832\" src=\"http:\/\/www.diarioimagen.net\/wp-content\/uploads\/2015\/12\/arco-2764-420x236.jpg\" alt=\"Eruviel \u00c1vila - Firmando convenio de colaboraci\u00f3n por un Edom\u00e9x sin pobreza.\" width=\"420\" height=\"236\" srcset=\"https:\/\/www.diarioimagen.net\/wp-content\/uploads\/2015\/12\/arco-2764-420x236.jpg 420w, https:\/\/www.diarioimagen.net\/wp-content\/uploads\/2015\/12\/arco-2764-240x135.jpg 240w, https:\/\/www.diarioimagen.net\/wp-content\/uploads\/2015\/12\/arco-2764-768x432.jpg 768w, https:\/\/www.diarioimagen.net\/wp-content\/uploads\/2015\/12\/arco-2764-480x270.jpg 480w, https:\/\/www.diarioimagen.net\/wp-content\/uploads\/2015\/12\/arco-2764-235x132.jpg 235w, https:\/\/www.diarioimagen.net\/wp-content\/uploads\/2015\/12\/arco-2764-202x114.jpg 202w, https:\/\/www.diarioimagen.net\/wp-content\/uploads\/2015\/12\/arco-2764-350x196.jpg 350w, https:\/\/www.diarioimagen.net\/wp-content\/uploads\/2015\/12\/arco-2764-220x123.jpg 220w, https:\/\/www.diarioimagen.net\/wp-content\/uploads\/2015\/12\/arco-2764-237x132.jpg 237w, https:\/\/www.diarioimagen.net\/wp-content\/uploads\/2015\/12\/arco-2764.jpg 1200w\" sizes=\"auto, (max-width: 420px) 100vw, 420px\" \/><\/a><p id=\"caption-attachment-247832\" class=\"wp-caption-text\">Eruviel \u00c1vila &#8211; Firmando convenio de colaboraci\u00f3n por un Edom\u00e9x sin pobreza.<\/p><\/div>\n<p>&nbsp;<\/p>\n<p>Con la firma del Convenio de Coordinaci\u00f3n Sin Pobreza con la Sedesol se crear\u00e1n e impulsar\u00e1n acciones coordinadas para mejorar la calidad de vida de la poblaci\u00f3n mexiquense, afirm\u00f3 el gobernador Eruviel \u00c1vila Villegas.<\/p>\n<p>A trav\u00e9s de este instrumento, los gobiernos federal y estatal se comprometen a trabajar para que en el Estado de M\u00e9xico nunca m\u00e1s un ni\u00f1o o una ni\u00f1a abandonen sus estudios, otorgar seguridad social a quienes no cuentan con ella, generar m\u00e1s empleos formales as\u00ed como condiciones de vida m\u00e1s dignas que propicien beneficios a las familias mexiquenses y de quienes llegan a esta entidad en busca de condiciones de progreso.<\/p>\n<p>El gobernador mexiquense refiri\u00f3 los logros que el Edomex ha obtenido en el combate a la pobreza, y destac\u00f3 los resultados de la encuesta Intercensal 2015, realizada por el Instituto Nacional de Estad\u00edstica, Geograf\u00eda e Inform\u00e1tica (INEGI), la cual revela que 71 por ciento de la poblaci\u00f3n mexiquense tiene agua entubada, 95 por ciento cuenta con drenaje, 97 por ciento con servicio de sanitario, 99 por ciento tiene electricidad y que la tasa de alfabetizaci\u00f3n es de 98 por ciento en la poblaci\u00f3n de 15 a 24 a\u00f1os de edad.<\/p>\n<p>\u201cNos hemos reunido aqu\u00ed para firmar este convenio, un convenio de coordinaci\u00f3n Sin Pobreza. Qu\u00e9 significa este convenio: el trabajar en equipo la instancia federal, la Secretar\u00eda de Desarrollo Social, concretamente, las secretar\u00edas del Estado de M\u00e9xico, el propio gobierno del Estado de M\u00e9xico, los municipios para que a lA gente le vaya todav\u00eda mucho mejor.<\/p>\n<p>\u201cVamos a llevar a cabo una serie de acciones para apoyar a la gente, para reducir diferentes carencias en salud, educaci\u00f3n, seguridad social, reordenamiento de la vivienda, y ustedes van a jugar un papel muy importante\u201d expres\u00f3 Eruviel \u00c1vila.<\/p>\n<p><em><a href=\"mailto:montanezaguilar@gmail.com\" target=\"_blank\">montanezaguilar@gmail.com<\/a><\/em><\/p>\n","protected":false},"excerpt":{"rendered":"<p><span style=\"color: #005497;\">Jos\u00e9 Luis Monta\u00f1ez Aguilar<\/span><br \/>\n<br \/>\nCon la firma del convenio de Coordinaci\u00f3n sin Pobreza con la Sedesol se crear\u00e1n e impulsar\u00e1n acciones coordinadas para mejorar la calidad de vida de la poblaci\u00f3n mexiquense, afirm\u00f3 el gobernador Eruviel \u00c1vila Villegas.<\/p>\n","protected":false},"author":3,"featured_media":247832,"comment_status":"open","ping_status":"open","sticky":false,"template":"","format":"standard","meta":{"_monsterinsights_skip_tracking":false,"_monsterinsights_sitenote_active":false,"_monsterinsights_sitenote_note":"","_monsterinsights_sitenote_category":0,"footnotes":""},"categories":[5],"tags":[13284,43704,43674],"class_list":["post-247744","post","type-post","status-publish","format-standard","has-post-thumbnail","hentry","category-estado-de-mexico","tag-arco-norte","tag-jose-luis-montanez-aguilar","tag-opinion"],"_links":{"self":[{"href":"https:\/\/www.diarioimagen.net\/index.php?rest_route=\/wp\/v2\/posts\/247744","targetHints":{"allow":["GET"]}}],"collection":[{"href":"https:\/\/www.diarioimagen.net\/index.php?rest_route=\/wp\/v2\/posts"}],"about":[{"href":"https:\/\/www.diarioimagen.net\/index.php?rest_route=\/wp\/v2\/types\/post"}],"author":[{"embeddable":true,"href":"https:\/\/www.diarioimagen.net\/index.php?rest_route=\/wp\/v2\/users\/3"}],"replies":[{"embeddable":true,"href":"https:\/\/www.diarioimagen.net\/index.php?rest_route=%2Fwp%2Fv2%2Fcomments&post=247744"}],"version-history":[{"count":0,"href":"https:\/\/www.diarioimagen.net\/index.php?rest_route=\/wp\/v2\/posts\/247744\/revisions"}],"wp:featuredmedia":[{"embeddable":true,"href":"https:\/\/www.diarioimagen.net\/index.php?rest_route=\/wp\/v2\/media\/247832"}],"wp:attachment":[{"href":"https:\/\/www.diarioimagen.net\/index.php?rest_route=%2Fwp%2Fv2%2Fmedia&parent=247744"}],"wp:term":[{"taxonomy":"category","embeddable":true,"href":"https:\/\/www.diarioimagen.net\/index.php?rest_route=%2Fwp%2Fv2%2Fcategories&post=247744"},{"taxonomy":"post_tag","embeddable":true,"href":"https:\/\/www.diarioimagen.net\/index.php?rest_route=%2Fwp%2Fv2%2Ftags&post=247744"}],"curies":[{"name":"wp","href":"https:\/\/api.w.org\/{rel}","templated":true}]}}