{"id":247748,"date":"2015-12-17T00:08:18","date_gmt":"2015-12-17T06:08:18","guid":{"rendered":"http:\/\/www.diarioimagen.net\/?p=247748"},"modified":"2015-12-17T03:11:25","modified_gmt":"2015-12-17T09:11:25","slug":"inauguran-la-plaza-estado-de-mexico-en-ocuilan","status":"publish","type":"post","link":"https:\/\/www.diarioimagen.net\/?p=247748","title":{"rendered":"Inauguran la Plaza Estado de M\u00e9xico en Ocuilan"},"content":{"rendered":"<ul>\n<li><strong><em>Se han entregado 75 en la entidad<\/em><\/strong><\/li>\n<\/ul>\n<p>&nbsp;<\/p>\n<div id=\"attachment_247868\" style=\"width: 430px\" class=\"wp-caption aligncenter\"><a href=\"http:\/\/www.diarioimagen.net\/?attachment_id=247868\" rel=\"attachment wp-att-247868\"><img loading=\"lazy\" decoding=\"async\" aria-describedby=\"caption-attachment-247868\" class=\"size-large wp-image-247868\" src=\"http:\/\/www.diarioimagen.net\/wp-content\/uploads\/2015\/12\/plaza-2764-420x236.jpg\" alt=\"La Plaza Estado de M\u00e9xico de Ocuilan tiene una trotapista, zona de juegos infantiles, espacios para los adultos mayores y personas discapacitadas, pista de patinaje y canchas deportivas.\" width=\"420\" height=\"236\" srcset=\"https:\/\/www.diarioimagen.net\/wp-content\/uploads\/2015\/12\/plaza-2764-420x236.jpg 420w, https:\/\/www.diarioimagen.net\/wp-content\/uploads\/2015\/12\/plaza-2764-240x135.jpg 240w, https:\/\/www.diarioimagen.net\/wp-content\/uploads\/2015\/12\/plaza-2764-235x132.jpg 235w, https:\/\/www.diarioimagen.net\/wp-content\/uploads\/2015\/12\/plaza-2764-202x114.jpg 202w, https:\/\/www.diarioimagen.net\/wp-content\/uploads\/2015\/12\/plaza-2764-350x196.jpg 350w, https:\/\/www.diarioimagen.net\/wp-content\/uploads\/2015\/12\/plaza-2764-220x123.jpg 220w, https:\/\/www.diarioimagen.net\/wp-content\/uploads\/2015\/12\/plaza-2764-237x132.jpg 237w, https:\/\/www.diarioimagen.net\/wp-content\/uploads\/2015\/12\/plaza-2764.jpg 480w\" sizes=\"auto, (max-width: 420px) 100vw, 420px\" \/><\/a><p id=\"caption-attachment-247868\" class=\"wp-caption-text\">La Plaza Estado de M\u00e9xico de Ocuilan tiene una trotapista, zona de juegos infantiles, espacios para los adultos mayores y personas discapacitadas, pista de patinaje y canchas deportivas.<\/p><\/div>\n<p>&nbsp;<\/p>\n<p><strong>Ocuilan, Estado de M\u00e9xico<\/strong>.-Las familias de Ocuilan cuentan con un lugar m\u00e1s de sano esparcimiento, con la Plaza Estado de M\u00e9xico ubicada en el centro de la cabecera municipal, cuenta con una superficie de m\u00e1s de 3 mil metros cuadrados, donde los habitantes pueden disfrutar de una trotapista, zona de juegos infantiles, espacios dedicados a los adultos mayores y personas discapacitadas, pista de patinaje, canchas deportivas, entre otros.<\/p>\n<p>Cabe se\u00f1alar que, hasta el momento en la entidad hay 75 plazas terminadas y 28 en proceso de construcci\u00f3n y la meta es que se cuente con una en cada municipio mexiquense. Al respecto, Alfredo Torres, secretario de Desarrollo Urbano y Metropolitano, y presidente del Gabinete Regional VII, inform\u00f3 que la Plaza Estado de M\u00e9xico tuvo una inversi\u00f3n de 5 millones de pesos y beneficiar\u00e1 a m\u00e1s de 20 mil personas.<\/p>\n<p>Por lo que luego de realizar el corte de list\u00f3n inaugural y recorrer el \u00e1rea de actividades f\u00edsicas de la Plaza Estado, secretario tambi\u00e9n entreg\u00f3 uniformes, botas y chalecos antibalas a 80 elementos de la polic\u00eda municipal, as\u00ed como 350 paquetes del programa \u201cApadrina un Ni\u00f1o Ind\u00edgena\u201d, que constan de una canasta alimenticia, \u00fatiles escolares, una mochila y una lonchera.<\/p>\n<p>Adem\u00e1s, destac\u00f3 que en el \u00faltimo a\u00f1o se han invertido en este municipio, 139 millones de pesos, en obras como el encementado del corredor tur\u00edstico de Ocuilan, la construcci\u00f3n y equipamiento del centro deportivo en Chalmita, el reencarpetamiento de la carretera de Santa M\u00f3nica a Santa Cruz Tezontepec y Santa M\u00f3nica \u2013 San Sebasti\u00e1n, el corredor tur\u00edstico del Ahuehuete al Se\u00f1or de Chalma y la renivelaci\u00f3n y reencarpetamiento de la carretera de Santiago Chalma a Cuernavaca, en beneficio de la econom\u00eda de esta regi\u00f3n.<\/p>\n<p>&nbsp;<\/p>\n","protected":false},"excerpt":{"rendered":"<p>Las familias de Ocuilan cuentan con un lugar m\u00e1s de sano esparcimiento, con la Plaza Estado de M\u00e9xico ubicada en el centro de la cabecera municipal, cuenta con una superficie de m\u00e1s de 3 mil metros cuadrados, donde los habitantes pueden disfrutar de una trotapista, zona de juegos infantiles, espacios dedicados a los adultos mayores y personas discapacitadas, pista de patinaje, canchas deportivas, entre otros.<\/p>\n","protected":false},"author":3,"featured_media":247868,"comment_status":"open","ping_status":"open","sticky":false,"template":"","format":"standard","meta":{"_monsterinsights_skip_tracking":false,"_monsterinsights_sitenote_active":false,"_monsterinsights_sitenote_note":"","_monsterinsights_sitenote_category":0,"footnotes":""},"categories":[5],"tags":[43675,47391],"class_list":["post-247748","post","type-post","status-publish","format-standard","has-post-thumbnail","hentry","category-estado-de-mexico","tag-estado-de-mexico","tag-ocuilan"],"_links":{"self":[{"href":"https:\/\/www.diarioimagen.net\/index.php?rest_route=\/wp\/v2\/posts\/247748","targetHints":{"allow":["GET"]}}],"collection":[{"href":"https:\/\/www.diarioimagen.net\/index.php?rest_route=\/wp\/v2\/posts"}],"about":[{"href":"https:\/\/www.diarioimagen.net\/index.php?rest_route=\/wp\/v2\/types\/post"}],"author":[{"embeddable":true,"href":"https:\/\/www.diarioimagen.net\/index.php?rest_route=\/wp\/v2\/users\/3"}],"replies":[{"embeddable":true,"href":"https:\/\/www.diarioimagen.net\/index.php?rest_route=%2Fwp%2Fv2%2Fcomments&post=247748"}],"version-history":[{"count":0,"href":"https:\/\/www.diarioimagen.net\/index.php?rest_route=\/wp\/v2\/posts\/247748\/revisions"}],"wp:featuredmedia":[{"embeddable":true,"href":"https:\/\/www.diarioimagen.net\/index.php?rest_route=\/wp\/v2\/media\/247868"}],"wp:attachment":[{"href":"https:\/\/www.diarioimagen.net\/index.php?rest_route=%2Fwp%2Fv2%2Fmedia&parent=247748"}],"wp:term":[{"taxonomy":"category","embeddable":true,"href":"https:\/\/www.diarioimagen.net\/index.php?rest_route=%2Fwp%2Fv2%2Fcategories&post=247748"},{"taxonomy":"post_tag","embeddable":true,"href":"https:\/\/www.diarioimagen.net\/index.php?rest_route=%2Fwp%2Fv2%2Ftags&post=247748"}],"curies":[{"name":"wp","href":"https:\/\/api.w.org\/{rel}","templated":true}]}}