{"id":247782,"date":"2015-12-17T00:06:05","date_gmt":"2015-12-17T06:06:05","guid":{"rendered":"http:\/\/www.diarioimagen.net\/?p=247782"},"modified":"2015-12-17T02:53:06","modified_gmt":"2015-12-17T08:53:06","slug":"celebran-en-coacalco-posada-regional-navidena","status":"publish","type":"post","link":"https:\/\/www.diarioimagen.net\/?p=247782","title":{"rendered":"Celebran en Coacalco posada regional navide\u00f1a"},"content":{"rendered":"<ul>\n<li><strong><em>Les desea el gobernador felices fiestas<\/em><\/strong><\/li>\n<\/ul>\n<p>&nbsp;<\/p>\n<div id=\"attachment_247850\" style=\"width: 430px\" class=\"wp-caption aligncenter\"><a href=\"http:\/\/www.diarioimagen.net\/?attachment_id=247850\" rel=\"attachment wp-att-247850\"><img loading=\"lazy\" decoding=\"async\" aria-describedby=\"caption-attachment-247850\" class=\"size-large wp-image-247850\" src=\"http:\/\/www.diarioimagen.net\/wp-content\/uploads\/2015\/12\/COACALCO-2764-420x236.jpg\" alt=\"La alcaldesa Laura Nallily Gonz\u00e1lez Garc\u00eda y el diputado federal David S\u00e1nchez donaron aparatos el\u00e9ctricos.\" width=\"420\" height=\"236\" srcset=\"https:\/\/www.diarioimagen.net\/wp-content\/uploads\/2015\/12\/COACALCO-2764-420x236.jpg 420w, https:\/\/www.diarioimagen.net\/wp-content\/uploads\/2015\/12\/COACALCO-2764-240x135.jpg 240w, https:\/\/www.diarioimagen.net\/wp-content\/uploads\/2015\/12\/COACALCO-2764-235x132.jpg 235w, https:\/\/www.diarioimagen.net\/wp-content\/uploads\/2015\/12\/COACALCO-2764-202x114.jpg 202w, https:\/\/www.diarioimagen.net\/wp-content\/uploads\/2015\/12\/COACALCO-2764-350x196.jpg 350w, https:\/\/www.diarioimagen.net\/wp-content\/uploads\/2015\/12\/COACALCO-2764-220x123.jpg 220w, https:\/\/www.diarioimagen.net\/wp-content\/uploads\/2015\/12\/COACALCO-2764-237x132.jpg 237w, https:\/\/www.diarioimagen.net\/wp-content\/uploads\/2015\/12\/COACALCO-2764.jpg 480w\" sizes=\"auto, (max-width: 420px) 100vw, 420px\" \/><\/a><p id=\"caption-attachment-247850\" class=\"wp-caption-text\">La alcaldesa Laura Nallily Gonz\u00e1lez Garc\u00eda y el diputado federal David S\u00e1nchez donaron aparatos el\u00e9ctricos.<\/p><\/div>\n<p>&nbsp;<\/p>\n<p><strong>Coacalco, Estado de M\u00e9xico<\/strong>.- Familias se dieron cita en el deportivo Toltitl\u00e1n para disfrutar la posada regional navide\u00f1a y recibir presentes que el gobierno del Estado de M\u00e9xico envi\u00f3 para todos ellos, adem\u00e1s de escuchar un mensaje grabado del gobernador dese\u00e1ndoles una felices fiestas y refrendando su compromiso de continuar trabajando por hacer del Estado de M\u00e9xico un lugar m\u00e1s competitivo y con las mejores condiciones para vivir.<\/p>\n<p>Arturo Osornio S\u00e1nchez, secretario de Desarrollo Social y representante del gobernador en esta Regi\u00f3n XIV, agradeci\u00f3 la presencia de las familias mexiquenses de esta regi\u00f3n, dese\u00e1ndoles que \u201chaya mucha salud en sus casas, que haya mucha armon\u00eda, prosperidad para estas fiestas patrias y a\u00f1o venidero\u201d.<\/p>\n<p>Resalt\u00f3 los trabajos que se han realizado en toda esta parte del territorio mexiquense en beneficio de todas las familias, ya sea en materia de salud, deporte y comunicaciones.<\/p>\n<p>&nbsp;<\/p>\n","protected":false},"excerpt":{"rendered":"<p>Familias se dieron cita en el deportivo Toltitl\u00e1n para disfrutar la posada regional navide\u00f1a y recibir presentes que el gobierno del Estado de M\u00e9xico envi\u00f3 para todos ellos, adem\u00e1s de escuchar un mensaje grabado del gobernador dese\u00e1ndoles una felices fiestas y refrendando su compromiso de continuar trabajando por hacer del Estado de M\u00e9xico un lugar m\u00e1s competitivo y con las mejores condiciones para vivir.<\/p>\n","protected":false},"author":3,"featured_media":247850,"comment_status":"open","ping_status":"open","sticky":false,"template":"","format":"standard","meta":{"_monsterinsights_skip_tracking":false,"_monsterinsights_sitenote_active":false,"_monsterinsights_sitenote_note":"","_monsterinsights_sitenote_category":0,"footnotes":""},"categories":[35155],"tags":[579,43675,105],"class_list":["post-247782","post","type-post","status-publish","format-standard","has-post-thumbnail","hentry","category-estado-de-mexico-estado-de-mexico","tag-coacalco","tag-estado-de-mexico","tag-navidad"],"_links":{"self":[{"href":"https:\/\/www.diarioimagen.net\/index.php?rest_route=\/wp\/v2\/posts\/247782","targetHints":{"allow":["GET"]}}],"collection":[{"href":"https:\/\/www.diarioimagen.net\/index.php?rest_route=\/wp\/v2\/posts"}],"about":[{"href":"https:\/\/www.diarioimagen.net\/index.php?rest_route=\/wp\/v2\/types\/post"}],"author":[{"embeddable":true,"href":"https:\/\/www.diarioimagen.net\/index.php?rest_route=\/wp\/v2\/users\/3"}],"replies":[{"embeddable":true,"href":"https:\/\/www.diarioimagen.net\/index.php?rest_route=%2Fwp%2Fv2%2Fcomments&post=247782"}],"version-history":[{"count":0,"href":"https:\/\/www.diarioimagen.net\/index.php?rest_route=\/wp\/v2\/posts\/247782\/revisions"}],"wp:featuredmedia":[{"embeddable":true,"href":"https:\/\/www.diarioimagen.net\/index.php?rest_route=\/wp\/v2\/media\/247850"}],"wp:attachment":[{"href":"https:\/\/www.diarioimagen.net\/index.php?rest_route=%2Fwp%2Fv2%2Fmedia&parent=247782"}],"wp:term":[{"taxonomy":"category","embeddable":true,"href":"https:\/\/www.diarioimagen.net\/index.php?rest_route=%2Fwp%2Fv2%2Fcategories&post=247782"},{"taxonomy":"post_tag","embeddable":true,"href":"https:\/\/www.diarioimagen.net\/index.php?rest_route=%2Fwp%2Fv2%2Ftags&post=247782"}],"curies":[{"name":"wp","href":"https:\/\/api.w.org\/{rel}","templated":true}]}}