{"id":248107,"date":"2015-12-21T00:01:37","date_gmt":"2015-12-21T06:01:37","guid":{"rendered":"http:\/\/www.diarioimagen.net\/?p=248107"},"modified":"2015-12-22T00:47:36","modified_gmt":"2015-12-22T06:47:36","slug":"la-aerolinea-interjet-celebra-10-anos-de-servicio-con-la-presentacion-del-jack-fest-en-sus-mas-de-270-vuelos-diarios","status":"publish","type":"post","link":"https:\/\/www.diarioimagen.net\/?p=248107","title":{"rendered":"La aerol\u00ednea Interjet celebra 10 a\u00f1os de servicio, con la presentaci\u00f3n del Jack Fest, en sus m\u00e1s de 270 vuelos diarios"},"content":{"rendered":"<h2>De cinco estrellas<\/h2>\n<h5>Victoria Gonz\u00e1lez Prado<\/h5>\n<p>&nbsp;<\/p>\n<ul>\n<li><em><strong>Perry Cantarutti y Michael Wisbrun, nuevos directivos de Sky Team, alianza conformada por los directores generales<\/strong><\/em><\/li>\n<li><em><strong>Gerardo Ruiz Esparza, titular de la SCT, junto a su hom\u00f3logo de Estados Unidos, Anthony Foxx, signaron el Convenio Bilateral sobre Transportes A\u00e9reos<\/strong><\/em><\/li>\n<\/ul>\n<p>&nbsp;<\/p>\n<div id=\"attachment_248264\" style=\"width: 283px\" class=\"wp-caption alignleft\"><a href=\"http:\/\/www.diarioimagen.net\/?attachment_id=248264\" rel=\"attachment wp-att-248264\"><img loading=\"lazy\" decoding=\"async\" aria-describedby=\"caption-attachment-248264\" class=\" wp-image-248264\" src=\"http:\/\/www.diarioimagen.net\/wp-content\/uploads\/2015\/12\/turismo-2766-178x240.jpg\" alt=\"Francisco Arias y Patricio Massa.\" width=\"273\" height=\"368\" srcset=\"https:\/\/www.diarioimagen.net\/wp-content\/uploads\/2015\/12\/turismo-2766-178x240.jpg 178w, https:\/\/www.diarioimagen.net\/wp-content\/uploads\/2015\/12\/turismo-2766-311x420.jpg 311w, https:\/\/www.diarioimagen.net\/wp-content\/uploads\/2015\/12\/turismo-2766.jpg 519w\" sizes=\"auto, (max-width: 273px) 100vw, 273px\" \/><\/a><p id=\"caption-attachment-248264\" class=\"wp-caption-text\">Francisco Arias y Patricio Massa.<\/p><\/div>\n<p>Interjet celebra 10 a\u00f1os de servicio a distintos puntos del pa\u00eds y el extranjero con una noticia muy agradable para los pasajeros, durante todo el mes de diciembre la compa\u00f1\u00eda a\u00e9rea ofrece los whiskeys de la marca\u00a0<em>Jack Daniel\u2019s<\/em><em>\u00a0<\/em> en todos los vuelos de la aerol\u00ednea.<\/p>\n<p>En la presentaci\u00f3n, <strong>Francisco Arias<\/strong>, gerente de Servicios al cliente de Interjet asegur\u00f3 que la\u00a0aerol\u00ednea\u00a0surgi\u00f3 con el sue\u00f1o de hacer las cosas de manera diferente. \u201cEsa idea nos hizo volar tan alto\u00a0que decidimos aterrizarla hace 10 a\u00f1os para brindar el servicio que hoy en d\u00eda nadie m\u00e1s puede ofrecer\u201d.<\/p>\n<p>\u201cActualmente atendemos 47 destinos, 37 en la Rep\u00fablica Mexicana y 10 internacionales, como La Habana, Bogot\u00e1, Costa Rica, Guatemala, Houston, Las Vegas, Miami, Nueva York, San Antonio y Varadero.<\/p>\n<p>Asimismo, <strong>Patricio Massa<\/strong>,\u00a0<em>Senior Brand Manager<\/em>\u00a0de\u00a0la marca de whiskeys, indic\u00f3 que con la intenci\u00f3n de celebrar los diez a\u00f1os de Interjet durante todo diciembre se presentar\u00e1 el<em>\u00a0<\/em><em>Jack Fest,\u00a0<\/em>festival que durante todo el mes, tendr\u00e1 lugar a bordo de todas las rutas.<\/p>\n<p>Los anfitriones coincidieron en se\u00f1alar que el festival tiene la intenci\u00f3n de \u201chacer\u00a0la diferencia cuando vuelas a cualquiera de los destinos que opera la aerol\u00ednea\u201d y, recordaron que desde su creaci\u00f3n, Interjet se ha caracterizado por hacer las cosas de manera distinta, revolucionar la industria a\u00e9rea,\u00a0brindar servicio de calidad y festejar con sus pasajeros \u00e9ste, que es el primer\u00a0<em>Jack Fest. <\/em><\/p>\n<p>De esta forma, en los m\u00e1s de 270 vuelos diarios nacionales e internacionales, los pasajeros podr\u00e1n degustar <em>Jack Daniel\u2019s Tennessee Whiskey Old No. 7,<\/em> <em>Gentleman Jack<\/em> y <em>Jack Daniel\u2019s Tennessee Honey<\/em>.<\/p>\n<p>Al referirse a los whiskeys, <strong>Massa<\/strong> dijo que el ic\u00f3nico\u00a0<em>Jack Daniel\u2019s Old No. 7<\/em>\u00a0es suavizado gota a gota por medio\u00a0de carb\u00f3n de maple, lo que le da su sabor y aroma caracter\u00edsticos. El <em>Gentleman Jack,<\/em> es el\u00a0whiskey\u00a0m\u00e1s sofisticado, suave y ligero de la marca<em>, <\/em>es el \u00fanico en el mundo con un doble suavizado en carb\u00f3n de maple para lograr un cuerpo m\u00e1s ligero y suavidad excepcional. El m\u00e1s reciente\u00a0whiskey\u00a0de la familia es,\u00a0<em>Jack Daniel\u2019s Tennessee Honey<\/em>, con un toque de miel. Es dulce y suave, pero con el car\u00e1cter de Jack.<\/p>\n<p>Se refiri\u00f3 tambi\u00e9n a la opci\u00f3n de disfrutar de la categor\u00eda RTD <em>(ready to drink),<\/em> dos mezclas cl\u00e1sicas para tomarse en versiones enlatadas:\u00a0<em>Jack &amp; Cola<\/em>\u00a0y\u00a0<em>Jack &amp; Ginger,<\/em>\u00a0que son el primer RTD de\u00a0whiskey\u00a0en el mercado mexicano.<\/p>\n<p>\u201cEstamos felices de celebrar con Interjet esta nueva experiencia y\u00a0ofrecer nuestros productos a los pasajeros en un espacio dedicado tanto a nuestros seguidores como a todos los amantes del\u00a0whiskey\u00a0en general\u201d, concluy\u00f3.<\/p>\n<p style=\"line-height: 1.5;\"><span style=\"line-height: 1.5;\">\u2730\u2730\u2730\u2730\u2730<\/span> <em>SkyTeam,<\/em> la alianza a\u00e9rea global, nombr\u00f3 a nuevos directivos: <strong>Perry Cantarutti<\/strong>, director general, y <strong>Michael Wisbrun<\/strong>, presidente de la Junta de Gobierno. Ambos nombramientos fueron dados a conocer durante una reuni\u00f3n\u00a0\u00a0 conformada por los directores generales y presidentes de las 20 aerol\u00edneas socias. As\u00ed. <strong>Leo van Wijk<\/strong> se retira despu\u00e9s de m\u00e1s de ocho a\u00f1os como presidente de <em>SkyTeam.<\/em><\/p>\n<p><strong>Perry Cantarutti<\/strong> se integra al equipo, dejando su puesto como vicepresidente ejecutivo para Europa, Medio Oriente y \u00c1frica en <em>Delta Air Lines.<\/em> Durante los cinco a\u00f1os que ocup\u00f3 este cargo, fue un elemento clave para la aerol\u00ednea, elev\u00f3 al m\u00e1ximo la rentabilidad de sus operaciones trasatl\u00e1nticas e identific\u00f3 las oportunidades de crecimiento con <em>Air France, KLM<\/em> y <em>Alitalia<\/em>: la alianza m\u00e1s grande de la industria a\u00e9rea en el trasatl\u00e1ntico.<\/p>\n<p>\u201c<strong>Perry <\/strong>aportar\u00e1 su experiencia de m\u00e1s de 23 a\u00f1os en la industria de la aviaci\u00f3n, que sumada a su trayectoria como el arquitecto de exitosas alianzas entre aerol\u00edneas y administrador de resultados centrados en las necesidades de los clientes, apunta a que ser\u00e1 un din\u00e1mico l\u00edder de <em>SkyTeam\u201d,<\/em> se\u00f1al\u00f3 <strong>Michael Wisbrun<\/strong>, el nuevo presidente.<\/p>\n<p>De igual forma,<strong> Cantarutti <\/strong>se\u00f1al\u00f3 \u201cen nombre de todos los miembros de <em>SkyTeam,<\/em> quiero agradecer y felicitar a <strong>Leo <\/strong>por sus ocho a\u00f1os liderando la alianza como presidente, as\u00ed como su orientaci\u00f3n y asesor\u00eda durante este periodo de crecimiento. En el tiempo que ocup\u00f3 este cargo, trabajando junto con <strong>Michael<\/strong> como director general, <em>SkyTeam<\/em> asegur\u00f3 una posici\u00f3n de liderazgo en la regi\u00f3n de China, aument\u00f3 su presencia a nivel mundial y se distingui\u00f3 por ser una alianza centrada en las necesidades de los clientes\u201d.<\/p>\n<p style=\"line-height: 1.5;\"><span style=\"line-height: 1.5;\">\u2730\u2730\u2730\u2730\u2730<\/span> Desde Washington, el titular de la Secretar\u00eda de Comunicaciones y Transportes (SCT), <strong>Gerardo Ruiz Esparza<\/strong>, junto a su hom\u00f3logo de Estados Unidos, <strong>Anthony Foxx,<\/strong> signaron el Convenio Bilateral sobre Transportes A\u00e9reos que refrenda el alto nivel de cooperaci\u00f3n y corresponsabilidad que caracteriza la relaci\u00f3n entre ambas naciones.<\/p>\n<p>Tuvieron que pasar 55 a\u00f1os para renovar el documento vigente; sin embargo, hoy se abre una etapa en la relaci\u00f3n bilateral, para contribuir a la consolidaci\u00f3n de Am\u00e9rica del Norte como relevante regi\u00f3n econ\u00f3mica, comercial y tur\u00edstica en el mundo.<\/p>\n<p>Sin lugar a dudas, es un paso m\u00e1s para fortalecer a M\u00e9xico como una plataforma log\u00edstica global de alto valor agregado,\u00a0porque tambi\u00e9n beneficiar\u00e1 a la Uni\u00f3n Americana y a las aerol\u00edneas mexicanas, al permitir mayor acceso al mercado para las compa\u00f1\u00edas a\u00e9reas de pasajeros y carga. El nuevo acuerdo, eleva la relaci\u00f3n comercial y econ\u00f3mica entre ambos pa\u00edses, pues reforzar\u00e1 el intercambio tur\u00edstico y de negocios.<\/p>\n<p>Algunos de los principales beneficios que traer\u00e1 para nuestro pa\u00eds, el nuevo Acuerdo Bilateral de Servicios A\u00e9reos son:<\/p>\n<p>Se fomenta la competencia, as\u00ed como m\u00e1s destinos, frecuencias y mejores tarifas a\u00e9reas; se ampl\u00eda la conectividad y el intercambio tur\u00edstico y comercial entre las dos naciones; abre nuevas oportunidades de desarrollo al transporte a\u00e9reo; Refuerza un alto grado de seguridad a las operaciones a\u00e9reas y, propicia la cooperaci\u00f3n de las aerol\u00edneas en beneficio de los usuarios y del intercambio comercial<\/p>\n<p>El acuerdo tambi\u00e9n contempla la posibilidad de ampliar las quintas libertades, las cuales consisten en que una aerol\u00ednea puede cargar pasaje en su pa\u00eds de origen, transportarlo a su contraparte, descargar pasaje y servirse, y volar hacia un pa\u00eds tercero.<\/p>\n<p>\u201cEn el acuerdo se mantienen las llamadas quintas libertades, no obstante se establecen las bases para que en atenci\u00f3n al inter\u00e9s p\u00fablico las autoridades aeron\u00e1uticas de ambos pa\u00edses sean las que aprueben las solicitudes cuando se presenten nuevos casos\u201d, detall\u00f3 <strong>Ruiz Esparza<\/strong>.<\/p>\n<p>De las restricciones qued\u00f3 asentado que s\u00f3lo dos empresas transportistas por cada pa\u00eds pueden operar una ruta. \u201cCualquier aerol\u00ednea mexicana o estadounidense podr\u00e1 transportar pasajeros entre ciudades de ambos pa\u00edses sin l\u00edmite de frecuencias, destinos o de capacidades de las aeronaves, lo cual redundar\u00e1 en mayor<strong>\u00a0<\/strong>tr\u00e1fico de pasajeros y mercanc\u00edas, servicios de mayor calidad y a menores costos\u201d.<\/p>\n<p>Cabe destacar que el<strong>\u00a0<\/strong>transporte de viajeros a\u00e9reos entre M\u00e9xico y Estados Unidos representa el 72% del total de pasajeros que viajan internacionalmente con el pa\u00eds.<\/p>\n<p>Aqu\u00ed el texto \u00edntegro: <a href=\"http:\/\/www.gob.mx\/sct\/documentos\/acuerdo-sobre-transporte-aereo-entre-el-gobierno-de-los-estados-unidos-de-america-y-el-gobierno-de-los-estados-unidos-mexicanos\" target=\"_blank\">http:\/\/www.gob.mx\/sct\/documentos\/acuerdo-sobre-transporte-aereo-entre-el-gobierno-de-los-estados-unidos-de-america-y-el-gobierno-de-los-estados-unidos-mexicanos<\/a><\/p>\n<p><em><i><a href=\"mailto:victoriagprado@gmail.com\" target=\"_blank\">victoriagprado@gmail.com<\/a><\/i><\/em><\/p>\n","protected":false},"excerpt":{"rendered":"<p>Interjet celebra 10 a\u00f1os de servicio a distintos puntos del pa\u00eds y el extranjero con una noticia muy agradable para los pasajeros, durante todo el mes de diciembre la compa\u00f1\u00eda a\u00e9rea ofrece los whiskeys de la marca Jack Daniel\u2019s  en todos los vuelos de la aerol\u00ednea.<\/p>\n","protected":false},"author":3,"featured_media":248265,"comment_status":"open","ping_status":"open","sticky":false,"template":"","format":"standard","meta":{"_monsterinsights_skip_tracking":false,"_monsterinsights_sitenote_active":false,"_monsterinsights_sitenote_note":"","_monsterinsights_sitenote_category":0,"footnotes":""},"categories":[11],"tags":[107,43674,43681,106],"class_list":["post-248107","post","type-post","status-publish","format-standard","has-post-thumbnail","hentry","category-turismo","tag-de-cinco-estrellas","tag-opinion","tag-turismo","tag-victoria-gonzalez-prado"],"_links":{"self":[{"href":"https:\/\/www.diarioimagen.net\/index.php?rest_route=\/wp\/v2\/posts\/248107","targetHints":{"allow":["GET"]}}],"collection":[{"href":"https:\/\/www.diarioimagen.net\/index.php?rest_route=\/wp\/v2\/posts"}],"about":[{"href":"https:\/\/www.diarioimagen.net\/index.php?rest_route=\/wp\/v2\/types\/post"}],"author":[{"embeddable":true,"href":"https:\/\/www.diarioimagen.net\/index.php?rest_route=\/wp\/v2\/users\/3"}],"replies":[{"embeddable":true,"href":"https:\/\/www.diarioimagen.net\/index.php?rest_route=%2Fwp%2Fv2%2Fcomments&post=248107"}],"version-history":[{"count":0,"href":"https:\/\/www.diarioimagen.net\/index.php?rest_route=\/wp\/v2\/posts\/248107\/revisions"}],"wp:featuredmedia":[{"embeddable":true,"href":"https:\/\/www.diarioimagen.net\/index.php?rest_route=\/wp\/v2\/media\/248265"}],"wp:attachment":[{"href":"https:\/\/www.diarioimagen.net\/index.php?rest_route=%2Fwp%2Fv2%2Fmedia&parent=248107"}],"wp:term":[{"taxonomy":"category","embeddable":true,"href":"https:\/\/www.diarioimagen.net\/index.php?rest_route=%2Fwp%2Fv2%2Fcategories&post=248107"},{"taxonomy":"post_tag","embeddable":true,"href":"https:\/\/www.diarioimagen.net\/index.php?rest_route=%2Fwp%2Fv2%2Ftags&post=248107"}],"curies":[{"name":"wp","href":"https:\/\/api.w.org\/{rel}","templated":true}]}}