{"id":248119,"date":"2015-12-21T00:08:44","date_gmt":"2015-12-21T06:08:44","guid":{"rendered":"http:\/\/www.diarioimagen.net\/?p=248119"},"modified":"2015-12-21T01:37:45","modified_gmt":"2015-12-21T07:37:45","slug":"comienzan-vacaciones-mas-de-26-millones-de-alumnos","status":"publish","type":"post","link":"https:\/\/www.diarioimagen.net\/?p=248119","title":{"rendered":"Comienzan vacaciones m\u00e1s de 26 millones de alumnos"},"content":{"rendered":"<ul>\n<li><strong><em>Regresar\u00e1n a las aulas el jueves 7 de enero<\/em><\/strong><\/li>\n<\/ul>\n<p>&nbsp;<\/p>\n<div id=\"attachment_248212\" style=\"width: 430px\" class=\"wp-caption aligncenter\"><a href=\"http:\/\/www.diarioimagen.net\/?attachment_id=248212\" rel=\"attachment wp-att-248212\"><img loading=\"lazy\" decoding=\"async\" aria-describedby=\"caption-attachment-248212\" class=\"size-large wp-image-248212\" src=\"http:\/\/www.diarioimagen.net\/wp-content\/uploads\/2015\/12\/vacaciones-2766-420x236.jpg\" alt=\"Estudiantes y maestros que viajen en trenes y autobuses tendr\u00e1n un descuento de 50 y 25 por ciento en esta temporada.\" width=\"420\" height=\"236\" srcset=\"https:\/\/www.diarioimagen.net\/wp-content\/uploads\/2015\/12\/vacaciones-2766-420x236.jpg 420w, https:\/\/www.diarioimagen.net\/wp-content\/uploads\/2015\/12\/vacaciones-2766-240x135.jpg 240w, https:\/\/www.diarioimagen.net\/wp-content\/uploads\/2015\/12\/vacaciones-2766-235x132.jpg 235w, https:\/\/www.diarioimagen.net\/wp-content\/uploads\/2015\/12\/vacaciones-2766-202x114.jpg 202w, https:\/\/www.diarioimagen.net\/wp-content\/uploads\/2015\/12\/vacaciones-2766-350x196.jpg 350w, https:\/\/www.diarioimagen.net\/wp-content\/uploads\/2015\/12\/vacaciones-2766-220x123.jpg 220w, https:\/\/www.diarioimagen.net\/wp-content\/uploads\/2015\/12\/vacaciones-2766-237x132.jpg 237w, https:\/\/www.diarioimagen.net\/wp-content\/uploads\/2015\/12\/vacaciones-2766.jpg 480w\" sizes=\"auto, (max-width: 420px) 100vw, 420px\" \/><\/a><p id=\"caption-attachment-248212\" class=\"wp-caption-text\">Estudiantes y maestros que viajen en trenes y autobuses tendr\u00e1n un descuento de 50 y 25 por ciento en esta temporada.<\/p><\/div>\n<p>&nbsp;<\/p>\n<p>M\u00e1s de 26 millones de estudiantes de nivel b\u00e1sico de todo el pa\u00eds iniciar\u00e1n este 21 de diciembre el periodo vacacional de fin de a\u00f1o, para regresar a las aulas el jueves 7 de enero.<\/p>\n<p>Toda vez que el calendario establece 200 d\u00edas de clases para los alumnos de educaci\u00f3n b\u00e1sica cuya matr\u00edcula para el presente ciclo preescolar es de m\u00e1s de 4 millones 852 mil 242 alumnos.<\/p>\n<p>De ese total, 4 millones 803 mil 77 alumnos cursan el nivel preescolar, 14 millones 344 mil 885 primaria y 6 millones 821 mil 621 la secundaria.<\/p>\n<p>Tambi\u00e9n descansar\u00e1n un mill\u00f3n 209 mil profesores: 227 mil 948 de nivel preescolar, 570 mil 566 de primaria y 410 mil 912 de secundaria.<\/p>\n<p>El n\u00famero de escuelas de preescolar registradas ante la Secretar\u00eda de Educaci\u00f3n P\u00fablica (SEP) es de 91 mil 379, el de primaria de 98 mil 699 y el de secundaria de 38 mil 940, con lo que suman 229 mil 018 los planteles de educaci\u00f3n b\u00e1sica en todo el pa\u00eds.<\/p>\n<p>Seg\u00fan el calendario escolar 2015-2016, vigente en todas las escuelas de educaci\u00f3n preescolar, primaria, secundaria y normal, el ciclo escolar inici\u00f3 el lunes 24 de agosto de 2015 y concluir\u00e1 el viernes 15 de julio de 2016, con 198 d\u00edas efectivos de clases.<\/p>\n<p>Prev\u00e9 dos periodos vacacionales, siete d\u00edas de asueto y suspensi\u00f3n de actividades los \u00faltimos viernes de cada mes por el Consejo T\u00e9cnico Escolar.<\/p>\n<p>El primer periodo vacacional abarca del martes 22 de diciembre de 2015 al mi\u00e9rcoles 6 de enero de 2016 y el segundo, por Semana Santa y Pascua, del martes 22 de marzo al lunes 4 de abril de 2016.<\/p>\n<p>El calendario ubica tres fines de semana largos: el primero corresponde al D\u00eda de la Revoluci\u00f3n, el 16 de noviembre de 2015; el segundo al D\u00eda de la Constituci\u00f3n, el 1 de febrero de 2016, y el tercero para el natalicio de Benito Ju\u00e1rez, el 21 de marzo de 2016.<\/p>\n<p style=\"text-align: center;\"><strong>Otorgan descuentos de 50% a estudiantes por vacaciones <\/strong><\/p>\n<p>Con motivo del periodo vacacional de fin de a\u00f1o, estudiantes y maestros que viajen en trenes y autobuses tendr\u00e1n un descuento de 50 y 25 por ciento, respectivamente, inform\u00f3 la Secretar\u00eda de Comunicaciones y Transportes (SCT).<\/p>\n<p>Los prestadores de servicios ferroviarios y de autotransporte federal de pasajeros otorgar\u00e1n los descuentos en el periodo vacacional que aprob\u00f3 la Secretar\u00eda de Educaci\u00f3n P\u00fablica (SEP), del martes 22 de diciembre al mi\u00e9rcoles 6 de enero.<\/p>\n<p>La dependencia federal indic\u00f3 que el beneficio tambi\u00e9n se aplicar\u00e1 durante los periodos de vacaciones aprobados por las diversas universidades del pa\u00eds para el mismo ciclo lectivo.<\/p>\n<p>Para hacer efectivo el descuento, los estudiantes y maestros deber\u00e1n acreditar su car\u00e1cter ante los prestadores de servicios, mediante la credencial correspondiente en vigor o con una constancia que expida la escuela a la que pertenecen.<\/p>\n<p>La constancia deber\u00e1 contener cuando menos el nombre y sello de la escuela o universidad y especificar que los interesados se encuentran en el periodo de vacaciones, as\u00ed como su tiempo de duraci\u00f3n.<\/p>\n<p>Las credenciales para acreditar el derecho al descuento ser\u00e1n solo de las instituciones educativas integradas a los sistemas de educaci\u00f3n de la SEP, direcciones o departamentos de educaci\u00f3n en las entidades federativas.<\/p>\n<p>As\u00ed como de la Universidad Nacional Aut\u00f3noma de M\u00e9xico (UNAM), el Instituto Polit\u00e9cnico Nacional (IPN), universidades de toda la Rep\u00fablica, institutos, escuelas libres de derecho, comercio y homeopat\u00eda, Colegio de Bachilleres y escuelas incorporadas a las mismas.<\/p>\n<p>Los prestadores de servicios ferroviarios y los permisionarios del servicio de autotransporte federal de pasajeros deber\u00e1n poner a la venta los boletos a los estudiantes y maestros con la misma anticipaci\u00f3n que los normales, destac\u00f3 la SCT.<\/p>\n<p>Adem\u00e1s, en dichos boletos deber\u00e1 anotarse la leyenda \u201cvacaciones\u201d, se\u00f1al\u00f3 Comunicaciones y Transportes.<\/p>\n<p>Las quejas por incumplimiento a esta disposici\u00f3n en las tarifas ferroviarias podr\u00e1n presentarse ante la Direcci\u00f3n General de Transporte Ferroviario y Multimodal, y las de autotransporte, ante la Direcci\u00f3n General de Autotransporte Federal. O bien, para ambos casos, ante el Departamento de Autotransporte Federal del Centro SCT que corresponda al domicilio del usuario.<\/p>\n<p style=\"text-align: center;\"><strong>AICM contin\u00faa con\u00a0operativo vacacional <\/strong><\/p>\n<p>Desde el pasado 11 de diciembre y hasta el 10 de enero de 2016, el aeropuerto capitalino cuenta con el Plan de Acci\u00f3n para el Periodo Vacacional de Invierno, a fin de garantizar y mantener la seguridad y salvaguarda de pasajeros, usuarios, instalaciones, l\u00edneas a\u00e9reas, dependencias y prestadores de servicios.<\/p>\n<p>El operativo, expuso el Aeropuerto Internacional Benito Ju\u00e1rez de la Ciudad de M\u00e9xico (AICM), considera el fortalecimiento de la seguridad en la zona de ambulatorios, filtros, llegadas y salidas, salas de \u00faltima espera, zonas comerciales, vialidades, estacionamientos en las dos terminales y zona operativa de pistas y plataformas.<\/p>\n<p>Se reforzaron los patrullajes en toda el \u00e1rea perimetral y vialidades del aer\u00f3dromo, para inhibir la comisi\u00f3n de delitos y responder con oportunidad ante cualquier eventualidad.<\/p>\n<p>Adem\u00e1s, participan elementos de Empresas de Seguridad contratadas por el AICM, Polic\u00eda Federal, Procuradur\u00eda General de Justicia del Distrito Federal, Polic\u00eda Auxiliar capitalina, as\u00ed como brigadas de seguridad que realizan recorridos permanentes en ambas terminales.<\/p>\n<p>El plan est\u00e1 a cargo de la Direcci\u00f3n General del AICM, la Direcci\u00f3n General Adjunta Comercial y de Servicios y la Direcci\u00f3n General Adjunta de Operaci\u00f3n, as\u00ed como el \u00e1rea de M\u00f3dulos de Informaci\u00f3n, personal del Servicio M\u00e9dico y de L\u00edneas A\u00e9reas, en coordinaci\u00f3n con la Comandancia del Aeropuerto.<\/p>\n<p style=\"text-align: center;\"><strong>Listas, terminales a\u00e9reas\u00a0para vacaciones de fin de a\u00f1o <\/strong><\/p>\n<p>Por su parte, Aeropuertos y Servicios Auxiliares (ASA) report\u00f3 listas sus 18 terminales a\u00e9reas para atender y facilitar el tr\u00e1nsito de personas durante el periodo vacacional de fin de a\u00f1o que inici\u00f3 el pr\u00f3ximo 18 de diciembre.<\/p>\n<p>Se trata de los aeropuertos de Campeche, Ciudad del Carmen, Ciudad Obreg\u00f3n, Ciudad Victoria, Chetumal, Colima, Guaymas, Loreto, Matamoros, Nogales, Nuevo Laredo, Poza Rica, Puebla, Puerto Escondido, Tamu\u00edn, Tehuac\u00e1n, Tepic y Uruapan.<\/p>\n<p>Asimismo, las 60 estaciones de combustible, distribuidas en todo el pa\u00eds, se reportan listas para atender las necesidades de las l\u00edneas a\u00e9reas en materia de servicios de turbosina y gasavi\u00f3n, de acuerdo con un comunicado del operador aeroportuario.<\/p>\n<p>Adicionalmente, Aeropuertos y Servicios Auxiliares inform\u00f3 que mantendr\u00e1 una estrecha coordinaci\u00f3n con representantes de l\u00edneas a\u00e9reas, autoridades locales y federales, migraci\u00f3n, aduanas y prestadores de servicios, adem\u00e1s supervisar\u00e1 permanentemente el servicio de transportaci\u00f3n terrestre de pasajeros, para verificar la correcta aplicaci\u00f3n de tarifas autorizadas.<\/p>\n<p>De forma paralela se instrumentar\u00e1n medidas similares en los aeropuertos que ASA opera y mantiene en sociedad, como son: Cuernavaca, Palenque, Quer\u00e9taro, Toluca y Tuxtla Guti\u00e9rrez.<\/p>\n<p>&nbsp;<\/p>\n","protected":false},"excerpt":{"rendered":"<p>M\u00e1s de 26 millones de estudiantes de nivel b\u00e1sico de todo el pa\u00eds iniciar\u00e1n este 21 de diciembre el periodo vacacional de fin de a\u00f1o, para regresar a las aulas el jueves 7 de enero. Toda vez que el calendario establece 200 d\u00edas de clases para los alumnos de educaci\u00f3n b\u00e1sica cuya matr\u00edcula para el presente ciclo preescolar es de m\u00e1s de 4 millones 852 mil 242 alumnos.<\/p>\n","protected":false},"author":3,"featured_media":248212,"comment_status":"open","ping_status":"open","sticky":false,"template":"","format":"standard","meta":{"_monsterinsights_skip_tracking":false,"_monsterinsights_sitenote_active":false,"_monsterinsights_sitenote_note":"","_monsterinsights_sitenote_category":0,"footnotes":""},"categories":[3],"tags":[19577,2014,14942,43673,105,47483,459,4566],"class_list":["post-248119","post","type-post","status-publish","format-standard","has-post-thumbnail","hentry","category-nacional","tag-alumnos","tag-estudiantes","tag-fin-de-ano","tag-nacional","tag-navidad","tag-nivel-basico","tag-sep","tag-vaciones"],"_links":{"self":[{"href":"https:\/\/www.diarioimagen.net\/index.php?rest_route=\/wp\/v2\/posts\/248119","targetHints":{"allow":["GET"]}}],"collection":[{"href":"https:\/\/www.diarioimagen.net\/index.php?rest_route=\/wp\/v2\/posts"}],"about":[{"href":"https:\/\/www.diarioimagen.net\/index.php?rest_route=\/wp\/v2\/types\/post"}],"author":[{"embeddable":true,"href":"https:\/\/www.diarioimagen.net\/index.php?rest_route=\/wp\/v2\/users\/3"}],"replies":[{"embeddable":true,"href":"https:\/\/www.diarioimagen.net\/index.php?rest_route=%2Fwp%2Fv2%2Fcomments&post=248119"}],"version-history":[{"count":0,"href":"https:\/\/www.diarioimagen.net\/index.php?rest_route=\/wp\/v2\/posts\/248119\/revisions"}],"wp:featuredmedia":[{"embeddable":true,"href":"https:\/\/www.diarioimagen.net\/index.php?rest_route=\/wp\/v2\/media\/248212"}],"wp:attachment":[{"href":"https:\/\/www.diarioimagen.net\/index.php?rest_route=%2Fwp%2Fv2%2Fmedia&parent=248119"}],"wp:term":[{"taxonomy":"category","embeddable":true,"href":"https:\/\/www.diarioimagen.net\/index.php?rest_route=%2Fwp%2Fv2%2Fcategories&post=248119"},{"taxonomy":"post_tag","embeddable":true,"href":"https:\/\/www.diarioimagen.net\/index.php?rest_route=%2Fwp%2Fv2%2Ftags&post=248119"}],"curies":[{"name":"wp","href":"https:\/\/api.w.org\/{rel}","templated":true}]}}