{"id":248505,"date":"2015-12-23T00:10:42","date_gmt":"2015-12-23T06:10:42","guid":{"rendered":"http:\/\/www.diarioimagen.net\/?p=248505"},"modified":"2015-12-23T02:32:02","modified_gmt":"2015-12-23T08:32:02","slug":"reconoce-gdf-bendicion-de-rivera-al-uso-de-la-mariguana","status":"publish","type":"post","link":"https:\/\/www.diarioimagen.net\/?p=248505","title":{"rendered":"Reconoce GDF bendici\u00f3n de Rivera al uso de mariguana"},"content":{"rendered":"<ul>\n<li><strong><em>Afirma Mancera que continuar\u00e1 impulsando su iniciativa<\/em><\/strong><\/li>\n<\/ul>\n<p>&nbsp;<\/p>\n<div id=\"attachment_248624\" style=\"width: 430px\" class=\"wp-caption aligncenter\"><a href=\"http:\/\/www.diarioimagen.net\/?attachment_id=248624\" rel=\"attachment wp-att-248624\"><img loading=\"lazy\" decoding=\"async\" aria-describedby=\"caption-attachment-248624\" class=\"size-large wp-image-248624\" src=\"http:\/\/www.diarioimagen.net\/wp-content\/uploads\/2015\/12\/mancera-2768-420x236.jpg\" alt=\"El jefe de gobierno capitalino, Miguel \u00c1ngel Mancera, expres\u00f3 su benepl\u00e1cito por la postura del arzobispo Norberto Rivera, sobre el uso medicinal de la mariguana.\" width=\"420\" height=\"236\" srcset=\"https:\/\/www.diarioimagen.net\/wp-content\/uploads\/2015\/12\/mancera-2768-420x236.jpg 420w, https:\/\/www.diarioimagen.net\/wp-content\/uploads\/2015\/12\/mancera-2768-240x135.jpg 240w, https:\/\/www.diarioimagen.net\/wp-content\/uploads\/2015\/12\/mancera-2768-235x132.jpg 235w, https:\/\/www.diarioimagen.net\/wp-content\/uploads\/2015\/12\/mancera-2768-202x114.jpg 202w, https:\/\/www.diarioimagen.net\/wp-content\/uploads\/2015\/12\/mancera-2768-350x196.jpg 350w, https:\/\/www.diarioimagen.net\/wp-content\/uploads\/2015\/12\/mancera-2768-220x123.jpg 220w, https:\/\/www.diarioimagen.net\/wp-content\/uploads\/2015\/12\/mancera-2768-237x132.jpg 237w, https:\/\/www.diarioimagen.net\/wp-content\/uploads\/2015\/12\/mancera-2768.jpg 480w\" sizes=\"auto, (max-width: 420px) 100vw, 420px\" \/><\/a><p id=\"caption-attachment-248624\" class=\"wp-caption-text\">El jefe de gobierno capitalino, Miguel \u00c1ngel Mancera, expres\u00f3 su benepl\u00e1cito por la postura del arzobispo Norberto Rivera, sobre el uso medicinal de la mariguana.<\/p><\/div>\n<p>&nbsp;<\/p>\n<p>El jefe de gobierno del Distrito Federal, Miguel \u00c1ngel Mancera Espinosa, recibi\u00f3 con benepl\u00e1cito las declaraciones del cardenal Norberto Rivera Carrera en las que apoya el uso de la mariguana con fines medicinales.<\/p>\n<p>\u201cEscuchamos, obviamente con benepl\u00e1cito tambi\u00e9n este pronunciamiento. Me parece que el planteamiento est\u00e1 muy claro, el beneficio, el bienestar y, por supuesto, el trabajo que puede ser por la salud de todas las personas del pa\u00eds, es fundamental\u201d.<\/p>\n<p>Mancera Espinosa destac\u00f3 que continuar\u00e1 con el impulso de esta iniciativa, por los beneficios que representa; por ello tambi\u00e9n insistir\u00e1n ante autoridades de la Secretar\u00eda de Salud federal para abordar el tema.<\/p>\n<p>\u201cMuy seguramente el secretario de Salud estar\u00e1 en contacto tambi\u00e9n con los hom\u00f3logos de la Secretar\u00eda de Salud federal. Estoy seguro que los diputados, diputadas, buscar\u00e1n tambi\u00e9n la opini\u00f3n de ellos, es muy importante la opini\u00f3n de Cofepris. Yo creo que ah\u00ed vamos a tener un avance sustancial\u201d, sostuvo.<\/p>\n<p>Asimismo, afirm\u00f3 que no pretende dejar este tema, porque cree en \u00e9l, refiri\u00f3 que se han revisado los protocolos, los diferentes medicamentos que ya existen y consider\u00f3 que es una gran oportunidad para la mejora de calidad de vida de muchas personas.<\/p>\n<p>El jefe de gobierno del Distrito Federal ha expresado que los medicamentos que contienen mariguana deben producirse en el pa\u00eds, como parte de la regulaci\u00f3n para el uso terape\u00fatico de la cannabis.<\/p>\n<p>Ya est\u00e1n los laboratorios, ya est\u00e1n los medicamentos probados, \u00bfpor qu\u00e9 tiene que ser un delito en M\u00e9xico eso? \u00bfCu\u00e1ntas veces no hemos ido a una cirug\u00eda y nos recetan un medicamento para calmar el dolor? Pues esos llevan sustancias activas tambi\u00e9n, asever\u00f3.<\/p>\n<p>A decir del mandatario local, ser\u00eda bueno que dichos medicamentos ya estuvieran produciendose en M\u00e9xico, en beneficio de los laboratorios nacionales, \u201cque la gente de aqu\u00ed tuviera ingresos, que hubiera trabajadores de nuestro pa\u00eds\u201d, expres\u00f3.<\/p>\n<p>Cabe recordar que Mancera present\u00f3 una iniciativa de reforma a los art\u00edculos 237 y 245 de la Ley General de Salud, para permitir el uso medicinal de la mariguana.<\/p>\n<p>Esta iniciativa, aclar\u00f3 en su momento Mancera, solamente tiene un fin terap\u00e9utico. \u201cLo que presentamos como iniciativa es para que esos medicamentos no se tengan que obtener a trav\u00e9s de un juicio de amparo\u201d, expres\u00f3.<\/p>\n<p style=\"text-align: center;\"><strong>La bendici\u00f3n de Norberto Rivera<\/strong><\/p>\n<p>El pasado fin de semana el arzobispo primado de M\u00e9xico, cardenal Norberto Rivera Carrera, se mostr\u00f3 a favor del uso terap\u00e9utico de la cannabis, al se\u00f1alar que \u201csobre la propuesta de que la mariguana sea utilizada para fines medicinales, nosotros no tenemos ning\u00fan problema\u201d.<\/p>\n<p>\u201cConsumir \u00e9sta y otras drogas con fines distintos al de la salud crea adictos y las adicciones hacen familias infelices, que viven un infierno por los tipos de comportamientos que la persona adicta empieza a mostrar\u201d, expuso en un comunicado.<\/p>\n<p>Refiri\u00f3 que la eventual legalizaci\u00f3n de esta droga de ninguna manera es suficiente para acabar con el crimen organizado, pues \u00e9ste es un fen\u00f3meno m\u00e1s extenso que comprende otras actividades delictivas como secuestro y trata de personas.<\/p>\n<p>Respecto a la discusi\u00f3n que algunas dependencias u organizaciones realizan para abordar el proyecto de legalizarla o no, Rivera Carrera indic\u00f3 que la Arquidi\u00f3cesis Primada de M\u00e9xico no ha recibido hasta el momento ninguna invitaci\u00f3n para participar en alg\u00fan foro.<\/p>\n<p style=\"text-align: center;\"><strong>El PRI, listo para el debate<\/strong><\/p>\n<p>Por su parte, el l\u00edder nacional del Partido Revolucionario Institucional (PRI), Manlio Fabio Beltrones, asegur\u00f3 que el debate sobre el uso de la mariguana es inevitable y declar\u00f3 listo a su partido para participar en \u00e9l.<\/p>\n<p>\u201cSe da entre la sociedad o se dar\u00e1 en el Congreso, en donde se tienen que aprobar modificaciones legales y toda modificaci\u00f3n legal viene precedida de un debate\u201d, subray\u00f3.<\/p>\n<p>Refiri\u00f3 que su partido llev\u00f3 a cabo una consulta en redes sociales sobre el uso de la mariguana con fines medicinales, \u201cla cual nos dio un resultado favorable a su aprobaci\u00f3n, pero es una consulta solamente sobre aquellos que quisieron participar\u201d.<\/p>\n<p>El dirigente pri\u00edsta dijo estar seguro \u201cque despu\u00e9s de obtener esta respuesta en redes por nuestros militantes, estamos listos para ir a cualquier debate \u2014en donde se presente\u2014 para dar nuestra posici\u00f3n\u201d.<\/p>\n<p>La propuesta es seria, \u201cporque tiene car\u00e1cter medicinal, pero el debate va a ser importante, sobre todo porque tenemos que ver qu\u00e9 suceder\u00e1 despu\u00e9s de aprobarse para fines l\u00fadicos, medicinales y algunas otras propuestas que van a estar sobre la mesa\u201d.<\/p>\n<p>Enfatiz\u00f3 que el PRI tiene la convicci\u00f3n de que no hay quien no quiera debatir al respecto, y una posici\u00f3n mayoritaria -sobre todo en redes- de militantes priistas que piden se acepte una propuesta de esa naturaleza.<\/p>\n<p>Sin embargo, a\u00f1adi\u00f3, que ese planteamiento se sujete a un debate de cu\u00e1les son los l\u00edmites en los que se deba aprobar la utilizaci\u00f3n de cannabis con fines m\u00e9dicos o como sucedi\u00f3 con la resoluci\u00f3n de la Suprema Corte de Justicia de la Naci\u00f3n (SCJN), en ciertos casos, hasta con fines l\u00fadicos.<\/p>\n<p>Record\u00f3 que la resoluci\u00f3n de la Corte solamente alcanza a quienes se ampararon o hicieron uso de ese recurso jur\u00eddico, \u201cpero en el caso del uso medicinal hay una gran aceptaci\u00f3n en redes, que noso\u00adtros hemos utilizado para saber qu\u00e9 piensa el pri\u00edsmo\u201d.<\/p>\n<p>&nbsp;<\/p>\n","protected":false},"excerpt":{"rendered":"<p>El jefe de gobierno del Distrito Federal, Miguel \u00c1ngel Mancera Espinosa, recibi\u00f3 con benepl\u00e1cito las declaraciones del cardenal Norberto Rivera Carrera en las que apoya el uso de la mariguana con fines medicinales. \u201cEscuchamos, obviamente con benepl\u00e1cito tambi\u00e9n este pronunciamiento. Me parece que el planteamiento est\u00e1 muy claro, el beneficio, el bienestar y, por supuesto, el trabajo que puede ser por la salud de todas las personas del pa\u00eds, es fundamental\u201d.<\/p>\n","protected":false},"author":3,"featured_media":248624,"comment_status":"open","ping_status":"open","sticky":false,"template":"","format":"standard","meta":{"_monsterinsights_skip_tracking":false,"_monsterinsights_sitenote_active":false,"_monsterinsights_sitenote_note":"","_monsterinsights_sitenote_category":0,"footnotes":""},"categories":[6],"tags":[204,1129,5314,9439],"class_list":["post-248505","post","type-post","status-publish","format-standard","has-post-thumbnail","hentry","category-cd-de-mexico","tag-ciudad-de-mexico","tag-mariguana","tag-miguel-angel-mancera-espinosa","tag-norberto-rivera-carrera"],"_links":{"self":[{"href":"https:\/\/www.diarioimagen.net\/index.php?rest_route=\/wp\/v2\/posts\/248505","targetHints":{"allow":["GET"]}}],"collection":[{"href":"https:\/\/www.diarioimagen.net\/index.php?rest_route=\/wp\/v2\/posts"}],"about":[{"href":"https:\/\/www.diarioimagen.net\/index.php?rest_route=\/wp\/v2\/types\/post"}],"author":[{"embeddable":true,"href":"https:\/\/www.diarioimagen.net\/index.php?rest_route=\/wp\/v2\/users\/3"}],"replies":[{"embeddable":true,"href":"https:\/\/www.diarioimagen.net\/index.php?rest_route=%2Fwp%2Fv2%2Fcomments&post=248505"}],"version-history":[{"count":0,"href":"https:\/\/www.diarioimagen.net\/index.php?rest_route=\/wp\/v2\/posts\/248505\/revisions"}],"wp:featuredmedia":[{"embeddable":true,"href":"https:\/\/www.diarioimagen.net\/index.php?rest_route=\/wp\/v2\/media\/248624"}],"wp:attachment":[{"href":"https:\/\/www.diarioimagen.net\/index.php?rest_route=%2Fwp%2Fv2%2Fmedia&parent=248505"}],"wp:term":[{"taxonomy":"category","embeddable":true,"href":"https:\/\/www.diarioimagen.net\/index.php?rest_route=%2Fwp%2Fv2%2Fcategories&post=248505"},{"taxonomy":"post_tag","embeddable":true,"href":"https:\/\/www.diarioimagen.net\/index.php?rest_route=%2Fwp%2Fv2%2Ftags&post=248505"}],"curies":[{"name":"wp","href":"https:\/\/api.w.org\/{rel}","templated":true}]}}