{"id":248713,"date":"2015-12-24T00:03:18","date_gmt":"2015-12-24T06:03:18","guid":{"rendered":"http:\/\/www.diarioimagen.net\/?p=248713"},"modified":"2016-01-04T00:37:17","modified_gmt":"2016-01-04T06:37:17","slug":"se-instalaran-11-mil-bebederos-en-escuelas-publicas-y-privadas","status":"publish","type":"post","link":"https:\/\/www.diarioimagen.net\/?p=248713","title":{"rendered":"Se instalar\u00e1n 11 mil bebederos en escuelas p\u00fablicas y privadas"},"content":{"rendered":"<ul>\n<li><strong><em>Dan a conocer lineamientos<\/em><\/strong><\/li>\n<\/ul>\n<p>&nbsp;<\/p>\n<div id=\"attachment_248882\" style=\"width: 430px\" class=\"wp-caption aligncenter\"><a href=\"http:\/\/www.diarioimagen.net\/?attachment_id=248882\" rel=\"attachment wp-att-248882\"><img loading=\"lazy\" decoding=\"async\" aria-describedby=\"caption-attachment-248882\" class=\"size-large wp-image-248882\" src=\"http:\/\/www.diarioimagen.net\/wp-content\/uploads\/2015\/12\/BEBEDEROS-2769-420x236.jpg\" alt=\"Para el pr\u00f3ximo a\u00f1o se instalar\u00e1n 11 mil bebederos en escuelas p\u00fablicas y privadas del pa\u00eds.\" width=\"420\" height=\"236\" srcset=\"https:\/\/www.diarioimagen.net\/wp-content\/uploads\/2015\/12\/BEBEDEROS-2769-420x236.jpg 420w, https:\/\/www.diarioimagen.net\/wp-content\/uploads\/2015\/12\/BEBEDEROS-2769-240x135.jpg 240w, https:\/\/www.diarioimagen.net\/wp-content\/uploads\/2015\/12\/BEBEDEROS-2769-235x132.jpg 235w, https:\/\/www.diarioimagen.net\/wp-content\/uploads\/2015\/12\/BEBEDEROS-2769-202x114.jpg 202w, https:\/\/www.diarioimagen.net\/wp-content\/uploads\/2015\/12\/BEBEDEROS-2769-350x196.jpg 350w, https:\/\/www.diarioimagen.net\/wp-content\/uploads\/2015\/12\/BEBEDEROS-2769-220x123.jpg 220w, https:\/\/www.diarioimagen.net\/wp-content\/uploads\/2015\/12\/BEBEDEROS-2769-237x132.jpg 237w, https:\/\/www.diarioimagen.net\/wp-content\/uploads\/2015\/12\/BEBEDEROS-2769.jpg 480w\" sizes=\"auto, (max-width: 420px) 100vw, 420px\" \/><\/a><p id=\"caption-attachment-248882\" class=\"wp-caption-text\">Para el pr\u00f3ximo a\u00f1o se instalar\u00e1n 11 mil bebederos en escuelas p\u00fablicas y privadas del pa\u00eds.<\/p><\/div>\n<p>&nbsp;<\/p>\n<p>La Secretar\u00eda de Salud dio a conocer los lineamientos generales para la instalaci\u00f3n y mantenimiento de 11 mil bebederos en las escuelas p\u00fablicas y particulares del Sistema Educativo Nacional.<\/p>\n<p>El objetivo del acuerdo, publicado en el <em>Diario Oficial de la Federaci\u00f3n<\/em> y que entrar\u00e1 en vigor este jueves, es establecer los lineamientos generales a que deber\u00e1 sujetarse el dise\u00f1o, la construcci\u00f3n, la instalaci\u00f3n y el mantenimiento de los bebederos.<\/p>\n<p>Adem\u00e1s de dar a conocer los criterios de higiene de \u00e9stos; definir las necesidades de suministro, calidad, consumo y cantidad de tomas de agua potable para los planteles, de acuerdo con su poblaci\u00f3n escolar, nivel educativo, horario y ubicaci\u00f3n geogr\u00e1fica.<\/p>\n<p>El documento indica que los bebederos deber\u00e1n ser accesibles a toda la comunidad educativa, debiendo estar ubicados en \u00e1reas comunes techadas sin obst\u00e1culos f\u00edsicos para llegar a ellos, tener alturas acordes a la estatura de los alumnos por tipo o nivel educativo y para las personas con discapacidad.<\/p>\n<p>Deber\u00e1n ser higi\u00e9nicos, para lo cual los materiales tendr\u00e1n que mantener las caracter\u00edsticas f\u00edsicas y\/o qu\u00edmicas del agua; as\u00ed como ser perdurables, con materiales y acabados que permitan su lavado y desinfecci\u00f3n con sustancias de limpieza comerciales.<\/p>\n<p>Agrega que otro de los objetivos es establecer mecanismos para concientizar a la comunidad educativa respecto de los beneficios del consumo de agua, as\u00ed como de la importancia de la conservaci\u00f3n y mantenimiento de los bebederos y su sistema de potabilizaci\u00f3n, entre otras.<\/p>\n<p style=\"text-align: center;\"><strong>Instalar\u00e1n 11 mil sistemas<\/strong><\/p>\n<p>Para 2016 se tiene programada la aplicaci\u00f3n de mil 34 millones de pesos para la instalaci\u00f3n y el mantenimiento de al menos 11 mil sistemas de bebederos,.<\/p>\n<p>Se reiter\u00f3 la importancia de la participaci\u00f3n conjunta de organizaciones y asociaciones civiles y se hizo el compromiso de trabajar conjuntamente en el desarrollo del Programa Nacional de Instalaci\u00f3n de Sistemas de Bebederos.<\/p>\n<p>El personal del Inifed detall\u00f3 que para los lineamientos y criterios del sistema de bebederos se cont\u00f3 con la participaci\u00f3n de la C\u00e1mara Mexicana de la Industria de la Construcci\u00f3n, el Colegio de Arquitectos de la Ciudad de M\u00e9xico, la Sociedad de Arquitectos de M\u00e9xico y el Colegio de Ingenieros Civiles de M\u00e9xico. Tambi\u00e9n de la Comisi\u00f3n Federal para la Protecci\u00f3n contra Riesgos Sanitarios (Cofepris), el Banco Interamericano de Desarrollo (BID), el Instituto Mexicano de Tecnolog\u00eda del Agua.<\/p>\n<p>&nbsp;<\/p>\n","protected":false},"excerpt":{"rendered":"<p>La Secretar\u00eda de Salud dio a conocer los lineamientos generales para la instalaci\u00f3n y mantenimiento de 11 mil bebederos en las escuelas p\u00fablicas y particulares del Sistema Educativo Nacional.<\/p>\n","protected":false},"author":3,"featured_media":248882,"comment_status":"open","ping_status":"open","sticky":false,"template":"","format":"standard","meta":{"_monsterinsights_skip_tracking":false,"_monsterinsights_sitenote_active":false,"_monsterinsights_sitenote_note":"","_monsterinsights_sitenote_category":0,"footnotes":""},"categories":[877],"tags":[47549,21479,43673,459],"class_list":["post-248713","post","type-post","status-publish","format-standard","has-post-thumbnail","hentry","category-salud","tag-bebederos","tag-escuela","tag-nacional","tag-sep"],"_links":{"self":[{"href":"https:\/\/www.diarioimagen.net\/index.php?rest_route=\/wp\/v2\/posts\/248713","targetHints":{"allow":["GET"]}}],"collection":[{"href":"https:\/\/www.diarioimagen.net\/index.php?rest_route=\/wp\/v2\/posts"}],"about":[{"href":"https:\/\/www.diarioimagen.net\/index.php?rest_route=\/wp\/v2\/types\/post"}],"author":[{"embeddable":true,"href":"https:\/\/www.diarioimagen.net\/index.php?rest_route=\/wp\/v2\/users\/3"}],"replies":[{"embeddable":true,"href":"https:\/\/www.diarioimagen.net\/index.php?rest_route=%2Fwp%2Fv2%2Fcomments&post=248713"}],"version-history":[{"count":0,"href":"https:\/\/www.diarioimagen.net\/index.php?rest_route=\/wp\/v2\/posts\/248713\/revisions"}],"wp:featuredmedia":[{"embeddable":true,"href":"https:\/\/www.diarioimagen.net\/index.php?rest_route=\/wp\/v2\/media\/248882"}],"wp:attachment":[{"href":"https:\/\/www.diarioimagen.net\/index.php?rest_route=%2Fwp%2Fv2%2Fmedia&parent=248713"}],"wp:term":[{"taxonomy":"category","embeddable":true,"href":"https:\/\/www.diarioimagen.net\/index.php?rest_route=%2Fwp%2Fv2%2Fcategories&post=248713"},{"taxonomy":"post_tag","embeddable":true,"href":"https:\/\/www.diarioimagen.net\/index.php?rest_route=%2Fwp%2Fv2%2Ftags&post=248713"}],"curies":[{"name":"wp","href":"https:\/\/api.w.org\/{rel}","templated":true}]}}