{"id":248912,"date":"2015-12-27T22:23:06","date_gmt":"2015-12-28T04:23:06","guid":{"rendered":"http:\/\/www.diarioimagen.net\/?p=248912"},"modified":"2015-12-27T22:23:06","modified_gmt":"2015-12-28T04:23:06","slug":"industria-automotriz-la-joya-de-la-corona","status":"publish","type":"post","link":"https:\/\/www.diarioimagen.net\/?p=248912","title":{"rendered":"Industria automotriz,  la joya de la corona"},"content":{"rendered":"<ul>\n<li><em><strong>Cerrar\u00e1 2015 con cifras nunca antes vistas<\/strong><\/em><\/li>\n<\/ul>\n<p><strong>\u00a0<\/strong><\/p>\n<div id=\"attachment_248913\" style=\"width: 430px\" class=\"wp-caption aligncenter\"><a href=\"http:\/\/www.diarioimagen.net\/?attachment_id=248913\" rel=\"attachment wp-att-248913\"><img loading=\"lazy\" decoding=\"async\" aria-describedby=\"caption-attachment-248913\" class=\"size-large wp-image-248913\" src=\"http:\/\/www.diarioimagen.net\/wp-content\/uploads\/2015\/12\/JOYA-portal-420x245.jpg\" alt=\"M\u00e9xico cerrar\u00e1 2015 en espera de anuncios de inversiones con el advenimiento de nuevas marcas, como Audi, BMW, Mercedes Benz e Infiniti,\" width=\"420\" height=\"245\" srcset=\"https:\/\/www.diarioimagen.net\/wp-content\/uploads\/2015\/12\/JOYA-portal-420x245.jpg 420w, https:\/\/www.diarioimagen.net\/wp-content\/uploads\/2015\/12\/JOYA-portal-240x140.jpg 240w, https:\/\/www.diarioimagen.net\/wp-content\/uploads\/2015\/12\/JOYA-portal.jpg 480w\" sizes=\"auto, (max-width: 420px) 100vw, 420px\" \/><\/a><p id=\"caption-attachment-248913\" class=\"wp-caption-text\">M\u00e9xico cerrar\u00e1 2015 en espera de anuncios de inversiones con el advenimiento de nuevas marcas, como Audi, BMW, Mercedes Benz e Infiniti,<\/p><\/div>\n<p>La industria automotriz en M\u00e9xico cerrar\u00e1 2015 con cifras nunca antes vistas y en espera de anuncios de inversiones con el advenimiento de nuevas marcas, como Audi, BMW, Mercedes Benz e Infiniti, que fabricar\u00e1n desde M\u00e9xico para el mundo.<\/p>\n<p>Al terminar este a\u00f1o, la industria automotriz -considerada el motor de la manufactura nacional- representar\u00e1 ya 3.0 por ciento del Producto Interno Bruto (PIB) y cerrar\u00e1 con una hist\u00f3rica balanza comercial superavitaria por alrededor de 50 mil millones de d\u00f3lares y ventas internas por arriba de un mill\u00f3n 300 mil veh\u00edculos, y una producci\u00f3n de alrededor de tres millones 400 mil veh\u00edculos.<\/p>\n<p>El avance de la industria llev\u00f3 a M\u00e9xico a pasar del octavo al s\u00e9ptimo productor mundial de veh\u00edculos ligeros y tres de las cinco armadoras consideradas en el \u201cTop Five\u201d se ubican en territorio mexicano, como las plantas 1 y 2 de Nissan Mexicana en Aguascalientes y la alemana Volkswagen en Puebla.<\/p>\n<p>Con el advenimiento de nuevas inversiones anunciadas desde el a\u00f1o pasado en M\u00e9xico, el pa\u00eds se posicion\u00f3 como una naci\u00f3n relevante en la manufactura, no s\u00f3lo de unidades ligeras, sino que a partir de 2017 competir\u00e1 en la fabricaci\u00f3n de veh\u00edculos de lujo.<\/p>\n<p>De acuerdo con Ward&#8217;s Automotive, dos motores ensamblados en M\u00e9xico han sido reconocidos dentro del rankig de los \u00ab10 Mejores Motores\u00bb para 2015: el de 1.8 litros TSI Turbocargado de la armadora Volkswagen, ensamblado en la planta de Silao, Guanajuato e incorporado a los modelos Jetta, Beetle y Passat y el de 6.2 litros supercargado OHV Hemi V-8, ensamblado en Saltillo, y equipado en los modelos Dodge Charger SRT Hellcat.<\/p>\n<p>Asimismo, tres modelos ensamblados en M\u00e9xico se ubicaron dentro del \u00abTop 10 de veh\u00edculos con mejores interiores\u00bb publicado por Ward&#8217;s, la Sierra Denali ensamblada en Silao; el Mazda 3 2014 que ensamblado en Guanajuato y el Golf GTI 2015 en Puebla.<\/p>\n<p>Las recientes cifras disponibles se\u00f1alan en materia de capitales, 10 por ciento de la Inversi\u00f3n Extranjera Directa que ha recibido M\u00e9xico proviene de este sector, y de 2006 a 2014 el acumulado es de 23 mil 489.6 millones de d\u00f3lares.<\/p>\n<p>En marzo de este a\u00f1o, la empresa Volkswagen anunci\u00f3 una ampliaci\u00f3n de su planta en Puebla, con una inversi\u00f3n de mil millones de d\u00f3lares, a fin de modernizar las instalaciones y herramentales para la producci\u00f3n de autopartes de la nueva versi\u00f3n de la camioneta Tiguan, una SUV que ser\u00e1 lanzada a los mercados en 2017.<\/p>\n","protected":false},"excerpt":{"rendered":"<p> La industria automotriz en M\u00e9xico cerrar\u00e1 2015 con cifras nunca antes vistas y en espera de anuncios de inversiones con el advenimiento de nuevas marcas, como Audi, BMW, Mercedes Benz e Infiniti, que fabricar\u00e1n desde M\u00e9xico para el mundo.<\/p>\n","protected":false},"author":5,"featured_media":248913,"comment_status":"open","ping_status":"open","sticky":false,"template":"","format":"standard","meta":{"_monsterinsights_skip_tracking":false,"_monsterinsights_sitenote_active":false,"_monsterinsights_sitenote_note":"","_monsterinsights_sitenote_category":0,"footnotes":""},"categories":[3],"tags":[125],"class_list":["post-248912","post","type-post","status-publish","format-standard","has-post-thumbnail","hentry","category-nacional","tag-bmw"],"_links":{"self":[{"href":"https:\/\/www.diarioimagen.net\/index.php?rest_route=\/wp\/v2\/posts\/248912","targetHints":{"allow":["GET"]}}],"collection":[{"href":"https:\/\/www.diarioimagen.net\/index.php?rest_route=\/wp\/v2\/posts"}],"about":[{"href":"https:\/\/www.diarioimagen.net\/index.php?rest_route=\/wp\/v2\/types\/post"}],"author":[{"embeddable":true,"href":"https:\/\/www.diarioimagen.net\/index.php?rest_route=\/wp\/v2\/users\/5"}],"replies":[{"embeddable":true,"href":"https:\/\/www.diarioimagen.net\/index.php?rest_route=%2Fwp%2Fv2%2Fcomments&post=248912"}],"version-history":[{"count":0,"href":"https:\/\/www.diarioimagen.net\/index.php?rest_route=\/wp\/v2\/posts\/248912\/revisions"}],"wp:featuredmedia":[{"embeddable":true,"href":"https:\/\/www.diarioimagen.net\/index.php?rest_route=\/wp\/v2\/media\/248913"}],"wp:attachment":[{"href":"https:\/\/www.diarioimagen.net\/index.php?rest_route=%2Fwp%2Fv2%2Fmedia&parent=248912"}],"wp:term":[{"taxonomy":"category","embeddable":true,"href":"https:\/\/www.diarioimagen.net\/index.php?rest_route=%2Fwp%2Fv2%2Fcategories&post=248912"},{"taxonomy":"post_tag","embeddable":true,"href":"https:\/\/www.diarioimagen.net\/index.php?rest_route=%2Fwp%2Fv2%2Ftags&post=248912"}],"curies":[{"name":"wp","href":"https:\/\/api.w.org\/{rel}","templated":true}]}}