{"id":249025,"date":"2016-01-04T00:08:26","date_gmt":"2016-01-04T06:08:26","guid":{"rendered":"http:\/\/www.diarioimagen.net\/?p=249025"},"modified":"2016-01-04T02:41:10","modified_gmt":"2016-01-04T08:41:10","slug":"dia-de-reyes-dejara-mas-de-dos-mil-mdp-en-derrama","status":"publish","type":"post","link":"https:\/\/www.diarioimagen.net\/?p=249025","title":{"rendered":"M\u00e1s de 2 mil mdp, por festejo de D\u00eda de Reyes"},"content":{"rendered":"<ul>\n<li><strong><em>Derrama econ\u00f3mica<\/em><\/strong><\/li>\n<\/ul>\n<p>&nbsp;<\/p>\n<div id=\"attachment_249026\" style=\"width: 430px\" class=\"wp-caption aligncenter\"><a href=\"http:\/\/www.diarioimagen.net\/?attachment_id=249026\" rel=\"attachment wp-att-249026\"><img loading=\"lazy\" decoding=\"async\" aria-describedby=\"caption-attachment-249026\" class=\"wp-image-249026 size-large\" src=\"http:\/\/www.diarioimagen.net\/wp-content\/uploads\/2016\/01\/REYES-portal-420x245.jpg\" alt=\"El festejo de D\u00eda de reyes dejar\u00e1 al comercio del DF una derrama de alrededor de dos mil 250 millones de pesos.\" width=\"420\" height=\"245\" srcset=\"https:\/\/www.diarioimagen.net\/wp-content\/uploads\/2016\/01\/REYES-portal-420x245.jpg 420w, https:\/\/www.diarioimagen.net\/wp-content\/uploads\/2016\/01\/REYES-portal-240x140.jpg 240w, https:\/\/www.diarioimagen.net\/wp-content\/uploads\/2016\/01\/REYES-portal.jpg 480w\" sizes=\"auto, (max-width: 420px) 100vw, 420px\" \/><\/a><p id=\"caption-attachment-249026\" class=\"wp-caption-text\">El festejo de D\u00eda de Reyes dejar\u00e1 al comercio del DF una derrama de alrededor de dos mil 250 millones de pesos.<\/p><\/div>\n<p>&nbsp;<\/p>\n<p>El gasto con motivo del D\u00eda de Reyes y la convivencia para partir la tradicional rosca generar\u00e1 una derrama econ\u00f3mica en la Ciudad de M\u00e9xico de alrededor de dos mil 250 millones de pesos.<\/p>\n<p>La C\u00e1mara de Comercio en Peque\u00f1o de la Ciudad de M\u00e9xico (Canacope) se\u00f1al\u00f3 que este movimiento comercial tendr\u00e1 su pico m\u00e1s alto la noche del 5 y madrugada del 6, principalmente en jugueter\u00edas; mientras que panader\u00edas, expendios de pan, pasteler\u00edas y reposter\u00edas, presentan actividad desde el pasado fin de semana al domingo 10 de enero.<\/p>\n<p>El organismo encabezado por Gerardo L\u00f3pez Becerra dijo que la derrama econ\u00f3mica prevista podr\u00e1 beneficiar a las siete mil 906 panader\u00edas, reposter\u00edas, pasteler\u00edas y expendios de pan, as\u00ed como a las dos mil 256 jugueter\u00edas y 376 giros dedicados a la venta de bicicletas y montables, lo mismo que tiendas de ropa y calzado, entre otros giros relacionados con esta fecha.<\/p>\n<p>Lament\u00f3 que como en todas las fechas comerciales, la presencia y acci\u00f3n desleal del comercio ambulante e informal aumenta en gran proporci\u00f3n en comparaci\u00f3n con d\u00edas normales, inundando calles del centro hist\u00f3rico, tianguis tradicionales y de juguetes, as\u00ed como estaciones del Metro, calles y plazas p\u00fablicas con art\u00edculos de dudosa procedencia y calidad.<\/p>\n<p>\u201cHacemos un muy atento llamado a los Reyes Magos, para que eviten consumir en el comercio informal y procuren impulsar la econom\u00eda interna comprando en el peque\u00f1o comercio formal de la ciudad.<\/p>\n<p>Luego de que, dijo, encontrar\u00e1n el mejor de los servicios, atenci\u00f3n y productos de calidad: recordemos que consumir en la legalidad, ser\u00e1 el mejor regalo y ejemplo para nuestras ni\u00f1as y ni\u00f1os\u201d.<\/p>\n<p>Seg\u00fan el seguimiento de la informaci\u00f3n que ha realizado la Canacope, se puede establecer que algunos sectores comienzan a prepararse para el D\u00eda de Reyes desde meses antes, al generar un ahorro o plan de gastos para contar, al llegar enero, con un presupuesto adecuado para realizar las compras.<\/p>\n<p>Tambi\u00e9n se aprovechan las promociones que ofrecen las tiendas departamentales en el Buen Fin, a trav\u00e9s de las tarjetas de cr\u00e9dito o adquiriendo el producto de su preferencia en alguno de los planes de financiamiento que ofrecen las tarjetas bancarias.<\/p>\n<p>La importancia del D\u00eda de Reyes es en cierta medida comparable con el regreso a clases, principalmente por la anticipaci\u00f3n y planeaci\u00f3n del gasto, as\u00ed tambi\u00e9n por el escaso porcentaje de ni\u00f1os que no recibe alg\u00fan presente y por la movilizaci\u00f3n econ\u00f3mica, social y cultural que genera a su alrededor.<\/p>\n<p>De acuerdo a un sondeo de opini\u00f3n del departamento de Comunicaci\u00f3n e Imagen Institucional de la Canacope, 99 por ciento de las ni\u00f1as y ni\u00f1os de la Ciudad de M\u00e9xico, recibir\u00e1n alg\u00fan presente por parte de los Reyes Magos este pr\u00f3ximo 6 de enero.<\/p>\n<p>El 37 por ciento de los ni\u00f1os recibir\u00e1n todo lo solicitado; 33 por ciento recibir\u00e1n algo parecido a lo solicitado; 62 por ciento recibir\u00e1n un regalo pero que no es el solicitado; 29 por ciento recibir\u00e1n s\u00f3lo algunos juguetes; menos del uno por ciento de los ni\u00f1os es posible que no reciban nada.<\/p>\n<p style=\"text-align: center;\"><strong>Salud recomienda medidas para adquirir juguetes <\/strong><\/p>\n<p>En v\u00edspera del D\u00eda de Reyes, la Secretar\u00eda de Salud recomend\u00f3 tomar en cuenta varias consideraciones antes de adquirir juguetes, a fin de no arriesgar la salud de los menores de edad, entre ellas, evitar la compra en el comercio informal, as\u00ed como de productos sin medidas precautorias o garant\u00eda de calidad.<\/p>\n<p>Sugiri\u00f3 no comprar juguetes que se oferten en el comercio informal, ya que estos pueden ser fabricados con materiales sin calidad sanitaria alguna, lo que podr\u00eda ocasionar riesgos a la salud de los ni\u00f1os.<\/p>\n","protected":false},"excerpt":{"rendered":"<p>El gasto con motivo del D\u00eda de Reyes y la convivencia para partir la tradicional rosca generar\u00e1 una derrama econ\u00f3mica en<\/p>\n","protected":false},"author":5,"featured_media":249026,"comment_status":"open","ping_status":"open","sticky":false,"template":"","format":"standard","meta":{"_monsterinsights_skip_tracking":false,"_monsterinsights_sitenote_active":false,"_monsterinsights_sitenote_note":"","_monsterinsights_sitenote_category":0,"footnotes":""},"categories":[3],"tags":[6711,14935,43678,43673],"class_list":["post-249025","post","type-post","status-publish","format-standard","has-post-thumbnail","hentry","category-nacional","tag-derrama-economica","tag-dia-de-reyes","tag-finanzas","tag-nacional"],"_links":{"self":[{"href":"https:\/\/www.diarioimagen.net\/index.php?rest_route=\/wp\/v2\/posts\/249025","targetHints":{"allow":["GET"]}}],"collection":[{"href":"https:\/\/www.diarioimagen.net\/index.php?rest_route=\/wp\/v2\/posts"}],"about":[{"href":"https:\/\/www.diarioimagen.net\/index.php?rest_route=\/wp\/v2\/types\/post"}],"author":[{"embeddable":true,"href":"https:\/\/www.diarioimagen.net\/index.php?rest_route=\/wp\/v2\/users\/5"}],"replies":[{"embeddable":true,"href":"https:\/\/www.diarioimagen.net\/index.php?rest_route=%2Fwp%2Fv2%2Fcomments&post=249025"}],"version-history":[{"count":0,"href":"https:\/\/www.diarioimagen.net\/index.php?rest_route=\/wp\/v2\/posts\/249025\/revisions"}],"wp:featuredmedia":[{"embeddable":true,"href":"https:\/\/www.diarioimagen.net\/index.php?rest_route=\/wp\/v2\/media\/249026"}],"wp:attachment":[{"href":"https:\/\/www.diarioimagen.net\/index.php?rest_route=%2Fwp%2Fv2%2Fmedia&parent=249025"}],"wp:term":[{"taxonomy":"category","embeddable":true,"href":"https:\/\/www.diarioimagen.net\/index.php?rest_route=%2Fwp%2Fv2%2Fcategories&post=249025"},{"taxonomy":"post_tag","embeddable":true,"href":"https:\/\/www.diarioimagen.net\/index.php?rest_route=%2Fwp%2Fv2%2Ftags&post=249025"}],"curies":[{"name":"wp","href":"https:\/\/api.w.org\/{rel}","templated":true}]}}