{"id":249151,"date":"2016-01-04T00:06:16","date_gmt":"2016-01-04T06:06:16","guid":{"rendered":"http:\/\/www.diarioimagen.net\/?p=249151"},"modified":"2016-01-03T22:56:35","modified_gmt":"2016-01-04T04:56:35","slug":"otra-vez-morelos","status":"publish","type":"post","link":"https:\/\/www.diarioimagen.net\/?p=249151","title":{"rendered":"Otra vez Morelos"},"content":{"rendered":"<h2>Punto por punto<\/h2>\n<h5>Augusto Corro<\/h5>\n<p>&nbsp;<\/p>\n<p>En la cadena del poder pol\u00edtico, el municipio es el eslab\u00f3n m\u00e1s d\u00e9bil.<\/p>\n<p>Desde el alcalde hasta el m\u00e1s modesto polic\u00eda son v\u00edctimas de la delincuencia organizada en sus diferentes formas actuar.<\/p>\n<p>El descuido a esa c\u00e9lula del gobierno propici\u00f3 el fortalecimiento, en muchos de los casos, de c\u00e1rteles del narcotr\u00e1fico. Para no ir tan lejos, basta recordar el caso de Iguala, Guerrero, con sus 43 normalistas desaparecidos.<\/p>\n<p>Un claro ejemplo, de c\u00f3mo las autoridades municipales, desde el alcalde hasta los polic\u00edas y los narcos, estuvieron relacionados con ese hecho cruento.<\/p>\n<p>Esa historia sangrienta no es la \u00fanica, pues la lista de hechos sangrientos registrados en los municipios no es nueva, con la posibilidad de que se incremente. Planteamos este tema, porque, la alcaldesa de Temixco, Morelos, fue asesinada por sicarios en su casa.<\/p>\n<p>Ella, Gisela Mota Ocampo, de 33 a\u00f1os, fue ultimada este fin de semana, un d\u00eda despu\u00e9s de rendir protesta como presidenta municipal de extracci\u00f3n perredista.<\/p>\n<p>La polic\u00eda captur\u00f3 a tres de cinco sujetos que integraban el grupo de asesinos. Uno de estos dijo que le pagaron quinientos mil pesos por asesinar a la joven pol\u00edtica.<\/p>\n<p>Entre los detenidos estaban un menor de 17 a\u00f1os, otro de 18 y una mujer de 32 a\u00f1os, seg\u00fan dijeron las autoridades.<\/p>\n<p>Durante la captura, hubo un enfrentamiento en el que perdieron la vida dos sujetos.<\/p>\n<p>Tambi\u00e9n la polic\u00eda se\u00f1al\u00f3 que el grupo de \u201cLos Rojos\u201d podr\u00eda estar detr\u00e1s del crimen. Este grupo delincuencial hizo del municipio de Temixco su centro de operaciones delincuenciales.<\/p>\n<p>El c\u00e1rtel es dirigido por Santiago Mazari (a) \u201cEl Carrete\u201d, quien posee una veintena de casas de seguridad que utiliza para complementar sus acciones delictivas como secuestros, robos de autos, acopio de armas y drogas, etc.<\/p>\n<p style=\"text-align: center;\"><strong>OTRA VEZ MORELOS<\/strong><\/p>\n<p>La ola de violencia no cede en Morelos, gobernado por un perredista, Graco Ram\u00edrez, rebasado por la delincuencia organizada.<\/p>\n<p>En el presente, no rinde ning\u00fan fruto la lucha emprendida por el mandatario estatal contra los grupos criminales que operan en la entidad morelense.<\/p>\n<p>Al contrario, parece ser que su incapacidad lo lleva a enfrentamientos constantes con las autoridades locales.<\/p>\n<p>Tal es el caso del presidente municipal de Cuernavaca, Morelos, Cuauht\u00e9moc Blanco, el afamado futbolista, ahora metido a pol\u00edtico.<\/p>\n<p>Cuauht\u00e9moc y Graco no llegaron a ning\u00fan acuerdo en el manejo de la polic\u00eda y su inservible mando \u00fanico. Ya se vio que la polic\u00eda en manos de los gobernadores no funciona.<\/p>\n<p>Para hacer efectivas a las polic\u00edas municipales y estatales tienen que aplicarse problemas que partan de cero; es decir que los representantes de la ley reciban una educaci\u00f3n esmerada para brindar mayor seguridad a la sociedad. Revisar sus salarios, resolver sus necesidades apremiantes, mejores armas, etc., para una mejor funci\u00f3n de sus responsabilidades.<\/p>\n<p>Mientras no se mejoren las condiciones econ\u00f3micas, educacionales y sociales de la polic\u00eda municipal o local, los problemas continuar\u00e1n.<\/p>\n<p>Y si a los innumerables conflictos se suma la ineptitud de los gobernantes, como es el caso de Graco, la delincuencia nunca ser\u00e1 erradicada.<\/p>\n<p>En los \u00faltimos a\u00f1os, en Morelos se agudiz\u00f3 la ola de violencia y su capital Cuernavaca no pod\u00eda ser la excepci\u00f3n. Antes se le conoc\u00eda como la \u201cCiudad de la Eterna Primavera\u201d, hoy se le llama la \u201cCiudad de la Eterna Balacera\u201d.<\/p>\n<p>Aquella ciudad a\u00f1orada por los capitalinos para su descanso de fin de semana sufri\u00f3 cambios considerables, pues al multiplicarse los delitos del fuero com\u00fan, m\u00e1s los de tipo federal, Cuernavaca perdi\u00f3 parte de su encanto.<\/p>\n<p>Los morelenses cansados de padecer gobiernos pri\u00edstas y panistas ineptos, le apostaron al perredista Graco, que como vemos no ata ni desata.<\/p>\n<p>En fin, M\u00e9xico continuar\u00e1 con el municipio como su eslab\u00f3n m\u00e1s d\u00e9bil como puerta accesible a la delincuencia organizada, sin mayor problema.<\/p>\n<p>El asesinato de la alcaldesa Gisela Mota Ocampo nos mostr\u00f3, pues, que las autoridades menores se encuentran a merced de los hampones, principalmente en estados como Morelos, Guerrero, Michoac\u00e1n, etc.<\/p>\n<p style=\"text-align: center;\"><strong>FELIZ A\u00d1O 2016<\/strong><\/p>\n<p>Empezamos un nuevo a\u00f1o: 2016. Lo primero que se me ocurre es desearle a todo mundo salud, dinero y amor. No necesariamente en este orden.<\/p>\n<p>Aunque sin salud, lo dem\u00e1s no funciona. Sean pues todos muy felices: que se realicen sus prop\u00f3sitos y sus sue\u00f1os.<\/p>\n<p><em><a href=\"mailto:aco2742@hotmail.com\" target=\"_blank\">aco2742@hotmail.com<\/a><\/em><\/p>\n","protected":false},"excerpt":{"rendered":"<p><span style=\"color: #005497;\"><strong>Augusto Corro<\/strong><\/span><\/p>\n","protected":false},"author":3,"featured_media":0,"comment_status":"open","ping_status":"open","sticky":false,"template":"","format":"standard","meta":{"_monsterinsights_skip_tracking":false,"_monsterinsights_sitenote_active":false,"_monsterinsights_sitenote_note":"","_monsterinsights_sitenote_category":0,"footnotes":""},"categories":[157],"tags":[43686,43674,11515],"class_list":["post-249151","post","type-post","status-publish","format-standard","hentry","category-augusto-corro","tag-augusto-corro","tag-opinion","tag-punto-por-punto"],"_links":{"self":[{"href":"https:\/\/www.diarioimagen.net\/index.php?rest_route=\/wp\/v2\/posts\/249151","targetHints":{"allow":["GET"]}}],"collection":[{"href":"https:\/\/www.diarioimagen.net\/index.php?rest_route=\/wp\/v2\/posts"}],"about":[{"href":"https:\/\/www.diarioimagen.net\/index.php?rest_route=\/wp\/v2\/types\/post"}],"author":[{"embeddable":true,"href":"https:\/\/www.diarioimagen.net\/index.php?rest_route=\/wp\/v2\/users\/3"}],"replies":[{"embeddable":true,"href":"https:\/\/www.diarioimagen.net\/index.php?rest_route=%2Fwp%2Fv2%2Fcomments&post=249151"}],"version-history":[{"count":0,"href":"https:\/\/www.diarioimagen.net\/index.php?rest_route=\/wp\/v2\/posts\/249151\/revisions"}],"wp:attachment":[{"href":"https:\/\/www.diarioimagen.net\/index.php?rest_route=%2Fwp%2Fv2%2Fmedia&parent=249151"}],"wp:term":[{"taxonomy":"category","embeddable":true,"href":"https:\/\/www.diarioimagen.net\/index.php?rest_route=%2Fwp%2Fv2%2Fcategories&post=249151"},{"taxonomy":"post_tag","embeddable":true,"href":"https:\/\/www.diarioimagen.net\/index.php?rest_route=%2Fwp%2Fv2%2Ftags&post=249151"}],"curies":[{"name":"wp","href":"https:\/\/api.w.org\/{rel}","templated":true}]}}