{"id":249154,"date":"2016-01-04T00:07:04","date_gmt":"2016-01-04T06:07:04","guid":{"rendered":"http:\/\/www.diarioimagen.net\/?p=249154"},"modified":"2016-01-05T01:39:49","modified_gmt":"2016-01-05T07:39:49","slug":"hidalgo-sin-sombras","status":"publish","type":"post","link":"https:\/\/www.diarioimagen.net\/?p=249154","title":{"rendered":"Hidalgo, sin sombras"},"content":{"rendered":"<h2>De frente y de perfil<\/h2>\n<h5>Ram\u00f3n Zurita Sahag\u00fan<\/h5>\n<p>&nbsp;<\/p>\n<p>Uno de los estados en que el pri\u00edsmo va en caballo de hacienda, sin sombras opositoras que nublen su trayecto hacia la elecci\u00f3n de este a\u00f1o 2016, es Hidalgo, entidad de la que procede el secretario de Gobernaci\u00f3n, Miguel \u00c1ngel Osorio Chong.<\/p>\n<p>Considerado como uno de los prospectos m\u00e1s s\u00f3lidos del partido tricolor hacia el 2018, el ex gobernador de Hidalgo impedir\u00e1 por todas las formas posibles una posible contaminaci\u00f3n electoral en esa entidad que complique el resultado electoral, que por ahora, se ve sumamente favorable para el partido tricolor.<\/p>\n<p>Osorio Chong se mantiene al tanto del desarrollo del proceso, ya que sabe que parte de su futuro depende de un buen resultado electoral en esa entidad, que muestre el control de su partido.<\/p>\n<p>Tan al pendiente est\u00e1, que hace poco m\u00e1s de un mes lim\u00f3 asperezas con el gobernador, Francisco Olvera Ruiz, a quien promovi\u00f3 a ese cargo el propio secretario de Gobernaci\u00f3n, pero con quien manten\u00eda cierto distanciamiento y enfriamiento de las relaciones.<\/p>\n<p>Para fortuna de los pri\u00edstas en Hidalgo, los partidos opositores se quedaron sin candidatos de peso, por lo que tendr\u00edan que recurrir (como en ocasiones diversas en otras entidades), a un pri\u00edsta descontento para entrar en la disputa por los votos ciudadanos.<\/p>\n<p>En Hidalgo la sucesi\u00f3n estaba, aparentemente clara, donde solamente despuntaban dos prospectos s\u00f3lidos, uno hombre (David Penchyna) y otra mujer (Nuvia Mayorga).<\/p>\n<p>Otros tres aparecen con cada vez menos posibilidades: Alberto Mel\u00e9ndez, enviado a la dirigencia estatal del PRI; el senador Omar Fayad, cuyos yerros en diversas iniciativas lo marginan, y la diputada Carolina Viggiano, por no alcanzar la dimensi\u00f3n de los otros contendientes.<\/p>\n<p>Sin embargo, cuando todo se ve\u00eda despejado y transparente, irrumpe un nuevo aspirante, quien busca la nominaci\u00f3n desde hace un par de sexenios.<\/p>\n<p>Ese es un personaje de claroscuros, Gerardo Sosa Castel\u00e1n, un pri\u00edsta, ex rector de la Universidad Aut\u00f3noma del Estado de Hidalgo y presidente del Patronato Universitario, quien ya anunci\u00f3 que buscar\u00e1 la candidatura a la gubernatura de Hidalgo por el Partido Revolucionario Institucional (PRI), pero no descart\u00f3 la opci\u00f3n de una candidatura independiente.<\/p>\n<p>Eso s\u00ed, dijo que primero la buscar\u00e1 por el PRI, y que en caso de no alcanzarla eval\u00faa la conveniencia de una candidatura independiente.<\/p>\n<p>Incluso, Sosa Castel\u00e1n se mueve alrededor de un frente opositor que pretende conformar el Partido de la Revoluci\u00f3n Democr\u00e1tica, el que promueve el legislador perredista Isidro Pedraza Ch\u00e1vez.<\/p>\n<p>Respecto a ello, Gerardo Sosa coment\u00f3 que est\u00e1n en su derecho y que lo ve con simpat\u00eda.<\/p>\n<p>Sosa Castel\u00e1n sostiene que mantiene su militancia pri\u00edsta y que en este momento est\u00e1 identificando si hay oportunidad en su partido de participar como candidato al gobierno del estado, y que si no la hay \u201ctendremos que buscar opciones\u201d.<\/p>\n<p>A\u00f1adi\u00f3 que esperar\u00e1 y analizar\u00e1 si participa o no en el proceso interno para definir al candidato del PRI a la gubernatura.<\/p>\n<p>Sobre las invitaciones que le han formulado otros institutos pol\u00edticos, Sosa Castel\u00e1n coment\u00f3 que tiene algunas invitaciones: \u201cTenemos invitaciones afortunadamente y les agradezco much\u00edsimo a Movimiento Ciudadano, as\u00ed como la invitaci\u00f3n de otros partidos que nos han hecho favor de invitarnos, pero obviamente s\u00f3lo son invitaciones, no hay nada firme\u201d.<\/p>\n<p>Estamos valorando las posibilidades en el PRI, pero tambi\u00e9n existe la opci\u00f3n de las candidaturas independientes y que hay una gran gama de opciones, y que este es el momento de prepararse para participar en alguna \u201cquien est\u00e9 interesado en participar tendr\u00e1 que analizar primero y nosotros estamos en ese plan\u201d.<\/p>\n<p>Explic\u00f3 que estudiar\u00e1 las diferentes alternativas, aunque insisti\u00f3 en que buscar\u00e1 ser el candidato del PRI al gobierno del estado en la pr\u00f3xima contienda electoral de 2016.<\/p>\n<p>Cabe mencionar que la convocatoria para el registro para el proceso interno de selecci\u00f3n de aspirantes a gobernador del PRI se abrir\u00e1 posterior al 15 de diciembre del a\u00f1o en curso.<\/p>\n<p>Dentro del pri\u00edsmo hidalguense se afirma que no es lo mismo Gerardo Sosa Castel\u00e1n en el presente que en el pasado, cuando ten\u00eda la gran fuerza universitaria a su favor y que su liderazgo se encuentra sumamente desdibujado, por lo que no representa ning\u00fan riesgo de resquebrajar al partido.<\/p>\n<p>Con todo y ello, entre los pri\u00edstas hidalguenses asoman dudas sobre lo puede acontecer en la elecci\u00f3n del pr\u00f3ximo a\u00f1o, donde se elegir\u00e1 al pr\u00f3ximo gobernador y la participaci\u00f3n que en ello tendr\u00e1 el hoy secretario de Gobernaci\u00f3n, con poder pleno, luego de que Jes\u00fas Murillo Karam fuese relevado de la Procuradur\u00eda General de la Rep\u00fablica, primero y de la Sedatu, despu\u00e9s.<\/p>\n<p>Durante un recorrido por el Centro Integralmente Planeado de Bah\u00edas de Huatulco, el director de Fonatur, H\u00e9ctor Mart\u00edn G\u00f3mez Barraza, mostr\u00f3 los avances en la ampliaci\u00f3n y mantenimiento del destino al secretario de Turismo, Enrique de la Madrid Cordero y al gobernador Gabino Cu\u00e9 Monteagudo, a quien entre otros elementos dio cuenta de que en el corredor tur\u00edstico Santa Cruz-La Crucecita se invirtieron 273 millones de pesos y en el andador esc\u00e9nico 195 millones de pesos.<\/p>\n<p>Con ello se ampliar\u00e1 las ofertas que se tienen en ese destino tur\u00edstico oaxaque\u00f1o.<\/p>\n<p><em><a href=\"mailto:ramonzurita44@hotmail.com\" target=\"_blank\">ramonzurita44@hotmail.com<\/a><\/em><br \/>\n<a href=\"mailto:%20zurita_sahagun@hotmail.com\" target=\"_blank\"><em>zurita_sahagun@hotmail.com<\/em><\/a><\/p>\n","protected":false},"excerpt":{"rendered":"<p><span style=\"color: #005497;\"><strong>Ram\u00f3n Zurita Sahag\u00fan<\/strong><\/span><\/p>\n","protected":false},"author":3,"featured_media":0,"comment_status":"open","ping_status":"open","sticky":false,"template":"","format":"standard","meta":{"_monsterinsights_skip_tracking":false,"_monsterinsights_sitenote_active":false,"_monsterinsights_sitenote_note":"","_monsterinsights_sitenote_category":0,"footnotes":""},"categories":[234],"tags":[304,43674,43687],"class_list":["post-249154","post","type-post","status-publish","format-standard","hentry","category-ramon-zurita-sahagun","tag-de-frente-y-de-perfil","tag-opinion","tag-ramon-zurita-sahagun"],"_links":{"self":[{"href":"https:\/\/www.diarioimagen.net\/index.php?rest_route=\/wp\/v2\/posts\/249154","targetHints":{"allow":["GET"]}}],"collection":[{"href":"https:\/\/www.diarioimagen.net\/index.php?rest_route=\/wp\/v2\/posts"}],"about":[{"href":"https:\/\/www.diarioimagen.net\/index.php?rest_route=\/wp\/v2\/types\/post"}],"author":[{"embeddable":true,"href":"https:\/\/www.diarioimagen.net\/index.php?rest_route=\/wp\/v2\/users\/3"}],"replies":[{"embeddable":true,"href":"https:\/\/www.diarioimagen.net\/index.php?rest_route=%2Fwp%2Fv2%2Fcomments&post=249154"}],"version-history":[{"count":0,"href":"https:\/\/www.diarioimagen.net\/index.php?rest_route=\/wp\/v2\/posts\/249154\/revisions"}],"wp:attachment":[{"href":"https:\/\/www.diarioimagen.net\/index.php?rest_route=%2Fwp%2Fv2%2Fmedia&parent=249154"}],"wp:term":[{"taxonomy":"category","embeddable":true,"href":"https:\/\/www.diarioimagen.net\/index.php?rest_route=%2Fwp%2Fv2%2Fcategories&post=249154"},{"taxonomy":"post_tag","embeddable":true,"href":"https:\/\/www.diarioimagen.net\/index.php?rest_route=%2Fwp%2Fv2%2Ftags&post=249154"}],"curies":[{"name":"wp","href":"https:\/\/api.w.org\/{rel}","templated":true}]}}