{"id":249326,"date":"2016-01-04T00:06:33","date_gmt":"2016-01-04T06:06:33","guid":{"rendered":"http:\/\/www.diarioimagen.net\/?p=249326"},"modified":"2016-01-05T02:48:43","modified_gmt":"2016-01-05T08:48:43","slug":"experiencia-comprobada-en-equipo-de-denisse-ugalde","status":"publish","type":"post","link":"https:\/\/www.diarioimagen.net\/?p=249326","title":{"rendered":"Experiencia comprobada en equipo de Denisse Ugalde"},"content":{"rendered":"<ul>\n<li><strong><em>Arranca administraci\u00f3n 2016-2018<\/em><\/strong><\/li>\n<\/ul>\n<p>&nbsp;<\/p>\n<div id=\"attachment_249405\" style=\"width: 430px\" class=\"wp-caption aligncenter\"><a href=\"http:\/\/www.diarioimagen.net\/?attachment_id=249405\" rel=\"attachment wp-att-249405\"><img loading=\"lazy\" decoding=\"async\" aria-describedby=\"caption-attachment-249405\" class=\"size-large wp-image-249405\" src=\"http:\/\/www.diarioimagen.net\/wp-content\/uploads\/2016\/01\/TLALNEPANTLA-2775-420x199.jpg\" alt=\"Denisse Ugalde afirma que su gabinete tiene la obligaci\u00f3n de darle resultados\u00a0 a los habitantes de Tlalnepantla.\" width=\"420\" height=\"199\" srcset=\"https:\/\/www.diarioimagen.net\/wp-content\/uploads\/2016\/01\/TLALNEPANTLA-2775-420x199.jpg 420w, https:\/\/www.diarioimagen.net\/wp-content\/uploads\/2016\/01\/TLALNEPANTLA-2775-240x114.jpg 240w, https:\/\/www.diarioimagen.net\/wp-content\/uploads\/2016\/01\/TLALNEPANTLA-2775.jpg 700w\" sizes=\"auto, (max-width: 420px) 100vw, 420px\" \/><\/a><p id=\"caption-attachment-249405\" class=\"wp-caption-text\">Denisse Ugalde afirma que su gabinete tiene la obligaci\u00f3n de darle resultados\u00a0 a los habitantes de Tlalnepantla.<\/p><\/div>\n<p>&nbsp;<\/p>\n<p><strong>Tlalnepantla, Estado de M\u00e9xico<\/strong>.- Al tomar protesta a los integrantes de la administraci\u00f3n municipal 2016-2018, la presidenta municipal, Denisse Ugalde Alegr\u00eda, afirm\u00f3 que Tlalnepantla merece un equipo profesional, \u00a0por ello, quienes\u00a0 formar\u00e1n parte de este gobierno son hombres y mujeres honorables, capaces y con experiencia comprobada.<\/p>\n<p>\u201cTenemos la obligaci\u00f3n de darle resultados\u00a0 a la gente de Tlalnepantla,\u00a0 por lo que al frente de las direcciones e institutos estar\u00e1n personas que comparten esta visi\u00f3n y tendr\u00e1n 100 d\u00edas para demostrar su talento, vocaci\u00f3n de servicio y capacidad de respuesta\u201d, dijo la alcaldesa.<\/p>\n<p>Como una de las primeras acciones de gobierno, la alcaldesa Ugalde Alegr\u00eda\u00a0 salud\u00f3 a los mandos polic\u00edacos en la explanada municipal, acompa\u00f1ada por \u00c1ngel Grave L\u00f3pez, comisario de Seguridad P\u00fablica Ciudadana.<\/p>\n<p>Durante la primera sesi\u00f3n solmene de Cabildo, la edil nombr\u00f3 a Juan Carlos P\u00e9rez Saavedra, como secretario del H. Ayuntamiento, quien es licenciado en sociolog\u00eda por la Universidad Aut\u00f3noma Metropolitana de Azcapotzalco y con m\u00e1s de dos d\u00e9cadas en el servicio p\u00fablico.<\/p>\n<p>&nbsp;<\/p>\n","protected":false},"excerpt":{"rendered":"<p>Al tomar protesta a los integrantes de la administraci\u00f3n municipal 2016-2018, la presidenta municipal, Denisse Ugalde Alegr\u00eda, afirm\u00f3 que Tlalnepantla merece un equipo profesional,  por ello, quienes  formar\u00e1n parte de este gobierno son hombres y mujeres honorables, capaces y con experiencia comprobada.<\/p>\n","protected":false},"author":3,"featured_media":249405,"comment_status":"open","ping_status":"open","sticky":false,"template":"","format":"standard","meta":{"_monsterinsights_skip_tracking":false,"_monsterinsights_sitenote_active":false,"_monsterinsights_sitenote_note":"","_monsterinsights_sitenote_category":0,"footnotes":""},"categories":[35155],"tags":[45490,24594,43675,169],"class_list":["post-249326","post","type-post","status-publish","format-standard","has-post-thumbnail","hentry","category-estado-de-mexico-estado-de-mexico","tag-denisse-ugalde-alegria","tag-equipo","tag-estado-de-mexico","tag-tlalnepantla"],"_links":{"self":[{"href":"https:\/\/www.diarioimagen.net\/index.php?rest_route=\/wp\/v2\/posts\/249326","targetHints":{"allow":["GET"]}}],"collection":[{"href":"https:\/\/www.diarioimagen.net\/index.php?rest_route=\/wp\/v2\/posts"}],"about":[{"href":"https:\/\/www.diarioimagen.net\/index.php?rest_route=\/wp\/v2\/types\/post"}],"author":[{"embeddable":true,"href":"https:\/\/www.diarioimagen.net\/index.php?rest_route=\/wp\/v2\/users\/3"}],"replies":[{"embeddable":true,"href":"https:\/\/www.diarioimagen.net\/index.php?rest_route=%2Fwp%2Fv2%2Fcomments&post=249326"}],"version-history":[{"count":0,"href":"https:\/\/www.diarioimagen.net\/index.php?rest_route=\/wp\/v2\/posts\/249326\/revisions"}],"wp:featuredmedia":[{"embeddable":true,"href":"https:\/\/www.diarioimagen.net\/index.php?rest_route=\/wp\/v2\/media\/249405"}],"wp:attachment":[{"href":"https:\/\/www.diarioimagen.net\/index.php?rest_route=%2Fwp%2Fv2%2Fmedia&parent=249326"}],"wp:term":[{"taxonomy":"category","embeddable":true,"href":"https:\/\/www.diarioimagen.net\/index.php?rest_route=%2Fwp%2Fv2%2Fcategories&post=249326"},{"taxonomy":"post_tag","embeddable":true,"href":"https:\/\/www.diarioimagen.net\/index.php?rest_route=%2Fwp%2Fv2%2Ftags&post=249326"}],"curies":[{"name":"wp","href":"https:\/\/api.w.org\/{rel}","templated":true}]}}