{"id":249359,"date":"2016-01-05T00:05:16","date_gmt":"2016-01-05T06:05:16","guid":{"rendered":"http:\/\/www.diarioimagen.net\/?p=249359"},"modified":"2016-01-05T01:44:14","modified_gmt":"2016-01-05T07:44:14","slug":"una-oportunidad-para-venezuela","status":"publish","type":"post","link":"https:\/\/www.diarioimagen.net\/?p=249359","title":{"rendered":"Una oportunidad para Venezuela"},"content":{"rendered":"<h2>Detr\u00e1s del Poder<\/h2>\n<h5>Jos\u00e9 Antonio L\u00f3pez Sosa<\/h5>\n<p>&nbsp;<\/p>\n<p>Hoy rinden protesta los 167 diputados de la Asamblea Nacional en Venezuela, se vislumbra que pocos quiz\u00e1 no puedan hacerlo por orden del Poder Judicial \u2014en franca violaci\u00f3n constitucional\u2014, pero el hecho es que el oficialismo por primera vez tendr\u00e1 que trabajar en verdadera democracia sin dominar todos los poderes.<\/p>\n<p>La oposici\u00f3n tendr\u00e1 112 esca\u00f1os legislativos y el oficialismo 55, no habr\u00e1 forma que la Asamblea Nacional siga fungiendo como Oficial\u00eda de Partes, tal como fue desde los primeros a\u00f1os de la Revoluci\u00f3n Bolivariana.<\/p>\n<p>El escenario es complejo, el presidente Nicol\u00e1s Maduro sali\u00f3 a reconocer los resultados, sin embargo horas despu\u00e9s \u2013y hasta la fecha\u2014 asegura que gan\u00f3 la guerra econ\u00f3mica, se acepta la derrota a medias, muestra su poca disposici\u00f3n para trabajar con los que no piensan como \u00e9l.<\/p>\n<p>El m\u00e1s violento frente a este triunfo sin lugar a duda es el diputado Diosdado Cabello, quien hasta la noche de ayer fungi\u00f3 como presidente de la Asamblea Nacional \u2014y hoy fue reelecto diputado\u2014, su condici\u00f3n militar le ha hecho responder de forma abrupta contra quienes lo derrotaron, convoc\u00f3 a per\u00edodo extraordinario para \u201cblindar la Revoluci\u00f3n\u201d, o lo que vemos a lo lejos, guardar lo m\u00e1s posible los bastiones de poder.<\/p>\n<p>Maduro y Cabello demuestran que no saben vivir en democracia, si as\u00ed fuera, no habr\u00eda temor por compartir el poder en la Asamblea Nacional, el bien com\u00fan no se logra con una uniformidad ideol\u00f3gica, se consigue cuando el debate de ideas le da lugar a las mayor\u00edas, a veces con lo que uno piensa o cree y a veces, con lo que el de enfrente piensa y cree.<\/p>\n<p>Hoy se abre una oportunidad para la Rep\u00fablica Bolivariana de Venezuela en varios sentidos, el m\u00e1s urgente para remediar en conjunto sociedad, asamblea y gobierno, la crisis de inseguridad y econ\u00f3mica en que el pa\u00eds est\u00e1 sumido.<\/p>\n<p>En otro sentido, para probar de ambos lados \u2014tanto del chavismo como de la oposici\u00f3n\u2014 qu\u00e9 tan dem\u00f3cratas son, trabajando en conjunto hacia delante, teniendo como fin verdadero una Venezuela mejor.<\/p>\n<p>La situaci\u00f3n de los presos pol\u00edticos tambi\u00e9n requiere atenci\u00f3n, aunque no con la urgencia con que muchos opositores dicen, s\u00ed es necesario que se liberen, pero las mayor\u00edas son primero, por consiguiente es prioritario el problema de las mayor\u00edas: inseguridad y econom\u00eda.<\/p>\n<p>Prudencia de ambos lados, es lo que Venezuela requiere ahora. Los ojos del mundo est\u00e1n ah\u00ed, viendo si todos los discursos sobre democracia \u2014de un lado y del otro\u2014 son verdaderos o mera demagogia.<\/p>\n<p><em><a href=\"http:\/\/www.lopezsosa.com\" target=\"_blank\">www.lopezsosa.com<\/a><br \/>\n<\/em><em><a href=\"mailto:joseantonio@lopezsosa.com\" target=\"_blank\">joseantonio@lopezsosa.com<\/a><\/em><br \/>\n<em><a href=\"http:\/\/twitter.com\/joseantonio1977\" target=\"_blank\">@joseantonio1977<\/a><\/em><\/p>\n","protected":false},"excerpt":{"rendered":"<p><span style=\"color: #005497;\"><strong>Jos\u00e9 Antonio L\u00f3pez Sosa<\/strong><\/span><\/p>\n","protected":false},"author":3,"featured_media":0,"comment_status":"open","ping_status":"open","sticky":false,"template":"","format":"standard","meta":{"_monsterinsights_skip_tracking":false,"_monsterinsights_sitenote_active":false,"_monsterinsights_sitenote_note":"","_monsterinsights_sitenote_category":0,"footnotes":""},"categories":[637],"tags":[638,43690,43674],"class_list":["post-249359","post","type-post","status-publish","format-standard","hentry","category-jose-antonio-lopez-sosa","tag-detras-del-poder","tag-jose-antonio-lopez-sosa","tag-opinion"],"_links":{"self":[{"href":"https:\/\/www.diarioimagen.net\/index.php?rest_route=\/wp\/v2\/posts\/249359","targetHints":{"allow":["GET"]}}],"collection":[{"href":"https:\/\/www.diarioimagen.net\/index.php?rest_route=\/wp\/v2\/posts"}],"about":[{"href":"https:\/\/www.diarioimagen.net\/index.php?rest_route=\/wp\/v2\/types\/post"}],"author":[{"embeddable":true,"href":"https:\/\/www.diarioimagen.net\/index.php?rest_route=\/wp\/v2\/users\/3"}],"replies":[{"embeddable":true,"href":"https:\/\/www.diarioimagen.net\/index.php?rest_route=%2Fwp%2Fv2%2Fcomments&post=249359"}],"version-history":[{"count":0,"href":"https:\/\/www.diarioimagen.net\/index.php?rest_route=\/wp\/v2\/posts\/249359\/revisions"}],"wp:attachment":[{"href":"https:\/\/www.diarioimagen.net\/index.php?rest_route=%2Fwp%2Fv2%2Fmedia&parent=249359"}],"wp:term":[{"taxonomy":"category","embeddable":true,"href":"https:\/\/www.diarioimagen.net\/index.php?rest_route=%2Fwp%2Fv2%2Fcategories&post=249359"},{"taxonomy":"post_tag","embeddable":true,"href":"https:\/\/www.diarioimagen.net\/index.php?rest_route=%2Fwp%2Fv2%2Ftags&post=249359"}],"curies":[{"name":"wp","href":"https:\/\/api.w.org\/{rel}","templated":true}]}}