{"id":249466,"date":"2016-01-06T00:05:25","date_gmt":"2016-01-06T06:05:25","guid":{"rendered":"http:\/\/www.diarioimagen.net\/?p=249466"},"modified":"2016-01-06T23:39:08","modified_gmt":"2016-01-07T05:39:08","slug":"mexico-preparado-para-entorno-dificil-carstens","status":"publish","type":"post","link":"https:\/\/www.diarioimagen.net\/?p=249466","title":{"rendered":"Crecimiento de M\u00e9xico, de los mejores, afirma OCDE"},"content":{"rendered":"<ul>\n<li><strong><em>Preparados para entorno dif\u00edcil, dice Carstens<\/em><\/strong><\/li>\n<li><strong><em>Comportamiento mejor al del resto de pa\u00edses de Latinoam\u00e9rica: Gurr\u00eda<\/em><\/strong><\/li>\n<\/ul>\n<p>&nbsp;<\/p>\n<div id=\"attachment_249467\" style=\"width: 430px\" class=\"wp-caption aligncenter\"><a href=\"http:\/\/www.diarioimagen.net\/?attachment_id=249467\" rel=\"attachment wp-att-249467\"><img loading=\"lazy\" decoding=\"async\" aria-describedby=\"caption-attachment-249467\" class=\"wp-image-249467 size-large\" src=\"http:\/\/www.diarioimagen.net\/wp-content\/uploads\/2016\/01\/TASAS-portal-420x245.jpg\" alt=\"El gobernador del Banco de M\u00e9xico, Agust\u00edn Carstens, se\u00f1al\u00f3 que M\u00e9xico se ha preparado muy bien para enfrentar el dif\u00edcil entorno externo que se vislumbra este a\u00f1o.\" width=\"420\" height=\"245\" srcset=\"https:\/\/www.diarioimagen.net\/wp-content\/uploads\/2016\/01\/TASAS-portal-420x245.jpg 420w, https:\/\/www.diarioimagen.net\/wp-content\/uploads\/2016\/01\/TASAS-portal-240x140.jpg 240w, https:\/\/www.diarioimagen.net\/wp-content\/uploads\/2016\/01\/TASAS-portal.jpg 480w\" sizes=\"auto, (max-width: 420px) 100vw, 420px\" \/><\/a><p id=\"caption-attachment-249467\" class=\"wp-caption-text\">El gobernador del Banco de M\u00e9xico, Agust\u00edn Carstens, se\u00f1al\u00f3 que M\u00e9xico se ha preparado muy bien para enfrentar el dif\u00edcil entorno externo que se vislumbra este a\u00f1o.<\/p><\/div>\n<p>&nbsp;<\/p>\n<p>Hay una relaci\u00f3n muy directa entre las reformas estructurales aprobadas y el crecimiento econ\u00f3mico de M\u00e9xico, que es uno de los mejores a nivel internacional, manifest\u00f3 la Organizaci\u00f3n para la Cooperaci\u00f3n y el Desarrollo Econ\u00f3micos (OCDE).<\/p>\n<p>El secretario general del organismo, Jos\u00e9 Angel Gurr\u00eda Trevi\u00f1o, asegur\u00f3 que M\u00e9xico tiene un comportamiento econ\u00f3mico mejor al del resto de pa\u00edses de Am\u00e9rica Latina, incluso que otras naciones a nivel internacional.<\/p>\n<p>Los niveles de crecimiento que est\u00e1 mostrando M\u00e9xico son de los mejores dentro de la OCDE, de la cual es miembro, resalt\u00f3 en entrevista tras atestiguar la firma del acuerdo entre el organismo internacional y el gobierno de Coahuila, para promover la integridad y buenas pr\u00e1cticas de compras p\u00fablicas.<\/p>\n<p>\u201cHay una relaci\u00f3n directa entre ese comportamiento y el paquete de reformas que se hicieron a principios de la administraci\u00f3n y que ahora se est\u00e1n implementando\u201d, sostuvo el ex secretario de Hacienda y de Relaciones Exteriores de M\u00e9xico.<\/p>\n<p style=\"text-align: center;\"><strong>Bien preparados para entorno dif\u00edcil: Carstens<\/strong><\/p>\n<p>Por su parte, el gobernador del Banco de M\u00e9xico, Agust\u00edn Carstens, se\u00f1al\u00f3 que M\u00e9xico se ha preparado muy bien para enfrentar el dif\u00edcil entorno externo, pero es necesario acelerar la implementaci\u00f3n de la reformas para tener \u201ctodos los motores de crecimiento prendidos\u201d.<\/p>\n<p>Dijo que a pesar del escenario internacional complicado, s\u00ed hay \u201cposibilidades razonables\u201d de que los resultados econ\u00f3micos en M\u00e9xico este a\u00f1o marquen un avance en relaci\u00f3n con 2015.<\/p>\n<p>Destac\u00f3 que la inflaci\u00f3n cerrar\u00e1 2015 en un nivel \u201cin\u00e9dito\u201d, cercano a 2.0 por ciento, en el cual continuar\u00e1 durante el primer semestre de 2016, y es posible que el crecimiento econ\u00f3mico se acelere poco a poco.<\/p>\n<p>Para ello, subray\u00f3, es importante que se consolide la recuperaci\u00f3n de la econom\u00eda de Estados Unidos, pues jalar\u00eda a la mexicana, pero tambi\u00e9n a nivel interno acelerar la implementaci\u00f3n de las reformas estructurales, para que el pa\u00eds tenga \u201ctodos los motores de crecimiento prendidos\u201d.<\/p>\n<p>En entrevista radiof\u00f3nica, afirm\u00f3 que la dimensi\u00f3n econ\u00f3mica ser\u00e1 toral, pues hay varias transiciones que no se han completado, y una de ellas es la externa, pues a nivel mundial no se ha terminado de digerir la crisis que inici\u00f3 en 2008, y eso traer\u00e1 bajo crecimiento global y de precios de mercanc\u00edas b\u00e1sicas.<\/p>\n<p>Apunt\u00f3 que la segunda transici\u00f3n, que ayudar\u00e1 a M\u00e9xico suavizar los efectos de la primera, es que a nivel interno se d\u00e9 paso al fortalecimiento de la econom\u00eda a trav\u00e9s de las reformas estructurales, en las cuales se realizan cosas buenas y de fondo, orientadas a mejorar la productividad y a distinguir al pa\u00eds.<\/p>\n<p>Por lo tanto, consider\u00f3 el banquero central, habr\u00eda que acelerar la implementaci\u00f3n de las reformas, para facilitar el tr\u00e1nsito por la primera transici\u00f3n.<\/p>\n<p>Resalt\u00f3 que uno de los aspectos positivos de la econom\u00eda mexicana es que el mandato del Banxico est\u00e1 rindiendo buenas cuentas, ya que la inflaci\u00f3n cerrar\u00e1 en un nivel cercano a 2.0 por ciento, lo cual es in\u00e9dito y muy bueno por las implicaciones que tiene en la estabilidad financiera, las tasas de inter\u00e9s y el aumento en los salarios reales.<\/p>\n<p>Estim\u00f3 que noticias recientes como la reducci\u00f3n en el precio de las gasolinas y en las tarifas el\u00e9ctricas de las familias al inicio de 2016, as\u00ed como la mayor competencia en el mercado de telecomunicaciones, ayudar\u00e1n a que esta tendencia contin\u00fae cuando menos durante el primer semestre del a\u00f1o.<\/p>\n<p>\u201cEntonces, es un escenario inflacionario adecuado y yo dir\u00eda con un crecimiento que es posible que se vaya acelerando poco a poco\u201d, coment\u00f3 Carstens.<\/p>\n<p>Lo m\u00e1s importante para M\u00e9xico en el \u00e1mbito internacional, apunt\u00f3, es que se consolide la recuperaci\u00f3n de la econom\u00eda de Estados Unidos, y junto con la productividad y la depreciaci\u00f3n del tipo de cambio real, eso haga que el sector externo empiece a jalar m\u00e1s a la econom\u00eda mexicana.<\/p>\n<p>El gobernador del Banco de M\u00e9xico se\u00f1al\u00f3 que de esta forma se tendr\u00eda a la econom\u00eda mexicana con crecimiento interno, que fue lo que en buena parte sucedi\u00f3 en 2015, pero tambi\u00e9n por el lado externo.<\/p>\n<p>Si se consolida la recuperaci\u00f3n de Estados Unidos, contribuir\u00eda a estabilizar el precio del petr\u00f3leo y ser\u00eda m\u00e1s predecible la pol\u00edtica monetaria de ese pa\u00eds, lo que facilitar\u00eda el trabajo que el Banxico determine su pol\u00edtica monetaria y los flujos de capital no est\u00e9n presionando al tipo de cambio.<\/p>\n<p style=\"text-align: center;\"><strong>Mayor fortaleza fiscal<\/strong><\/p>\n<p>Destac\u00f3 que M\u00e9xico tiene mayor fortaleza fiscal, un banco central aut\u00f3nomo, un marco institucional m\u00e1s sano, la Secretar\u00eda de Hacienda, a trav\u00e9s de las coberturas petroleras, ha tratado de reducir las vulnerabilidades que representa la petrolizaci\u00f3n de las finanzas, y la libre flotaci\u00f3n del tipo de cambio ha evitado que la depreciaci\u00f3n del peso se traspase a la inflaci\u00f3n.<\/p>\n<p>Sostuvo que ante un entorno internacional adverso, en los \u00faltimos a\u00f1os la econom\u00eda mexicana se ha fortalecido y se ven mucho m\u00e1s remotos escenarios como la crisis de 1982.<\/p>\n<p>\u201cNos hemos preparados bien, estamos bien preparados y eso nos deber\u00eda ayudar para disminuir sustancialmente las posibilidades de que a nosotros se nos presente una crisis\u201d, asegur\u00f3 el banquero central.<\/p>\n<p>Coment\u00f3 que pese a los imponderables del entorno externo negativo, tambi\u00e9n hay cosas buenas, como que la econom\u00eda m\u00e1s grande del mundo que es Estados Unidos se est\u00e1 recuperando, y que es el principal socio comercial de M\u00e9xico.<\/p>\n<p>Se\u00f1al\u00f3 que si Estados Unidos va a subir sus tasas de inter\u00e9s, ser\u00e1 de manera muy gradual, y eso tambi\u00e9n deber\u00eda hacer que el Banxico tenga que aumentar las tasas tambi\u00e9n gradualmente.<\/p>\n<p>\u201cAnte escenario realmente complicado, yo creo que si hay unas posibilidades razonables de que los resultados econ\u00f3micos en M\u00e9xico marquen un avance sobre el 2015\u201d, concluy\u00f3.<\/p>\n<p>Coment\u00f3 que el valor de la moneda lo determina la fortaleza de la econom\u00eda en su conjunto, ante lo cual el marco macroecon\u00f3mico s\u00f3lido que tiene M\u00e9xico deber\u00eda de dar un comportamiento relativamente favorable con respecto a otras econom\u00edas.<\/p>\n<p>El mundo seguir\u00e1 dominado por la incertidumbre, y para mitigarla, las autoridades financieras mexicanas deben seguir pol\u00edticas s\u00f3lidas apropiadas para el momento y que den certeza a los agentes econ\u00f3micos de que hay entidades dentro del Estado preocupadas en preservar el valor de la moneda y que la econom\u00eda crezca, a\u00f1adi\u00f3 el funcionario.<\/p>\n<p style=\"text-align: center;\"><strong>Subida de tasas a menor ritmo que Fed<\/strong><\/p>\n<p>El Banco de M\u00e9xico (Banxico) aumentar\u00eda la tasa de inter\u00e9s de referencia del pa\u00eds a un menor ritmo que la Reserva Federal de Estados Unidos (Fed), para sumar un incremento total de 50 puntos base durante 2016, proyect\u00f3 Merrill Lynch.<\/p>\n<p>El banco de inversi\u00f3n propiedad de Bank of America apunt\u00f3 que la Fed aumentar\u00e1 la tasa de inter\u00e9s de referencia en junio, septiembre y diciembre, para sumar un alza de 75 puntos base en 2016, en tanto que Banxico evitar\u00eda el incremento del \u00faltimo mes del a\u00f1o.<\/p>\n<p>Merrill Lynch consider\u00f3 que dados los fuertes fundamentos de la econom\u00eda de M\u00e9xico, la pol\u00edtica monetaria del Banxico podr\u00eda tener mayor flexibilidad en su reacci\u00f3n a futuras alzas de parte de la Fed, a fin de responder de mejor manera a requerimientos dom\u00e9sticos y externos.<\/p>\n<p>\u201cCreemos que los factores dom\u00e9sticos (en M\u00e9xico) eventualmente tendr\u00e1n mayor peso que la Fed. Consideren que las exportaciones contin\u00faan siendo d\u00e9biles, que la pol\u00edtica fiscal se est\u00e1 contrayendo debido a los mucho menores ingresos petroleros y que la inflaci\u00f3n est\u00e1 bajo control\u201d, asent\u00f3 el banco.<\/p>\n<p>El informe indic\u00f3 que su proyecci\u00f3n de que Banxico aumente tasas a un menor ritmo que la Fed va en sentido contrario a las expectativas generalizadas, y que est\u00e1 basada en que el mercado de tasas de inter\u00e9s y de cambio de divisas contin\u00faen funcionando de manera ordenada.<\/p>\n","protected":false},"excerpt":{"rendered":"<p>Hay una relaci\u00f3n muy directa entre las reformas estructurales aprobadas y el crecimiento econ\u00f3mico de M\u00e9xico, que es uno de los mejores a nivel internacional, manifest\u00f3 la Organizaci\u00f3n para la Cooperaci\u00f3n y el Desarrollo Econ\u00f3micos (OCDE).<\/p>\n","protected":false},"author":5,"featured_media":249467,"comment_status":"open","ping_status":"open","sticky":false,"template":"","format":"standard","meta":{"_monsterinsights_skip_tracking":false,"_monsterinsights_sitenote_active":false,"_monsterinsights_sitenote_note":"","_monsterinsights_sitenote_category":0,"footnotes":""},"categories":[8],"tags":[23098,1520,2021,44,360],"class_list":["post-249466","post","type-post","status-publish","format-standard","has-post-thumbnail","hentry","category-finanzas","tag-agustin-carstens-carstens","tag-banco-de-mexico","tag-crecimiento","tag-mexico","tag-ocde"],"_links":{"self":[{"href":"https:\/\/www.diarioimagen.net\/index.php?rest_route=\/wp\/v2\/posts\/249466","targetHints":{"allow":["GET"]}}],"collection":[{"href":"https:\/\/www.diarioimagen.net\/index.php?rest_route=\/wp\/v2\/posts"}],"about":[{"href":"https:\/\/www.diarioimagen.net\/index.php?rest_route=\/wp\/v2\/types\/post"}],"author":[{"embeddable":true,"href":"https:\/\/www.diarioimagen.net\/index.php?rest_route=\/wp\/v2\/users\/5"}],"replies":[{"embeddable":true,"href":"https:\/\/www.diarioimagen.net\/index.php?rest_route=%2Fwp%2Fv2%2Fcomments&post=249466"}],"version-history":[{"count":0,"href":"https:\/\/www.diarioimagen.net\/index.php?rest_route=\/wp\/v2\/posts\/249466\/revisions"}],"wp:featuredmedia":[{"embeddable":true,"href":"https:\/\/www.diarioimagen.net\/index.php?rest_route=\/wp\/v2\/media\/249467"}],"wp:attachment":[{"href":"https:\/\/www.diarioimagen.net\/index.php?rest_route=%2Fwp%2Fv2%2Fmedia&parent=249466"}],"wp:term":[{"taxonomy":"category","embeddable":true,"href":"https:\/\/www.diarioimagen.net\/index.php?rest_route=%2Fwp%2Fv2%2Fcategories&post=249466"},{"taxonomy":"post_tag","embeddable":true,"href":"https:\/\/www.diarioimagen.net\/index.php?rest_route=%2Fwp%2Fv2%2Ftags&post=249466"}],"curies":[{"name":"wp","href":"https:\/\/api.w.org\/{rel}","templated":true}]}}