{"id":249523,"date":"2016-01-06T00:09:13","date_gmt":"2016-01-06T06:09:13","guid":{"rendered":"http:\/\/www.diarioimagen.net\/?p=249523"},"modified":"2016-01-06T02:15:05","modified_gmt":"2016-01-06T08:15:05","slug":"reinician-clases-mas-de-4-7-millones-de-alumnos","status":"publish","type":"post","link":"https:\/\/www.diarioimagen.net\/?p=249523","title":{"rendered":"Reinician clases m\u00e1s de 4.7 millones de alumnos"},"content":{"rendered":"<ul>\n<li><strong><em>En febrero y marzo ser\u00e1n las preinscripciones para el nivel b\u00e1sico<\/em><\/strong><\/li>\n<\/ul>\n<p>&nbsp;<\/p>\n<div id=\"attachment_249604\" style=\"width: 430px\" class=\"wp-caption aligncenter\"><a href=\"http:\/\/www.diarioimagen.net\/?attachment_id=249604\" rel=\"attachment wp-att-249604\"><img loading=\"lazy\" decoding=\"async\" aria-describedby=\"caption-attachment-249604\" class=\"size-large wp-image-249604\" src=\"http:\/\/www.diarioimagen.net\/wp-content\/uploads\/2016\/01\/clases-2776-420x236.jpg\" alt=\"Ma\u00f1ana 7 de enero regresan a las aulas en el Estado de M\u00e9xico m\u00e1s de 4.7 millones de alumnos y 236 mil docentes.\" width=\"420\" height=\"236\" srcset=\"https:\/\/www.diarioimagen.net\/wp-content\/uploads\/2016\/01\/clases-2776-420x236.jpg 420w, https:\/\/www.diarioimagen.net\/wp-content\/uploads\/2016\/01\/clases-2776-240x135.jpg 240w, https:\/\/www.diarioimagen.net\/wp-content\/uploads\/2016\/01\/clases-2776-235x132.jpg 235w, https:\/\/www.diarioimagen.net\/wp-content\/uploads\/2016\/01\/clases-2776-202x114.jpg 202w, https:\/\/www.diarioimagen.net\/wp-content\/uploads\/2016\/01\/clases-2776-350x196.jpg 350w, https:\/\/www.diarioimagen.net\/wp-content\/uploads\/2016\/01\/clases-2776-220x123.jpg 220w, https:\/\/www.diarioimagen.net\/wp-content\/uploads\/2016\/01\/clases-2776-237x132.jpg 237w, https:\/\/www.diarioimagen.net\/wp-content\/uploads\/2016\/01\/clases-2776.jpg 480w\" sizes=\"auto, (max-width: 420px) 100vw, 420px\" \/><\/a><p id=\"caption-attachment-249604\" class=\"wp-caption-text\">Ma\u00f1ana 7 de enero regresan a las aulas en el Estado de M\u00e9xico m\u00e1s de 4.7 millones de alumnos y 236 mil docentes.<\/p><\/div>\n<p>&nbsp;<\/p>\n<p><strong>Toluca, Estado de M\u00e9xico<\/strong>.- De acuerdo con el calendario escolar 2015-2016, emitido por la Secretar\u00eda de Educaci\u00f3n P\u00fablica (SEP) y que es vigente en todo el pa\u00eds para las escuelas p\u00fablicas y particulares, este jueves 7 de enero regresan a las aulas en el Estado de M\u00e9xico m\u00e1s de 4.7 millones de alumnos y 236 mil docentes.<\/p>\n<p>Por lo que para lo que resta del ciclo escolar 2015-2016, que concluir\u00e1 el 15 de julio pr\u00f3ximo, est\u00e1n considerados como d\u00edas de suspensi\u00f3n de labores en el nivel b\u00e1sico, que comprende preescolar, primaria y secundaria, el 29 de enero, 26 de febrero, 29 de abril, 27 de mayo y 24 de junio, para el trabajo de los Consejos T\u00e9cnicos Escolares.<\/p>\n<p>Cabe se\u00f1alar que en febrero y marzo, en la entidad se realizar\u00e1n las preinscripciones al nivel b\u00e1sico. Mientras que, los d\u00edas 1 de febrero, 21 de marzo y 1, 5 y 15 de mayo, est\u00e1n marcados como festivos y no laborables. Las \u00faltimas vacaciones del ciclo tendr\u00e1n lugar del 22 de marzo al 4 de abril y en junio se desarrollar\u00e1n evaluaciones a los estudiantes sin suspensi\u00f3n de clases.<\/p>\n<p>De este modo, la Secretar\u00eda de Educaci\u00f3n estatal exhorta a estudiantes y personal docente y administrativo a realizar su mejor esfuerzo en lo que resta del ciclo escolar y ratifica su compromiso de seguir trabajando para mejorar las condiciones de los diversos planteles escolares, en cumplimiento de las instrucciones del gobernador Eruviel \u00c1vila y aprovechando al m\u00e1ximo los beneficios que representa, en materia de mejoramiento de la infraestructura y reforzamiento de la calidad acad\u00e9mica, la reforma educativa.<\/p>\n<p>&nbsp;<\/p>\n","protected":false},"excerpt":{"rendered":"<p>De acuerdo con el calendario escolar 2015-2016, emitido por la Secretar\u00eda de Educaci\u00f3n P\u00fablica (SEP) y que es vigente en todo el pa\u00eds para las escuelas p\u00fablicas y particulares, este jueves 7 de enero regresan a las aulas en el Estado de M\u00e9xico m\u00e1s de 4.7 millones de alumnos y 236 mil docentes.<\/p>\n","protected":false},"author":3,"featured_media":249604,"comment_status":"open","ping_status":"open","sticky":false,"template":"","format":"standard","meta":{"_monsterinsights_skip_tracking":false,"_monsterinsights_sitenote_active":false,"_monsterinsights_sitenote_note":"","_monsterinsights_sitenote_category":0,"footnotes":""},"categories":[5],"tags":[19577,43675,1058,459,452],"class_list":["post-249523","post","type-post","status-publish","format-standard","has-post-thumbnail","hentry","category-estado-de-mexico","tag-alumnos","tag-estado-de-mexico","tag-secretaria-de-educacion-publica","tag-sep","tag-toluca"],"_links":{"self":[{"href":"https:\/\/www.diarioimagen.net\/index.php?rest_route=\/wp\/v2\/posts\/249523","targetHints":{"allow":["GET"]}}],"collection":[{"href":"https:\/\/www.diarioimagen.net\/index.php?rest_route=\/wp\/v2\/posts"}],"about":[{"href":"https:\/\/www.diarioimagen.net\/index.php?rest_route=\/wp\/v2\/types\/post"}],"author":[{"embeddable":true,"href":"https:\/\/www.diarioimagen.net\/index.php?rest_route=\/wp\/v2\/users\/3"}],"replies":[{"embeddable":true,"href":"https:\/\/www.diarioimagen.net\/index.php?rest_route=%2Fwp%2Fv2%2Fcomments&post=249523"}],"version-history":[{"count":0,"href":"https:\/\/www.diarioimagen.net\/index.php?rest_route=\/wp\/v2\/posts\/249523\/revisions"}],"wp:featuredmedia":[{"embeddable":true,"href":"https:\/\/www.diarioimagen.net\/index.php?rest_route=\/wp\/v2\/media\/249604"}],"wp:attachment":[{"href":"https:\/\/www.diarioimagen.net\/index.php?rest_route=%2Fwp%2Fv2%2Fmedia&parent=249523"}],"wp:term":[{"taxonomy":"category","embeddable":true,"href":"https:\/\/www.diarioimagen.net\/index.php?rest_route=%2Fwp%2Fv2%2Fcategories&post=249523"},{"taxonomy":"post_tag","embeddable":true,"href":"https:\/\/www.diarioimagen.net\/index.php?rest_route=%2Fwp%2Fv2%2Ftags&post=249523"}],"curies":[{"name":"wp","href":"https:\/\/api.w.org\/{rel}","templated":true}]}}