{"id":249526,"date":"2016-01-06T00:08:12","date_gmt":"2016-01-06T06:08:12","guid":{"rendered":"http:\/\/www.diarioimagen.net\/?p=249526"},"modified":"2016-01-06T02:16:53","modified_gmt":"2016-01-06T08:16:53","slug":"moderniza-infraestructura-via-en-tequixquiac","status":"publish","type":"post","link":"https:\/\/www.diarioimagen.net\/?p=249526","title":{"rendered":"Moderniza infraestructura v\u00eda en Tequixquiac"},"content":{"rendered":"<ul>\n<li><strong><em>Invierte GEM 4.6 millones de pesos<\/em><\/strong><\/li>\n<\/ul>\n<p>&nbsp;<\/p>\n<p><a href=\"http:\/\/www.diarioimagen.net\/?attachment_id=249607\" rel=\"attachment wp-att-249607\"><img loading=\"lazy\" decoding=\"async\" class=\"aligncenter size-large wp-image-249607\" src=\"http:\/\/www.diarioimagen.net\/wp-content\/uploads\/2016\/01\/infraestructura-2776-420x236.jpg\" alt=\"infraestructura-2776\" width=\"420\" height=\"236\" srcset=\"https:\/\/www.diarioimagen.net\/wp-content\/uploads\/2016\/01\/infraestructura-2776-420x236.jpg 420w, https:\/\/www.diarioimagen.net\/wp-content\/uploads\/2016\/01\/infraestructura-2776-240x135.jpg 240w, https:\/\/www.diarioimagen.net\/wp-content\/uploads\/2016\/01\/infraestructura-2776-235x132.jpg 235w, https:\/\/www.diarioimagen.net\/wp-content\/uploads\/2016\/01\/infraestructura-2776-202x114.jpg 202w, https:\/\/www.diarioimagen.net\/wp-content\/uploads\/2016\/01\/infraestructura-2776-350x196.jpg 350w, https:\/\/www.diarioimagen.net\/wp-content\/uploads\/2016\/01\/infraestructura-2776-220x123.jpg 220w, https:\/\/www.diarioimagen.net\/wp-content\/uploads\/2016\/01\/infraestructura-2776-237x132.jpg 237w, https:\/\/www.diarioimagen.net\/wp-content\/uploads\/2016\/01\/infraestructura-2776.jpg 480w\" sizes=\"auto, (max-width: 420px) 100vw, 420px\" \/><\/a><\/p>\n<p>&nbsp;<\/p>\n<p><strong>Tequixquiac, Estado de M\u00e9xico<\/strong>.- Como parte del programa de modernizaci\u00f3n de caminos rurales y carreteras alimentadoras, la Secretar\u00eda de Infraestructura del Estado de M\u00e9xico rehabilit\u00f3 el camino San Jos\u00e9-Monte Alto, en el municipio de Tequixquiac.<\/p>\n<p>A trav\u00e9s de la Junta de Caminos, dependiente de la Secretar\u00eda de Infraestructura, el Gobierno del Estado de M\u00e9xico destin\u00f3 4.6 millones de pesos para la realizaci\u00f3n de los trabajos, que beneficiar\u00e1n a casi 23 mil habitantes de la regi\u00f3n.<\/p>\n<p>Asimismo, Rub\u00e9n Bringas Pe\u00f1aloza, director de la Junta de Caminos, explic\u00f3 que los trabajos consisten en la introducci\u00f3n de red de drenaje, excavaci\u00f3n y preparaci\u00f3n del terreno, la colocaci\u00f3n de base hidr\u00e1ulica y una carpeta de asfalto sobre el camino que tiene un kil\u00f3metro longitud por siete metros de ancho.<\/p>\n<p>Explic\u00f3 que el camino permitir\u00e1 mejorar la conectividad y movilidad de los habitantes de la comunidad de San Jos\u00e9, en Monte Alto, incrementando la seguridad para las personas y los 350 autos que circulan por la arteria.<\/p>\n<p>Los trabajos que llevan un 38 por ciento de avance, mejorar\u00e1n adem\u00e1s la ca\u00edda de aguas pluviales, a trav\u00e9s del sistema de drenaje que se ha colocado, lo que mejorar\u00e1 adem\u00e1s las condiciones de higiene de los lotes que carec\u00edan de drenaje sobre la vialidad.<\/p>\n<p>Bringas Pe\u00f1aloza indic\u00f3 que con esta obra se atienden las instrucciones del Ejecutivo estatal, para atender las demandas de los ciudadanos, a fin de dotarlos de una mejor infraestructura que permita tener mexiquenses con mejores servicios y mejor comunicados.<\/p>\n","protected":false},"excerpt":{"rendered":"<p>Como parte del programa de modernizaci\u00f3n de caminos rurales y carreteras alimentadoras, la Secretar\u00eda de Infraestructura del Estado de M\u00e9xico rehabilit\u00f3 el camino San Jos\u00e9-Monte Alto, en el municipio de Tequixquiac.<\/p>\n","protected":false},"author":3,"featured_media":249607,"comment_status":"open","ping_status":"open","sticky":false,"template":"","format":"standard","meta":{"_monsterinsights_skip_tracking":false,"_monsterinsights_sitenote_active":false,"_monsterinsights_sitenote_note":"","_monsterinsights_sitenote_category":0,"footnotes":""},"categories":[5],"tags":[43675],"class_list":["post-249526","post","type-post","status-publish","format-standard","has-post-thumbnail","hentry","category-estado-de-mexico","tag-estado-de-mexico"],"_links":{"self":[{"href":"https:\/\/www.diarioimagen.net\/index.php?rest_route=\/wp\/v2\/posts\/249526","targetHints":{"allow":["GET"]}}],"collection":[{"href":"https:\/\/www.diarioimagen.net\/index.php?rest_route=\/wp\/v2\/posts"}],"about":[{"href":"https:\/\/www.diarioimagen.net\/index.php?rest_route=\/wp\/v2\/types\/post"}],"author":[{"embeddable":true,"href":"https:\/\/www.diarioimagen.net\/index.php?rest_route=\/wp\/v2\/users\/3"}],"replies":[{"embeddable":true,"href":"https:\/\/www.diarioimagen.net\/index.php?rest_route=%2Fwp%2Fv2%2Fcomments&post=249526"}],"version-history":[{"count":0,"href":"https:\/\/www.diarioimagen.net\/index.php?rest_route=\/wp\/v2\/posts\/249526\/revisions"}],"wp:featuredmedia":[{"embeddable":true,"href":"https:\/\/www.diarioimagen.net\/index.php?rest_route=\/wp\/v2\/media\/249607"}],"wp:attachment":[{"href":"https:\/\/www.diarioimagen.net\/index.php?rest_route=%2Fwp%2Fv2%2Fmedia&parent=249526"}],"wp:term":[{"taxonomy":"category","embeddable":true,"href":"https:\/\/www.diarioimagen.net\/index.php?rest_route=%2Fwp%2Fv2%2Fcategories&post=249526"},{"taxonomy":"post_tag","embeddable":true,"href":"https:\/\/www.diarioimagen.net\/index.php?rest_route=%2Fwp%2Fv2%2Ftags&post=249526"}],"curies":[{"name":"wp","href":"https:\/\/api.w.org\/{rel}","templated":true}]}}