{"id":249532,"date":"2016-01-06T00:09:09","date_gmt":"2016-01-06T06:09:09","guid":{"rendered":"http:\/\/www.diarioimagen.net\/?p=249532"},"modified":"2016-01-06T02:57:33","modified_gmt":"2016-01-06T08:57:33","slug":"cientos-de-ninos-acuden-al-palacio-de-los-deseos","status":"publish","type":"post","link":"https:\/\/www.diarioimagen.net\/?p=249532","title":{"rendered":"Cientos de ni\u00f1os acuden al \u201cPalacio de los Deseos\u201d"},"content":{"rendered":"<ul>\n<li><strong><em>Cartas a los Reyes Magos<\/em><\/strong><\/li>\n<\/ul>\n<p>&nbsp;<\/p>\n<div id=\"attachment_249648\" style=\"width: 430px\" class=\"wp-caption aligncenter\"><a href=\"http:\/\/www.diarioimagen.net\/?attachment_id=249648\" rel=\"attachment wp-att-249648\"><img loading=\"lazy\" decoding=\"async\" aria-describedby=\"caption-attachment-249648\" class=\"size-large wp-image-249648\" src=\"http:\/\/www.diarioimagen.net\/wp-content\/uploads\/2016\/01\/cartas-2776-420x236.jpg\" alt=\"Cientos de ni\u00f1os acuden al Palacio de Correos en la ciudad de M\u00e9xico, para escribir su carta a los Reyes Magos.\" width=\"420\" height=\"236\" srcset=\"https:\/\/www.diarioimagen.net\/wp-content\/uploads\/2016\/01\/cartas-2776-420x236.jpg 420w, https:\/\/www.diarioimagen.net\/wp-content\/uploads\/2016\/01\/cartas-2776-240x135.jpg 240w, https:\/\/www.diarioimagen.net\/wp-content\/uploads\/2016\/01\/cartas-2776-235x132.jpg 235w, https:\/\/www.diarioimagen.net\/wp-content\/uploads\/2016\/01\/cartas-2776-202x114.jpg 202w, https:\/\/www.diarioimagen.net\/wp-content\/uploads\/2016\/01\/cartas-2776-350x196.jpg 350w, https:\/\/www.diarioimagen.net\/wp-content\/uploads\/2016\/01\/cartas-2776-220x123.jpg 220w, https:\/\/www.diarioimagen.net\/wp-content\/uploads\/2016\/01\/cartas-2776-237x132.jpg 237w, https:\/\/www.diarioimagen.net\/wp-content\/uploads\/2016\/01\/cartas-2776.jpg 480w\" sizes=\"auto, (max-width: 420px) 100vw, 420px\" \/><\/a><p id=\"caption-attachment-249648\" class=\"wp-caption-text\">Cientos de ni\u00f1os acuden al Palacio de Correos en la ciudad de M\u00e9xico, para escribir su carta a los Reyes Magos.<\/p><\/div>\n<p>&nbsp;<\/p>\n<p>En la v\u00edspera de la llegada de los Reyes Magos, el edificio sede del Servicio Postal Mexicano se convierte en el \u201cPalacio de los Deseos\u201d, donde empleados ense\u00f1an a ni\u00f1os y ni\u00f1as c\u00f3mo redactar una carta y c\u00f3mo comunicar sus buenos sentimientos, mejores emociones, caros deseos y las m\u00e1s sinceras felicitaciones.<\/p>\n<p>El Servicio Postal Mexicano (Sepomex) invita a todos los infantes a escribir y enviar sus cartas a los Reyes Magos mediante el tradicional Taller Navide\u00f1o, que se toma en el Palacio Postal en el Centro Hist\u00f3rico y en 186 oficinas en las principales ciudades del pa\u00eds.<\/p>\n<p>Desde temprano, cientos de ni\u00f1os entran al \u201cPalacio de los Deseos\u201d para tomar el taller y escribir las cartas portadoras de deseos. Es una experiencia que viven junto con sus pap\u00e1s, mam\u00e1s y algunos otros familiares.<\/p>\n<p>Los ni\u00f1os tambi\u00e9n aprenden como rotular un sobre con el nombre del destinatario y su domicilio con la calle, n\u00famero exterior e interior, colonia, c\u00f3digo postal, ciudad y pa\u00eds, para que la correspondencia llegue bien a su destino, y se les orienta sobre c\u00f3mo escribir los datos del remitente, o sea, de quien manda la carta.<\/p>\n<p>Quienes asisten al Palacio Postal, ubicado en Tacuba 1 esquina Eje Central, se toman la foto del recuerdo con el monumental \u00c1rbol de Navidad lleno de Cajas M\u00e1gicas de regalo que tienen, igual que las cartas, un significado muy especial: La esperanza y emoci\u00f3n de recibir un obsequio y los deseos de un a\u00f1o siempre mejor y con los tres Reyes Magos.<\/p>\n<p>A unas horas de la llegada de Melchor, Gaspar y Baltasar a los hogares de cada uno de los ni\u00f1os y ni\u00f1as que se han portado bien, el Taller Navide\u00f1o es un espacio de convivencia, diversi\u00f3n y alegr\u00eda, donde los visitantes gozan, adem\u00e1s, de la arquitectura del edificio.<\/p>\n<p>Familias de la ciudad de M\u00e9xico, Jalisco, Puebla, Oaxaca, Sinaloa, Guerrero, Tlaxcala, Colima, Morelos, San Luis Potos\u00ed y Michoac\u00e1n, as\u00ed como de Francia, Holanda y Estados Unidos, hicieron propicia la ocasi\u00f3n para elevar su voz y dejar ver la importancia de actividades como \u00e9sta, que hacen que la ilusi\u00f3n y la buena voluntad no se pierda entre las personas.<\/p>\n<p>Tras escribirles a los Reyes Magos y depositar sus cartas en el buz\u00f3n de la oficina central de Correos de M\u00e9xico, Rub\u00e9n, Silvia, Graciela, Arturo, Isabel, Jos\u00e9 y Pilar, todos ellos hermanitos que tienen su domicilio en la zona de La Merced, dijeron que esperan que los Santos Reyes les traigan todo lo que pidieron en sus misivas.<\/p>\n<p>&nbsp;<\/p>\n","protected":false},"excerpt":{"rendered":"<p>En la v\u00edspera de la llegada de los Reyes Magos, el edificio sede del Servicio Postal Mexicano se convierte en el \u201cPalacio de los Deseos\u201d, donde empleados ense\u00f1an a ni\u00f1os y ni\u00f1as c\u00f3mo redactar una carta y c\u00f3mo comunicar sus buenos sentimientos, mejores emociones, caros deseos y las m\u00e1s sinceras felicitaciones.<\/p>\n","protected":false},"author":3,"featured_media":249648,"comment_status":"open","ping_status":"open","sticky":false,"template":"","format":"standard","meta":{"_monsterinsights_skip_tracking":false,"_monsterinsights_sitenote_active":false,"_monsterinsights_sitenote_note":"","_monsterinsights_sitenote_category":0,"footnotes":""},"categories":[6],"tags":[204,14935],"class_list":["post-249532","post","type-post","status-publish","format-standard","has-post-thumbnail","hentry","category-cd-de-mexico","tag-ciudad-de-mexico","tag-dia-de-reyes"],"_links":{"self":[{"href":"https:\/\/www.diarioimagen.net\/index.php?rest_route=\/wp\/v2\/posts\/249532","targetHints":{"allow":["GET"]}}],"collection":[{"href":"https:\/\/www.diarioimagen.net\/index.php?rest_route=\/wp\/v2\/posts"}],"about":[{"href":"https:\/\/www.diarioimagen.net\/index.php?rest_route=\/wp\/v2\/types\/post"}],"author":[{"embeddable":true,"href":"https:\/\/www.diarioimagen.net\/index.php?rest_route=\/wp\/v2\/users\/3"}],"replies":[{"embeddable":true,"href":"https:\/\/www.diarioimagen.net\/index.php?rest_route=%2Fwp%2Fv2%2Fcomments&post=249532"}],"version-history":[{"count":0,"href":"https:\/\/www.diarioimagen.net\/index.php?rest_route=\/wp\/v2\/posts\/249532\/revisions"}],"wp:featuredmedia":[{"embeddable":true,"href":"https:\/\/www.diarioimagen.net\/index.php?rest_route=\/wp\/v2\/media\/249648"}],"wp:attachment":[{"href":"https:\/\/www.diarioimagen.net\/index.php?rest_route=%2Fwp%2Fv2%2Fmedia&parent=249532"}],"wp:term":[{"taxonomy":"category","embeddable":true,"href":"https:\/\/www.diarioimagen.net\/index.php?rest_route=%2Fwp%2Fv2%2Fcategories&post=249532"},{"taxonomy":"post_tag","embeddable":true,"href":"https:\/\/www.diarioimagen.net\/index.php?rest_route=%2Fwp%2Fv2%2Ftags&post=249532"}],"curies":[{"name":"wp","href":"https:\/\/api.w.org\/{rel}","templated":true}]}}