{"id":249668,"date":"2016-01-07T00:02:37","date_gmt":"2016-01-07T06:02:37","guid":{"rendered":"http:\/\/www.diarioimagen.net\/?p=249668"},"modified":"2016-01-08T00:56:02","modified_gmt":"2016-01-08T06:56:02","slug":"detonacion-de-norcorea-es-profundamente-desestabilizadora-onu","status":"publish","type":"post","link":"https:\/\/www.diarioimagen.net\/?p=249668","title":{"rendered":"Condena mundial a prueba nuclear de Kim Jong-un"},"content":{"rendered":"<ul>\n<li><strong><em>Profundamente desestabilizadora: ONU<\/em><\/strong><\/li>\n<\/ul>\n<p>&nbsp;<\/p>\n<div id=\"attachment_249669\" style=\"width: 430px\" class=\"wp-caption aligncenter\"><a href=\"http:\/\/www.diarioimagen.net\/?attachment_id=249669\" rel=\"attachment wp-att-249669\"><img loading=\"lazy\" decoding=\"async\" aria-describedby=\"caption-attachment-249669\" class=\"wp-image-249669 size-large\" src=\"http:\/\/www.diarioimagen.net\/wp-content\/uploads\/2016\/01\/NUCLEAR-PORTAL-420x245.jpg\" alt=\"La televisi\u00f3n estatal de Corea del Norte confirm\u00f3 que el gobierno de Kim Jong-un condujo de manera exitosa la primera detonaci\u00f3n de una bomba de hidr\u00f3geno miniaturizada.\" width=\"420\" height=\"245\" srcset=\"https:\/\/www.diarioimagen.net\/wp-content\/uploads\/2016\/01\/NUCLEAR-PORTAL-420x245.jpg 420w, https:\/\/www.diarioimagen.net\/wp-content\/uploads\/2016\/01\/NUCLEAR-PORTAL-240x140.jpg 240w, https:\/\/www.diarioimagen.net\/wp-content\/uploads\/2016\/01\/NUCLEAR-PORTAL.jpg 480w\" sizes=\"auto, (max-width: 420px) 100vw, 420px\" \/><\/a><p id=\"caption-attachment-249669\" class=\"wp-caption-text\">La televisi\u00f3n estatal de Corea del Norte confirm\u00f3 que el gobierno de Kim Jong-un condujo de manera exitosa la primera detonaci\u00f3n de una bomba de hidr\u00f3geno miniaturizada.<\/p><\/div>\n<p>&nbsp;<\/p>\n<p>La prueba at\u00f3mica subterr\u00e1nea realizada por Corea del Norte es \u201cprofundamente desestabilizadora para la seguridad regional\u201d, expres\u00f3 el secretario general de Naciones Unidas, Ban Ki-moon.<\/p>\n<p>Previo a una sesi\u00f3n de emergencia del Consejo de Seguridad, Ban indic\u00f3 que la prueba norcoreana socava de manera seria los esfuerzos internacionales contra la proliferaci\u00f3n nuclear en el mundo y contraviene las normas sobre ensayos con esta tecnolog\u00eda.<\/p>\n<p>\u201cCondeno la prueba de manera inequ\u00edvoca\u201d, asever\u00f3 Ban Ki-moon. A\u00f1adi\u00f3 que la prueba es seriamente problem\u00e1tica porque viola resoluciones del Consejo de Seguridad y los llamados de la comunidad internacional para que Corea del Norte cese su actividad nuclear con fines militares.<\/p>\n<p>El titular de la ONU exigi\u00f3 por ello a Corea del Norte terminar cualquier actividad nuclear adicional y a que cumpla con sus obligaciones para comenzar un proceso verificable de desnuclearizaci\u00f3n.<\/p>\n<p>Inform\u00f3 que la ONU supervisa y eval\u00faa los desarrollos en Corea del Norte, en coordinaci\u00f3n con las partes y las organizaciones internacionales relacionadas con el tema, incluyendo la Organizaci\u00f3n del Tratado de Prohibici\u00f3n Completa de los Ensayos Nucleares (CTBTO).<\/p>\n<p>La televisi\u00f3n estatal de Corea del Norte afirm\u00f3 que el gobierno de ese pa\u00eds condujo de manera exitosa la primera detonaci\u00f3n de una bomba de hidr\u00f3geno miniaturizada, lo que de ser cierto marcar\u00eda un gran avance militar para ese pa\u00eds.<\/p>\n<p>Una presentadora de televisi\u00f3n del canal estatal norcoreano anunci\u00f3 que Corea del Norte realiz\u00f3 exitosamente su primera prueba de una bomba de hidr\u00f3geno.<\/p>\n<p style=\"text-align: center;\"><strong>Reacci\u00f3n de EU y Jap\u00f3n<\/strong><\/p>\n<p>Estados Unidos y Jap\u00f3n solicitaron una reuni\u00f3n urgente del Consejo de Seguridad de la ONU para imponer m\u00e1s sanciones a Corea del Norte, tras la prueba de una bomba nuclear de hidr\u00f3geno, que suscit\u00f3 la alarma mundial y que, incluso China, principal aliado del r\u00e9gimen de Kim Jong-un, desconoc\u00eda.<\/p>\n<p>En esa reuni\u00f3n del Consejo de Seguridad, Jap\u00f3n pedir\u00e1 una nueva resoluci\u00f3n para sancionar al r\u00e9gimen de Pyongyang, seg\u00fan fuentes diplom\u00e1ticas citadas por la agencia Kyodo.<\/p>\n<p>&nbsp;<\/p>\n","protected":false},"excerpt":{"rendered":"<p>La prueba at\u00f3mica subterr\u00e1nea realizada por Corea del Norte es \u201cprofundamente desestabilizadora para la seguridad regional\u201d, expres\u00f3 el secretario general de Naciones Unidas, Ban Ki-moon.<\/p>\n","protected":false},"author":5,"featured_media":249669,"comment_status":"open","ping_status":"open","sticky":false,"template":"","format":"standard","meta":{"_monsterinsights_skip_tracking":false,"_monsterinsights_sitenote_active":false,"_monsterinsights_sitenote_note":"","_monsterinsights_sitenote_category":0,"footnotes":""},"categories":[9],"tags":[46484,2886,43679],"class_list":["post-249668","post","type-post","status-publish","format-standard","has-post-thumbnail","hentry","category-mundo","tag-condena","tag-consejo-de-seguridad","tag-mundo"],"_links":{"self":[{"href":"https:\/\/www.diarioimagen.net\/index.php?rest_route=\/wp\/v2\/posts\/249668","targetHints":{"allow":["GET"]}}],"collection":[{"href":"https:\/\/www.diarioimagen.net\/index.php?rest_route=\/wp\/v2\/posts"}],"about":[{"href":"https:\/\/www.diarioimagen.net\/index.php?rest_route=\/wp\/v2\/types\/post"}],"author":[{"embeddable":true,"href":"https:\/\/www.diarioimagen.net\/index.php?rest_route=\/wp\/v2\/users\/5"}],"replies":[{"embeddable":true,"href":"https:\/\/www.diarioimagen.net\/index.php?rest_route=%2Fwp%2Fv2%2Fcomments&post=249668"}],"version-history":[{"count":0,"href":"https:\/\/www.diarioimagen.net\/index.php?rest_route=\/wp\/v2\/posts\/249668\/revisions"}],"wp:featuredmedia":[{"embeddable":true,"href":"https:\/\/www.diarioimagen.net\/index.php?rest_route=\/wp\/v2\/media\/249669"}],"wp:attachment":[{"href":"https:\/\/www.diarioimagen.net\/index.php?rest_route=%2Fwp%2Fv2%2Fmedia&parent=249668"}],"wp:term":[{"taxonomy":"category","embeddable":true,"href":"https:\/\/www.diarioimagen.net\/index.php?rest_route=%2Fwp%2Fv2%2Fcategories&post=249668"},{"taxonomy":"post_tag","embeddable":true,"href":"https:\/\/www.diarioimagen.net\/index.php?rest_route=%2Fwp%2Fv2%2Ftags&post=249668"}],"curies":[{"name":"wp","href":"https:\/\/api.w.org\/{rel}","templated":true}]}}