{"id":249718,"date":"2016-01-07T00:09:39","date_gmt":"2016-01-07T06:09:39","guid":{"rendered":"http:\/\/www.diarioimagen.net\/?p=249718"},"modified":"2016-01-08T02:26:15","modified_gmt":"2016-01-08T08:26:15","slug":"reconocen-en-edomex-apoyo-en-contingencias-por-lluvias","status":"publish","type":"post","link":"https:\/\/www.diarioimagen.net\/?p=249718","title":{"rendered":"Reconocen en Edomex apoyo en contingencias por lluvias"},"content":{"rendered":"<ul>\n<li><strong><em>Elogia la CAEM el desempe\u00f1o de integrantes del Grupo Tl\u00e1loc<\/em><\/strong><\/li>\n<\/ul>\n<p>&nbsp;<\/p>\n<div id=\"attachment_249778\" style=\"width: 430px\" class=\"wp-caption aligncenter\"><a href=\"http:\/\/www.diarioimagen.net\/?attachment_id=249778\" rel=\"attachment wp-att-249778\"><img loading=\"lazy\" decoding=\"async\" aria-describedby=\"caption-attachment-249778\" class=\"size-large wp-image-249778\" src=\"http:\/\/www.diarioimagen.net\/wp-content\/uploads\/2016\/01\/lluvias-gem-2777-420x236.jpg\" alt=\"Destacan el empe\u00f1o con el que los trabajadores del Grupo Tl\u00e1loc atendieron las contingencias ocurridas en la temporada de lluvias.\" width=\"420\" height=\"236\" srcset=\"https:\/\/www.diarioimagen.net\/wp-content\/uploads\/2016\/01\/lluvias-gem-2777-420x236.jpg 420w, https:\/\/www.diarioimagen.net\/wp-content\/uploads\/2016\/01\/lluvias-gem-2777-240x135.jpg 240w, https:\/\/www.diarioimagen.net\/wp-content\/uploads\/2016\/01\/lluvias-gem-2777-235x132.jpg 235w, https:\/\/www.diarioimagen.net\/wp-content\/uploads\/2016\/01\/lluvias-gem-2777-202x114.jpg 202w, https:\/\/www.diarioimagen.net\/wp-content\/uploads\/2016\/01\/lluvias-gem-2777-350x196.jpg 350w, https:\/\/www.diarioimagen.net\/wp-content\/uploads\/2016\/01\/lluvias-gem-2777-220x123.jpg 220w, https:\/\/www.diarioimagen.net\/wp-content\/uploads\/2016\/01\/lluvias-gem-2777-237x132.jpg 237w, https:\/\/www.diarioimagen.net\/wp-content\/uploads\/2016\/01\/lluvias-gem-2777.jpg 480w\" sizes=\"auto, (max-width: 420px) 100vw, 420px\" \/><\/a><p id=\"caption-attachment-249778\" class=\"wp-caption-text\">Destacan el empe\u00f1o con el que los trabajadores del Grupo Tl\u00e1loc atendieron las contingencias ocurridas en la temporada de lluvias.<\/p><\/div>\n<p>&nbsp;<\/p>\n<p><strong>Naucalpan, Estado de M\u00e9xico<\/strong>.- Como un incentivo a su desempe\u00f1o, la calidad en la atenci\u00f3n y la permanencia en el servicio p\u00fablico, la Comisi\u00f3n de Agua del Estado de M\u00e9xico (CAEM), dependiente de la Secretar\u00eda de Infraestructura, entreg\u00f3 92 reconocimientos a igual n\u00famero de servidores p\u00fablicos.<\/p>\n<p>A nombre del secretario de Infraestructura, Erasto Mart\u00ednez Rojas; el vocal ejecutivo de la CAEM, Jos\u00e9 Manuel Camacho Salm\u00f3n, entreg\u00f3 los reconocimientos y destac\u00f3 el empe\u00f1o con el que los trabajadores del Grupo Tl\u00e1loc atendieron las contingencias ocurridas en la temporada de lluvias.<\/p>\n<p>Tambi\u00e9n reconoci\u00f3 la entrega que d\u00eda a d\u00eda realizan los trabajadores de la CAEM para mantener al d\u00eda el abasto de agua a millones de mexiquenses, lo que ha logrado que a la fecha el Estado de M\u00e9xico tenga una cobertura superior al 95 por ciento, ubic\u00e1ndose por encima de la media nacional.<\/p>\n<p>Anunci\u00f3 la construcci\u00f3n de nueva infraestructura, como el sistema de colectores en Ecatepec, que permitir\u00e1 mitigar los riesgos de inundaciones de millones de mexiquenses, mejorando su calidad de vida y ampliando la cobertura de drenaje en la entidad.<\/p>\n<p>A su vez, se otorgaron 50 est\u00edmulos al desempe\u00f1o, 4 por atenci\u00f3n al p\u00fablico, 20 al desempe\u00f1o t\u00e9cnico profesional y 18 por permanencia en el servicio por 30 a\u00f1os.<\/p>\n<p>&nbsp;<\/p>\n<p>&nbsp;<\/p>\n","protected":false},"excerpt":{"rendered":"<p>Como un incentivo a su desempe\u00f1o, la calidad en la atenci\u00f3n y la permanencia en el servicio p\u00fablico, la Comisi\u00f3n de Agua del Estado de M\u00e9xico (CAEM), dependiente de la Secretar\u00eda de Infraestructura, entreg\u00f3 92 reconocimientos a igual n\u00famero de servidores p\u00fablicos.<\/p>\n","protected":false},"author":3,"featured_media":249778,"comment_status":"open","ping_status":"open","sticky":false,"template":"","format":"standard","meta":{"_monsterinsights_skip_tracking":false,"_monsterinsights_sitenote_active":false,"_monsterinsights_sitenote_note":"","_monsterinsights_sitenote_category":0,"footnotes":""},"categories":[5],"tags":[43675,9492,970],"class_list":["post-249718","post","type-post","status-publish","format-standard","has-post-thumbnail","hentry","category-estado-de-mexico","tag-estado-de-mexico","tag-grupo-tlaloc","tag-naucalpan"],"_links":{"self":[{"href":"https:\/\/www.diarioimagen.net\/index.php?rest_route=\/wp\/v2\/posts\/249718","targetHints":{"allow":["GET"]}}],"collection":[{"href":"https:\/\/www.diarioimagen.net\/index.php?rest_route=\/wp\/v2\/posts"}],"about":[{"href":"https:\/\/www.diarioimagen.net\/index.php?rest_route=\/wp\/v2\/types\/post"}],"author":[{"embeddable":true,"href":"https:\/\/www.diarioimagen.net\/index.php?rest_route=\/wp\/v2\/users\/3"}],"replies":[{"embeddable":true,"href":"https:\/\/www.diarioimagen.net\/index.php?rest_route=%2Fwp%2Fv2%2Fcomments&post=249718"}],"version-history":[{"count":0,"href":"https:\/\/www.diarioimagen.net\/index.php?rest_route=\/wp\/v2\/posts\/249718\/revisions"}],"wp:featuredmedia":[{"embeddable":true,"href":"https:\/\/www.diarioimagen.net\/index.php?rest_route=\/wp\/v2\/media\/249778"}],"wp:attachment":[{"href":"https:\/\/www.diarioimagen.net\/index.php?rest_route=%2Fwp%2Fv2%2Fmedia&parent=249718"}],"wp:term":[{"taxonomy":"category","embeddable":true,"href":"https:\/\/www.diarioimagen.net\/index.php?rest_route=%2Fwp%2Fv2%2Fcategories&post=249718"},{"taxonomy":"post_tag","embeddable":true,"href":"https:\/\/www.diarioimagen.net\/index.php?rest_route=%2Fwp%2Fv2%2Ftags&post=249718"}],"curies":[{"name":"wp","href":"https:\/\/api.w.org\/{rel}","templated":true}]}}