{"id":249731,"date":"2016-01-07T00:09:20","date_gmt":"2016-01-07T06:09:20","guid":{"rendered":"http:\/\/www.diarioimagen.net\/?p=249731"},"modified":"2016-01-07T01:59:14","modified_gmt":"2016-01-07T07:59:14","slug":"al-transporte-publico-mas-de-20-de-multas","status":"publish","type":"post","link":"https:\/\/www.diarioimagen.net\/?p=249731","title":{"rendered":"Al transporte p\u00fablico, m\u00e1s de 20% de multas"},"content":{"rendered":"<ul>\n<li><strong><em>Nuevo Reglamento de Tr\u00e1nsito<\/em><\/strong><\/li>\n<\/ul>\n<p>&nbsp;<\/p>\n<div id=\"attachment_249825\" style=\"width: 430px\" class=\"wp-caption aligncenter\"><a href=\"http:\/\/www.diarioimagen.net\/?attachment_id=249825\" rel=\"attachment wp-att-249825\"><img loading=\"lazy\" decoding=\"async\" aria-describedby=\"caption-attachment-249825\" class=\"size-large wp-image-249825\" src=\"http:\/\/www.diarioimagen.net\/wp-content\/uploads\/2016\/01\/multas-2777-420x236.jpg\" alt=\"Entre 20 y 22 por ciento de multas por el nuevo Reglamento de Tr\u00e1nsito han sido para el transporte p\u00fablico, incluidos los microbuses de diversas rutas.\" width=\"420\" height=\"236\" srcset=\"https:\/\/www.diarioimagen.net\/wp-content\/uploads\/2016\/01\/multas-2777-420x236.jpg 420w, https:\/\/www.diarioimagen.net\/wp-content\/uploads\/2016\/01\/multas-2777-240x135.jpg 240w, https:\/\/www.diarioimagen.net\/wp-content\/uploads\/2016\/01\/multas-2777-235x132.jpg 235w, https:\/\/www.diarioimagen.net\/wp-content\/uploads\/2016\/01\/multas-2777-202x114.jpg 202w, https:\/\/www.diarioimagen.net\/wp-content\/uploads\/2016\/01\/multas-2777-350x196.jpg 350w, https:\/\/www.diarioimagen.net\/wp-content\/uploads\/2016\/01\/multas-2777-220x123.jpg 220w, https:\/\/www.diarioimagen.net\/wp-content\/uploads\/2016\/01\/multas-2777-237x132.jpg 237w, https:\/\/www.diarioimagen.net\/wp-content\/uploads\/2016\/01\/multas-2777.jpg 480w\" sizes=\"auto, (max-width: 420px) 100vw, 420px\" \/><\/a><p id=\"caption-attachment-249825\" class=\"wp-caption-text\">Entre 20 y 22 por ciento de multas por el nuevo Reglamento de Tr\u00e1nsito han sido para el transporte p\u00fablico, incluidos los microbuses de diversas rutas.<\/p><\/div>\n<p>&nbsp;<\/p>\n<p>De las multas impuestas durante los 21 d\u00edas en los que ha estado en operaci\u00f3n el nuevo Reglamento de Tr\u00e1nsito en la ciudad de M\u00e9xico, entre 20 y 22 por ciento han sido para el transporte p\u00fablico, incluidos los microbuses de diversas rutas, adelant\u00f3 el titular de la SSPDF.<\/p>\n<p>El secretario de Seguridad P\u00fablica del Distrito Federal (SSPDF), Hiram Almeida Estrada, quien adelant\u00f3 lo anterior, dar\u00e1 a conocer el total de infracciones impuestas el 15 de enero pr\u00f3ximo, cuando haya cumplido un mes la aplicaci\u00f3n de la actual norma.<\/p>\n<p>Sin embargo, informaci\u00f3n preliminar de la polic\u00eda capitalina se\u00f1ala que el n\u00famero de infracciones al Reglamento de Tr\u00e1nsito por parte de los microbuses asciende a 687.<\/p>\n<p>Almeida Estrada inform\u00f3 que \u201cestamos implementando mayor atenci\u00f3n en el transporte p\u00fablico porque queremos tener un cabal cumplimiento del reglamento y adem\u00e1s tenemos otra medida necesaria, que es la actualizaci\u00f3n del transporte p\u00fablico\u201d.<\/p>\n<p>Respecto de las quejas de la ciudadan\u00eda de que los operadores de los microbuses no est\u00e1n cumpliendo con el reglamento, se\u00f1al\u00f3 que \u201cesa es la parte en la que tenemos que abonar con el sistema de puntos, el retiro inclusive de la concesi\u00f3n, eso es lo que puede llegar a suceder como parte de la sanci\u00f3n\u201d.<\/p>\n<p>El titular de la SSPDF resalt\u00f3 que una cuesti\u00f3n importante es que \u201choy se tiene que ir al concesionario y al operador, que adem\u00e1s, el operador ahora ya tiene que cumplir con ciertos requisitos\u201d.<\/p>\n<p>Las faltas m\u00e1s recurrentes del transporte p\u00fablico del 15 de diciembre de 2015 al 5 de enero pasado son invasi\u00f3n de carril, pisar algunos se\u00f1alamientos espec\u00edficos, como el balizado para peatones, y las altas velocidades en algunas zonas confinadas, coment\u00f3.<\/p>\n<p>En tanto, la presidenta de la Comisi\u00f3n de Movilidad, Transporte y Vialidad de la Asamblea Legislativa del Distrito Federal (ALDF), Francis Pirin Cigarrero, se\u00f1al\u00f3 en entrevista que ha entablado di\u00e1logo con las c\u00fapulas del transporte para que llamen a sus choferes a cumplir con el ordenamiento.<\/p>\n<p>Lo anterior, \u201cporque voy a tener que subir un punto de acuerdo para que precisamente haya filtros muy importantes, no nada m\u00e1s el filtro que ahora existe para tener la autorizaci\u00f3n de esta licencia para poder circular veh\u00edculos particulares\u201d.<\/p>\n<p>Pirin Cigarrero agreg\u00f3 que est\u00e1n trabajando con el secretario de Movilidad que se impongan m\u00e1s filtros para otorgar las licencias de conducir a los choferes que manejar\u00e1n estos veh\u00edculos, a fin de evitar que cualquiera lo haga.<\/p>\n<p>Resalt\u00f3 que si se revisan las multas, son directamente para los concesionarios, y lo que vamos a solicitar es una modificaci\u00f3n para que se haga a los concesionarios y a los choferes, \u201cque sean las dos partes, tanto para quien presta el servicio como para quien est\u00e1 manejando el transporte\u201d.<\/p>\n<p>Agreg\u00f3 que las multas s\u00ed han aumentado, por lo que se va a estar revisando, junto con el titular de la SSPDF, el corte de todo lo que tiene que ver con transporte p\u00fablico, motos y taxis.<\/p>\n<p>En este caso, la legisladora se\u00f1al\u00f3 que la SSPDF les va a entregar un informe cada mes, \u201cy el 15 de enero que tengamos ya el informe cerrado, nosotros vamos a estar informando\u201d.<\/p>\n<p>Adem\u00e1s, se va a dar seguimiento a los acuerdos que se tomaron el martes pasado \u201cy, si es necesario, se incorporar\u00e1n m\u00e1s acuerdos para que de alguna manera la ciudadan\u00eda vaya no nada m\u00e1s aprendiendo, sino que tambi\u00e9n est\u00e9 tranquila\u201d, puntualiz\u00f3.<\/p>\n<p>&nbsp;<\/p>\n","protected":false},"excerpt":{"rendered":"<p>De las multas impuestas durante los 21 d\u00edas en los que ha estado en operaci\u00f3n el nuevo Reglamento de Tr\u00e1nsito en la ciudad de M\u00e9xico, entre 20 y 22 por ciento han sido para el transporte p\u00fablico, incluidos los microbuses de diversas rutas, adelant\u00f3 el titular de la SSPDF.<\/p>\n","protected":false},"author":3,"featured_media":249825,"comment_status":"open","ping_status":"open","sticky":false,"template":"","format":"standard","meta":{"_monsterinsights_skip_tracking":false,"_monsterinsights_sitenote_active":false,"_monsterinsights_sitenote_note":"","_monsterinsights_sitenote_category":0,"footnotes":""},"categories":[6],"tags":[204,10139,4962],"class_list":["post-249731","post","type-post","status-publish","format-standard","has-post-thumbnail","hentry","category-cd-de-mexico","tag-ciudad-de-mexico","tag-reglamento-de-transito","tag-transporte-publico"],"_links":{"self":[{"href":"https:\/\/www.diarioimagen.net\/index.php?rest_route=\/wp\/v2\/posts\/249731","targetHints":{"allow":["GET"]}}],"collection":[{"href":"https:\/\/www.diarioimagen.net\/index.php?rest_route=\/wp\/v2\/posts"}],"about":[{"href":"https:\/\/www.diarioimagen.net\/index.php?rest_route=\/wp\/v2\/types\/post"}],"author":[{"embeddable":true,"href":"https:\/\/www.diarioimagen.net\/index.php?rest_route=\/wp\/v2\/users\/3"}],"replies":[{"embeddable":true,"href":"https:\/\/www.diarioimagen.net\/index.php?rest_route=%2Fwp%2Fv2%2Fcomments&post=249731"}],"version-history":[{"count":0,"href":"https:\/\/www.diarioimagen.net\/index.php?rest_route=\/wp\/v2\/posts\/249731\/revisions"}],"wp:featuredmedia":[{"embeddable":true,"href":"https:\/\/www.diarioimagen.net\/index.php?rest_route=\/wp\/v2\/media\/249825"}],"wp:attachment":[{"href":"https:\/\/www.diarioimagen.net\/index.php?rest_route=%2Fwp%2Fv2%2Fmedia&parent=249731"}],"wp:term":[{"taxonomy":"category","embeddable":true,"href":"https:\/\/www.diarioimagen.net\/index.php?rest_route=%2Fwp%2Fv2%2Fcategories&post=249731"},{"taxonomy":"post_tag","embeddable":true,"href":"https:\/\/www.diarioimagen.net\/index.php?rest_route=%2Fwp%2Fv2%2Ftags&post=249731"}],"curies":[{"name":"wp","href":"https:\/\/api.w.org\/{rel}","templated":true}]}}