{"id":249872,"date":"2016-01-08T00:04:43","date_gmt":"2016-01-08T06:04:43","guid":{"rendered":"http:\/\/www.diarioimagen.net\/?p=249872"},"modified":"2016-01-10T21:46:21","modified_gmt":"2016-01-11T03:46:21","slug":"depuran-padron-de-casas-de-empeno-desaparecen-dos-mil","status":"publish","type":"post","link":"https:\/\/www.diarioimagen.net\/?p=249872","title":{"rendered":"Depuran padr\u00f3n de casas de empe\u00f1o; salen 2 mil"},"content":{"rendered":"<ul>\n<li><strong><em>Hay 5 mil 400 en el pa\u00eds<\/em><\/strong><\/li>\n<\/ul>\n<p>&nbsp;<\/p>\n<div id=\"attachment_249873\" style=\"width: 430px\" class=\"wp-caption aligncenter\"><a href=\"http:\/\/www.diarioimagen.net\/?attachment_id=249873\" rel=\"attachment wp-att-249873\"><img loading=\"lazy\" decoding=\"async\" aria-describedby=\"caption-attachment-249873\" class=\"wp-image-249873 size-large\" src=\"http:\/\/www.diarioimagen.net\/wp-content\/uploads\/2016\/01\/EMPE\u00d1OS-portal-420x245.jpg\" alt=\"M\u00e1s de dos mil casas de empe\u00f1o que operaban de forma irregular en el pa\u00eds desaparecieron tras la depuraci\u00f3n del sector.\" width=\"420\" height=\"245\" srcset=\"https:\/\/www.diarioimagen.net\/wp-content\/uploads\/2016\/01\/EMPE\u00d1OS-portal-420x245.jpg 420w, https:\/\/www.diarioimagen.net\/wp-content\/uploads\/2016\/01\/EMPE\u00d1OS-portal-240x140.jpg 240w, https:\/\/www.diarioimagen.net\/wp-content\/uploads\/2016\/01\/EMPE\u00d1OS-portal.jpg 480w\" sizes=\"auto, (max-width: 420px) 100vw, 420px\" \/><\/a><p id=\"caption-attachment-249873\" class=\"wp-caption-text\">M\u00e1s de 2 mil casas de empe\u00f1o que operaban de forma irregular en el pa\u00eds desa\u00adparecieron, tras la depuraci\u00f3n del sector.<\/p><\/div>\n<p>&nbsp;<\/p>\n<p>Alrededor de 2 mil casas de empe\u00f1o que operaban de forma irregular desaparecieron tras la depuraci\u00f3n del sector, gracias a la regulaci\u00f3n que establece su registro ante la Procuradur\u00eda Federal del Consumidor (Profeco).<\/p>\n<p>Adolfo V\u00e9lez, presidente de la Asociaci\u00f3n Nacional de Casas de Empe\u00f1o (Anace), se\u00f1ala que el padr\u00f3n hasta ahora reporta 5 mil 400 entidades de pr\u00e9stamo prendario en el pa\u00eds, y est\u00e1n en proceso de registro unas 500 adicionales, con lo que en 2016 podr\u00edan llegar a cerca de 6 mil.<\/p>\n<p>Detall\u00f3 que en 2015 se concluy\u00f3 con la constituci\u00f3n del Registro P\u00fablico de las Casas de Empe\u00f1o. \u201cEsto ha significado un importante avance en t\u00e9rminos de la consolidaci\u00f3n del sector del pr\u00e9stamo prendario, dando como consecuencia la desaparici\u00f3n de todas aquellas casas de empe\u00f1o informales que ven\u00edan operando en todo el pa\u00eds\u201d.<\/p>\n<p>\u201cCalculamos que m\u00e1s o menos unas 2 mil casas de empe\u00f1o son las que desaparecieron, que a\u00fan durante este 2016, Profeco tiene en proceso de registro del orden de 500 casas de empe\u00f1o m\u00e1s, pero este es un dato muy preliminar\u201d, dijo en la primera conferencia de prensa del a\u00f1o.<\/p>\n<p>El representante de las casas de empe\u00f1o del pa\u00eds coment\u00f3 que \u201ca partir de este momento, el sector entr\u00f3 en una fase de consolidaci\u00f3n, una fase de maduraci\u00f3n\u201d, y aunque reconoci\u00f3 que todav\u00eda podr\u00eda haber entidades irregulares, ser\u00e1n m\u00ednimas.<\/p>\n<p>Se espera que las cifras tanto de 2015 como del presente a\u00f1o tengan un repunte, ante la disminuci\u00f3n en el n\u00famero de casas de empe\u00f1o, que podr\u00eda continuar durante 2016 como consecuencia de fusiones o adquisiciones entre peque\u00f1as entidades.<\/p>\n<p>V\u00e9lez tambi\u00e9n destac\u00f3 que un cambio importante durante el a\u00f1o pasado fue la integraci\u00f3n de las Instituciones de Asistencia P\u00fablica como el Nacional Monte de Piedad, Fundaci\u00f3n Dond\u00e9 y Luz Savi\u00f1\u00f3n, se incorporaron al padr\u00f3n de casas de empe\u00f1o (estas tres entidades otorgan 60 por ciento del pr\u00e9stamo prendario del pa\u00eds).<\/p>\n<p>No obstante, estim\u00f3 que durante 2015, el sector de casas de empe\u00f1o present\u00f3 un crecimiento de alrededor de 10 por ciento, aunque en el sureste se elev\u00f3 en 15 por ciento, lo cual se deriv\u00f3 por la desaparici\u00f3n de las casas de empe\u00f1o referida, as\u00ed como por la situaci\u00f3n econ\u00f3mica del pa\u00eds.<\/p>\n<p>Para el presente a\u00f1o, se espera un incremento de entre 10 y 15 por ciento, lo que depender\u00e1 de la consolidaci\u00f3n del sector y tambi\u00e9n del desempe\u00f1o de la econom\u00eda nacional, aunque coment\u00f3 que este negocio funciona tanto en \u00e9pocas negativas como favorables.<\/p>\n<p>El director general de Prendamex, Roberto Alor, pidi\u00f3 que estas instituciones de asistencia p\u00fablica hagan transparentes sus cifras y resultados, e informen sobre el destino y monto de sus donaciones, porque \u201cimplican un sacrificio fiscal para la federaci\u00f3n\u201d.<\/p>\n<p style=\"text-align: center;\"><strong>Esperan repunte de 10% en pr\u00e9stamos <\/strong><\/p>\n<p>La \u201ccuesta de enero\u201d podr\u00eda diluirse hacia febrero y marzo pr\u00f3ximos, periodo en el que la casa de empe\u00f1o Prendamex espera un crecimiento de 10 por ciento en el n\u00famero de otorgamiento de pr\u00e9stamos prendarios. El director de Prendamex, Roberto Alor, dijo que durante dicho lapso (uno de los dos con mayor repunte en el a\u00f1o junto al regreso a clases), espera un incremento en la demanda mensual de alrededor de 30 millones de pesos, respecto a su promedio mensual.<\/p>\n<p>De esta manera, la entidad de pr\u00e9stamo prendario estima reportar alrededor de 220 millones de pesos de empe\u00f1o y 110 millones de pesos de refrendo en promedio mensual durante los primeros meses del a\u00f1o; en 2015, Prendamex otorg\u00f3 apoyos econ\u00f3micos por 200 millones de pesos al mes.<\/p>\n<p>En conferencia de prensa el directivo precis\u00f3 que el empe\u00f1o promedio por cliente es de mil 50 pesos, en joyas asciende a mil 300 pesos y en aparatos electr\u00f3nicos a 900 pesos, este monto promedio es inferior al registrado hace unos a\u00f1os, que era de mil 500 pesos.<\/p>\n","protected":false},"excerpt":{"rendered":"<p>Alrededor de 2 mil casas de empe\u00f1o que operaban de forma irregular desaparecieron tras la depuraci\u00f3n del sector, gracias a la regulaci\u00f3n que establece su registro ante la Procuradur\u00eda Federal del Consumidor (Profeco).<\/p>\n","protected":false},"author":5,"featured_media":249873,"comment_status":"open","ping_status":"open","sticky":false,"template":"","format":"standard","meta":{"_monsterinsights_skip_tracking":false,"_monsterinsights_sitenote_active":false,"_monsterinsights_sitenote_note":"","_monsterinsights_sitenote_category":0,"footnotes":""},"categories":[8],"tags":[15056,43678,43673,29423,356],"class_list":["post-249872","post","type-post","status-publish","format-standard","has-post-thumbnail","hentry","category-finanzas","tag-casas-de-empeno","tag-finanzas","tag-nacional","tag-procuraduria-federal-del-consumidor","tag-profeco"],"_links":{"self":[{"href":"https:\/\/www.diarioimagen.net\/index.php?rest_route=\/wp\/v2\/posts\/249872","targetHints":{"allow":["GET"]}}],"collection":[{"href":"https:\/\/www.diarioimagen.net\/index.php?rest_route=\/wp\/v2\/posts"}],"about":[{"href":"https:\/\/www.diarioimagen.net\/index.php?rest_route=\/wp\/v2\/types\/post"}],"author":[{"embeddable":true,"href":"https:\/\/www.diarioimagen.net\/index.php?rest_route=\/wp\/v2\/users\/5"}],"replies":[{"embeddable":true,"href":"https:\/\/www.diarioimagen.net\/index.php?rest_route=%2Fwp%2Fv2%2Fcomments&post=249872"}],"version-history":[{"count":0,"href":"https:\/\/www.diarioimagen.net\/index.php?rest_route=\/wp\/v2\/posts\/249872\/revisions"}],"wp:featuredmedia":[{"embeddable":true,"href":"https:\/\/www.diarioimagen.net\/index.php?rest_route=\/wp\/v2\/media\/249873"}],"wp:attachment":[{"href":"https:\/\/www.diarioimagen.net\/index.php?rest_route=%2Fwp%2Fv2%2Fmedia&parent=249872"}],"wp:term":[{"taxonomy":"category","embeddable":true,"href":"https:\/\/www.diarioimagen.net\/index.php?rest_route=%2Fwp%2Fv2%2Fcategories&post=249872"},{"taxonomy":"post_tag","embeddable":true,"href":"https:\/\/www.diarioimagen.net\/index.php?rest_route=%2Fwp%2Fv2%2Ftags&post=249872"}],"curies":[{"name":"wp","href":"https:\/\/api.w.org\/{rel}","templated":true}]}}