{"id":249881,"date":"2016-01-08T00:06:50","date_gmt":"2016-01-08T06:06:50","guid":{"rendered":"http:\/\/www.diarioimagen.net\/?p=249881"},"modified":"2016-01-10T21:46:26","modified_gmt":"2016-01-11T03:46:26","slug":"luis-videgaray-descarta-alza-de-impuestos-y-reajuste-presupuestal","status":"publish","type":"post","link":"https:\/\/www.diarioimagen.net\/?p=249881","title":{"rendered":"Videgaray descarta un alza de impuestos y otro reajuste"},"content":{"rendered":"<ul>\n<li><strong><em>Enfrenta M\u00e9xico entorno global complejo<\/em><\/strong><\/li>\n<\/ul>\n<p>&nbsp;<\/p>\n<div id=\"attachment_249882\" style=\"width: 430px\" class=\"wp-caption aligncenter\"><a href=\"http:\/\/www.diarioimagen.net\/?attachment_id=249882\" rel=\"attachment wp-att-249882\"><img loading=\"lazy\" decoding=\"async\" aria-describedby=\"caption-attachment-249882\" class=\"wp-image-249882 size-large\" src=\"http:\/\/www.diarioimagen.net\/wp-content\/uploads\/2016\/01\/IMPUESTOS-portal-420x245.jpg\" alt=\"El secretario de Hacienda, Luis Videgaray Caso, afirm\u00f3 que pese a la ca\u00edda de los precios del petr\u00f3leo no habr\u00e1 alza de impuestos.\" width=\"420\" height=\"245\" srcset=\"https:\/\/www.diarioimagen.net\/wp-content\/uploads\/2016\/01\/IMPUESTOS-portal-420x245.jpg 420w, https:\/\/www.diarioimagen.net\/wp-content\/uploads\/2016\/01\/IMPUESTOS-portal-240x140.jpg 240w, https:\/\/www.diarioimagen.net\/wp-content\/uploads\/2016\/01\/IMPUESTOS-portal.jpg 480w\" sizes=\"auto, (max-width: 420px) 100vw, 420px\" \/><\/a><p id=\"caption-attachment-249882\" class=\"wp-caption-text\">El secretario de Hacienda, Luis Videgaray Caso, afirm\u00f3 que pese a la ca\u00edda de los precios del petr\u00f3leo no habr\u00e1 alza de impuestos.<\/p><\/div>\n<p>&nbsp;<\/p>\n<p>Pese al entorno global complejo, el compromiso de no incrementar impuestos en el resto de la administraci\u00f3n es expl\u00edcito y firme del presidente Enrique Pe\u00f1a Nieto, que lo vamos a honrar y respetar, afirm\u00f3 el secretario de Hacienda, Luis Videgaray Caso.<\/p>\n<p>M\u00e9xico se ha preparado ante la ca\u00edda del precio del petr\u00f3leo a trav\u00e9s de la despetrolizaci\u00f3n de la econom\u00eda y la compra de coberturas, y por ahora no est\u00e1 previsto ning\u00fan ajuste presupuestal, se\u00f1al\u00f3 durante su participaci\u00f3n en la XXVII Reuni\u00f3n de Embajadores y C\u00f3nsules 2016.<\/p>\n<p>Depender\u00e1 de c\u00f3mo se presenten los escenarios, expres\u00f3, que el gobierno federal habr\u00e1 de tomar las medidas que sean necesarias para preservar la estabilidad, no porque esta sea un fin en s\u00ed mismo, sino porque \u201ces la manera de proteger a las familias mexicanas\u201d.<\/p>\n<p>Ante la canciller Claudia Ruiz Massieu y los integrantes del cuerpo diplom\u00e1tico, se\u00f1al\u00f3 que en los \u00faltimos a\u00f1os, M\u00e9xico ha construido fortalezas macroecon\u00f3micas y ha aprobado reformas estructurales para enfrentar el complejo entorno econ\u00f3mico internacional y diferenciarse del exterior.<\/p>\n<p>Explic\u00f3 que M\u00e9xico se ha preparado ante la ca\u00edda del precio del petr\u00f3leo, primero con el Tratado de Libre Comercio, que permiti\u00f3 un cambio en la estructura de las exportaciones, de las cuales hace 30 a\u00f1os la mayor\u00eda eran petr\u00f3leo y ahora representan menos de 10 por ciento, mientras el gran grueso son manufacturas.<\/p>\n<p>El encargado de las finanzas p\u00fablicas dijo que otro elemento son las coberturas que se contratan a\u00f1o con a\u00f1o, que en 2015 protegieron los ingresos a 79 d\u00f3lares por barril y este a\u00f1o en 50 d\u00f3lares, lo que es relevante, porque el precio de la mezcla mexicana est\u00e1 alrededor de 24 d\u00f3lares.<\/p>\n<p>Adem\u00e1s, apunt\u00f3, se ha reducido la dependencia de los ingresos petroleros, los cuales hace tres a\u00f1os representaban 39 por ciento de los ingresos p\u00fablicos, y al tercer trimestre del a\u00f1o pasado se redujo a menos de 20 por ciento.<\/p>\n<p>Se\u00f1al\u00f3 que esto tiene que ver con la ca\u00edda del precio del petr\u00f3leo, pero tambi\u00e9n con el incremento de los ingresos tributarios no petroleros, que crecieron de un nivel cercado a 8.0 por ciento en 2012, el m\u00e1s bajo de Am\u00e9rica Latina, a m\u00e1s de 12 por ciento al cierre de 2015.<\/p>\n<p>\u201cLa despetrolizaci\u00f3n de las finanzas p\u00fablicas es un hecho, ha ocurrido, y es una combinaci\u00f3n de dos factores: la ca\u00edda del precio del petr\u00f3leo, pero tambi\u00e9n de manera muy destacada, producto de la reforma hacendaria, el incremento de los ingresos tributarios no petroleros\u201d, subray\u00f3.<\/p>\n<p>Ante la ca\u00edda reciente del precio del petr\u00f3leo, Videgaray Caso precis\u00f3 que la cotizaci\u00f3n de este a\u00f1o est\u00e1 protegida por operaciones de cobertura, y en virtud de que ya se hicieron recortes presupuestales en 2015 y para este a\u00f1o \u201cno est\u00e1 previsto en las condiciones actuales realizar un ajuste presupuestal\u201d.<\/p>\n<p>\u201cEstaremos atentos y si las circunstancias as\u00ed lo demandaran, no descartamos ninguna opci\u00f3n de pol\u00edtica econ\u00f3mica; nuestra prioridad fundamental es conservar la estabilidad de la econom\u00eda mexicana, no como un fin en s\u00ed mismo, sino como una manera de proteger la econom\u00eda de las familias mexicanas\u201d.<\/p>\n<p>Si las circunstancias cambian, continu\u00f3, las autoridades estar\u00e1n anunciando las medidas que sean conducentes, \u201cpero por ahora, en las circunstancias actuales, no hay una decisi\u00f3n en este sentido, no se considera necesario\u201d.<\/p>\n<p style=\"text-align: center;\"><strong>\u00a0Liquidez al mercado cambiario, la prioridad<\/strong><\/p>\n<p>El secretario de Hacienda descart\u00f3 cualquier tipo de incremento a los impuestos en caso que tuviera que hacerse alg\u00fan tipo de ajuste a las finanzas p\u00fablicas.<\/p>\n<p>Por otra parte, se\u00f1al\u00f3 que la depreciaci\u00f3n del peso frente al d\u00f3lar se deriva de un fen\u00f3meno global y no es espec\u00edfico de la econom\u00eda mexicana, pero la prioridad de las autoridades es asegurar que el mercado funcione de manera ordenada y con amplia liquidez, a trav\u00e9s de subastas de d\u00f3lares.<\/p>\n<p>Precis\u00f3 que el mecanismo de subastas de d\u00f3lares est\u00e1 en permanente revisi\u00f3n, y el objetivo no es sostener un nivel particular del tipo de cambio, sino asegurar que funcione, con liquidez y de manera ordenada,<\/p>\n<p>\u201cEse objetivo lo hemos logrado cumplir de manera satisfactoria\u201d, apunt\u00f3 el funcionario, al precisar que si bien el mecanismo de subastas funciona, la Comisi\u00f3n de Cambios -integrada por la Secretar\u00eda de Hacienda y el Banco de M\u00e9xico- est\u00e1 atenta de forma permanente a lo que ocurra en el mercado.<\/p>\n<p>Aclar\u00f3 que no se ha tomado alguna decisi\u00f3n respecto a modificar este mecanismo y con oportunidad, antes de que se venza el plazo de vigencia de las subasta con precio m\u00ednimo este 29 de enero de 2016, habr\u00e1 de anunciarse si continua en su t\u00e9rminos actuales o se modifica.<\/p>\n<p>\u201cPor ahora no hay ninguna determinaci\u00f3n de modificar este mecanismo, los niveles de liquidez son satisfactorios y el mercado est\u00e1 funcionando ordenadamente\u201d, agreg\u00f3 el titular de la Secretar\u00eda de Hacienda y Cr\u00e9dito P\u00fablico (SHCP).<\/p>\n<p>Resalt\u00f3 que la depreciaci\u00f3n del tipo de cambio no se ha traducido en un incremento en el costo de la vida de los mexicanos, al contrario, este jueves se public\u00f3 el dato de inflaci\u00f3n al cierre de 2015, que fue de 2.13 por ciento, una cifra hist\u00f3ricamente baja.<\/p>\n<p>Coment\u00f3 que a pesar de la depreciaci\u00f3n superior al 15 por ciento que tuvo el peso frente al d\u00f3lar en 2015, tambi\u00e9n se registr\u00f3 la inflaci\u00f3n m\u00e1s baja en la historia del pa\u00eds desde que se mide este indicador, en 1970.<\/p>\n<p>En su intervenci\u00f3n ante los embajadores y c\u00f3nsules de M\u00e9xico en mundo, Videgaray Caso expuso un dec\u00e1logo de las fortalezas logradas por el pa\u00eds en los \u00faltimos a\u00f1os, y que han contribuido a diferenciarlo de otras naciones emergentes y enfrentar el complicado entorno econ\u00f3mico externo.<\/p>\n<p>Entre estas fortalezas resalt\u00f3 las pol\u00edticas monetaria y fiscal responsables; impulso al crecimiento; paquete de reformas estructurales; apertura comercial; integraci\u00f3n a Norteam\u00e9rica; estrategia para impulsar la productividad; el combate a la ilegalidad, y nuevos instrumentos de inversi\u00f3n.<\/p>\n<p>As\u00ed, dijo Videgaray, ante el complejo entorno mundial, M\u00e9xico se ha venido preparando y tiene ahora caracter\u00edsticas que lo convierten en una econom\u00eda distinta, con ventajas claras y mayores fortalezas que otras econom\u00edas emergentes.<\/p>\n","protected":false},"excerpt":{"rendered":"<p>Pese al entorno global complejo, el compromiso de no incrementar impuestos en el resto de la administraci\u00f3n es expl\u00edcito y firme del presidente Enrique Pe\u00f1a Nieto, que lo vamos a honrar y respetar, afirm\u00f3 el secretario de Hacienda, Luis Videgaray Caso.<\/p>\n","protected":false},"author":5,"featured_media":249882,"comment_status":"open","ping_status":"open","sticky":false,"template":"","format":"standard","meta":{"_monsterinsights_skip_tracking":false,"_monsterinsights_sitenote_active":false,"_monsterinsights_sitenote_note":"","_monsterinsights_sitenote_category":0,"footnotes":""},"categories":[8],"tags":[6915,14864,7517,43673,1101],"class_list":["post-249881","post","type-post","status-publish","format-standard","has-post-thumbnail","hentry","category-finanzas","tag-impuestos","tag-incremento","tag-luis-videgaray-caso","tag-nacional","tag-secretaria-de-hacienda-y-credito-publico"],"_links":{"self":[{"href":"https:\/\/www.diarioimagen.net\/index.php?rest_route=\/wp\/v2\/posts\/249881","targetHints":{"allow":["GET"]}}],"collection":[{"href":"https:\/\/www.diarioimagen.net\/index.php?rest_route=\/wp\/v2\/posts"}],"about":[{"href":"https:\/\/www.diarioimagen.net\/index.php?rest_route=\/wp\/v2\/types\/post"}],"author":[{"embeddable":true,"href":"https:\/\/www.diarioimagen.net\/index.php?rest_route=\/wp\/v2\/users\/5"}],"replies":[{"embeddable":true,"href":"https:\/\/www.diarioimagen.net\/index.php?rest_route=%2Fwp%2Fv2%2Fcomments&post=249881"}],"version-history":[{"count":0,"href":"https:\/\/www.diarioimagen.net\/index.php?rest_route=\/wp\/v2\/posts\/249881\/revisions"}],"wp:featuredmedia":[{"embeddable":true,"href":"https:\/\/www.diarioimagen.net\/index.php?rest_route=\/wp\/v2\/media\/249882"}],"wp:attachment":[{"href":"https:\/\/www.diarioimagen.net\/index.php?rest_route=%2Fwp%2Fv2%2Fmedia&parent=249881"}],"wp:term":[{"taxonomy":"category","embeddable":true,"href":"https:\/\/www.diarioimagen.net\/index.php?rest_route=%2Fwp%2Fv2%2Fcategories&post=249881"},{"taxonomy":"post_tag","embeddable":true,"href":"https:\/\/www.diarioimagen.net\/index.php?rest_route=%2Fwp%2Fv2%2Ftags&post=249881"}],"curies":[{"name":"wp","href":"https:\/\/api.w.org\/{rel}","templated":true}]}}