{"id":249954,"date":"2016-01-08T00:05:44","date_gmt":"2016-01-08T06:05:44","guid":{"rendered":"http:\/\/www.diarioimagen.net\/?p=249954"},"modified":"2016-01-08T03:31:16","modified_gmt":"2016-01-08T09:31:16","slug":"trabajare-de-la-mano-de-la-ciudadania-fernandez-sanchez","status":"publish","type":"post","link":"https:\/\/www.diarioimagen.net\/?p=249954","title":{"rendered":"Trabajar\u00e9 de la mano de la ciudadan\u00eda: Fern\u00e1ndez S\u00e1nchez"},"content":{"rendered":"<ul>\n<li><strong><em>Primera reuni\u00f3n de Cabildo en Cuautitl\u00e1n<\/em><\/strong><\/li>\n<\/ul>\n<p>&nbsp;<\/p>\n<div id=\"attachment_250006\" style=\"width: 430px\" class=\"wp-caption aligncenter\"><a href=\"http:\/\/www.diarioimagen.net\/?attachment_id=250006\" rel=\"attachment wp-att-250006\"><img loading=\"lazy\" decoding=\"async\" aria-describedby=\"caption-attachment-250006\" class=\"size-large wp-image-250006\" src=\"http:\/\/www.diarioimagen.net\/wp-content\/uploads\/2016\/01\/CUAUTITLAN-cabildo-2778-420x236.jpg\" alt=\"Martha Elvia Fern\u00e1ndez S\u00e1nchez llam\u00f3 a los regidores, incluyendo al s\u00edndico procurador, a formar un solo equipo a favor de los cuautitlenses.\" width=\"420\" height=\"236\" srcset=\"https:\/\/www.diarioimagen.net\/wp-content\/uploads\/2016\/01\/CUAUTITLAN-cabildo-2778-420x236.jpg 420w, https:\/\/www.diarioimagen.net\/wp-content\/uploads\/2016\/01\/CUAUTITLAN-cabildo-2778-240x135.jpg 240w, https:\/\/www.diarioimagen.net\/wp-content\/uploads\/2016\/01\/CUAUTITLAN-cabildo-2778-235x132.jpg 235w, https:\/\/www.diarioimagen.net\/wp-content\/uploads\/2016\/01\/CUAUTITLAN-cabildo-2778-202x114.jpg 202w, https:\/\/www.diarioimagen.net\/wp-content\/uploads\/2016\/01\/CUAUTITLAN-cabildo-2778-350x196.jpg 350w, https:\/\/www.diarioimagen.net\/wp-content\/uploads\/2016\/01\/CUAUTITLAN-cabildo-2778-220x123.jpg 220w, https:\/\/www.diarioimagen.net\/wp-content\/uploads\/2016\/01\/CUAUTITLAN-cabildo-2778-237x132.jpg 237w, https:\/\/www.diarioimagen.net\/wp-content\/uploads\/2016\/01\/CUAUTITLAN-cabildo-2778.jpg 480w\" sizes=\"auto, (max-width: 420px) 100vw, 420px\" \/><\/a><p id=\"caption-attachment-250006\" class=\"wp-caption-text\">Martha Elvia Fern\u00e1ndez S\u00e1nchez llam\u00f3 a los regidores, incluyendo al s\u00edndico procurador, a formar un solo equipo a favor de los cuautitlenses.<\/p><\/div>\n<p>&nbsp;<\/p>\n<p><strong>Cuautitl\u00e1n, Estado de M\u00e9xico<\/strong>.- En presencia de la Auditor\u00eda Superior del Estado de M\u00e9xico, Contralor\u00eda Municipal, y el nuevo Cabildo, el ayuntamiento saliente y la nueva administraci\u00f3n firmaron el acta de Entrega-Recepci\u00f3n que formaliza el inicio del nuevo periodo administrativo 2016-2018.<\/p>\n<p>La presidenta municipal, Martha Elvia Fern\u00e1ndez S\u00e1nchez, agradeci\u00f3 a todo el equipo que la acompa\u00f1aba y llam\u00f3 a las y los regidores a caminar juntos por la construcci\u00f3n de un mejor municipio, \u201cpor ti, vamos juntos\u201d.<\/p>\n<p>Al concluir el acto se dirigieron al Sal\u00f3n de Cabildo para la realizaci\u00f3n del Primer Cabildo del nuevo Ayuntamiento cuautitlense.<\/p>\n<p>La alcaldesa agradeci\u00f3 a los presentes su asistencia a significativo evento, mientras tanto los regidores representantes de los diferentes partidos pol\u00edticos arribaban a la sala.<\/p>\n<p>Asimismo, Martha Elvia Fern\u00e1ndez S\u00e1nchez en su mensaje de bienvenida aclar\u00f3 que trabajar\u00e1 con trasparencia y de la mano con la ciudadan\u00eda, fomentando entre otras cosas la participaci\u00f3n ciudadana en las sesiones de Cabildo. Llam\u00f3 a los regidores, incluyendo al s\u00edndico procurador, a formar un solo equipo a favor de los cuautitlenses, conduci\u00e9ndose en todo momento bajo las leyes, normas, y reglamentos vigentes.<\/p>\n<p>Por otra parte, hizo \u00e9nfasis en que todas las decisiones tomadas dentro de su administraci\u00f3n ser\u00e1n en beneficio de los ciudadanos y coment\u00f3 que cuidar\u00e1 el perfil de los funcionarios designados a los diversos cargos p\u00fablicos.<\/p>\n<p><strong><br \/>\n<\/strong><\/p>\n<p>&nbsp;<\/p>\n","protected":false},"excerpt":{"rendered":"<p>En presencia de la Auditor\u00eda Superior del Estado de M\u00e9xico, Contralor\u00eda Municipal, y el nuevo Cabildo, el ayuntamiento saliente y la nueva administraci\u00f3n firmaron el acta de Entrega-Recepci\u00f3n que formaliza el inicio del nuevo periodo administrativo 2016-2018.<\/p>\n","protected":false},"author":3,"featured_media":250006,"comment_status":"open","ping_status":"open","sticky":false,"template":"","format":"standard","meta":{"_monsterinsights_skip_tracking":false,"_monsterinsights_sitenote_active":false,"_monsterinsights_sitenote_note":"","_monsterinsights_sitenote_category":0,"footnotes":""},"categories":[35155],"tags":[23030,681,43675,47168],"class_list":["post-249954","post","type-post","status-publish","format-standard","has-post-thumbnail","hentry","category-estado-de-mexico-estado-de-mexico","tag-cabildo","tag-cuautitlan","tag-estado-de-mexico","tag-martha-elvia-fernandez-sanchez"],"_links":{"self":[{"href":"https:\/\/www.diarioimagen.net\/index.php?rest_route=\/wp\/v2\/posts\/249954","targetHints":{"allow":["GET"]}}],"collection":[{"href":"https:\/\/www.diarioimagen.net\/index.php?rest_route=\/wp\/v2\/posts"}],"about":[{"href":"https:\/\/www.diarioimagen.net\/index.php?rest_route=\/wp\/v2\/types\/post"}],"author":[{"embeddable":true,"href":"https:\/\/www.diarioimagen.net\/index.php?rest_route=\/wp\/v2\/users\/3"}],"replies":[{"embeddable":true,"href":"https:\/\/www.diarioimagen.net\/index.php?rest_route=%2Fwp%2Fv2%2Fcomments&post=249954"}],"version-history":[{"count":0,"href":"https:\/\/www.diarioimagen.net\/index.php?rest_route=\/wp\/v2\/posts\/249954\/revisions"}],"wp:featuredmedia":[{"embeddable":true,"href":"https:\/\/www.diarioimagen.net\/index.php?rest_route=\/wp\/v2\/media\/250006"}],"wp:attachment":[{"href":"https:\/\/www.diarioimagen.net\/index.php?rest_route=%2Fwp%2Fv2%2Fmedia&parent=249954"}],"wp:term":[{"taxonomy":"category","embeddable":true,"href":"https:\/\/www.diarioimagen.net\/index.php?rest_route=%2Fwp%2Fv2%2Fcategories&post=249954"},{"taxonomy":"post_tag","embeddable":true,"href":"https:\/\/www.diarioimagen.net\/index.php?rest_route=%2Fwp%2Fv2%2Ftags&post=249954"}],"curies":[{"name":"wp","href":"https:\/\/api.w.org\/{rel}","templated":true}]}}