{"id":250080,"date":"2016-01-08T14:58:51","date_gmt":"2016-01-08T20:58:51","guid":{"rendered":"http:\/\/www.diarioimagen.net\/?p=250080"},"modified":"2016-01-29T03:21:28","modified_gmt":"2016-01-29T09:21:28","slug":"anuncia-pena-nieto-detencion-de-joaquin-el-chapo-guzman","status":"publish","type":"post","link":"https:\/\/www.diarioimagen.net\/?p=250080","title":{"rendered":"Anuncia Pe\u00f1a Nieto detenci\u00f3n de Joaqu\u00edn \u00abEl Chapo\u00bb Guzm\u00e1n"},"content":{"rendered":"<ul>\n<li class=\"verNotaTitulo\"><em><strong>Reconoce labor del Gabinete de Seguridad<\/strong><\/em><\/li>\n<\/ul>\n<div id=\"verNotaCuerpo\" class=\"verNotaCuerpo\">\n<p><a href=\"http:\/\/www.diarioimagen.net\/?attachment_id=250082\" rel=\"attachment wp-att-250082\"><img loading=\"lazy\" decoding=\"async\" class=\"alignleft size-medium wp-image-250082\" src=\"http:\/\/www.diarioimagen.net\/wp-content\/uploads\/2016\/01\/chapo-epn-240x135.jpg\" alt=\"chapo-epn\" width=\"240\" height=\"135\" srcset=\"https:\/\/www.diarioimagen.net\/wp-content\/uploads\/2016\/01\/chapo-epn-240x135.jpg 240w, https:\/\/www.diarioimagen.net\/wp-content\/uploads\/2016\/01\/chapo-epn-420x236.jpg 420w, https:\/\/www.diarioimagen.net\/wp-content\/uploads\/2016\/01\/chapo-epn-235x132.jpg 235w, https:\/\/www.diarioimagen.net\/wp-content\/uploads\/2016\/01\/chapo-epn-202x114.jpg 202w, https:\/\/www.diarioimagen.net\/wp-content\/uploads\/2016\/01\/chapo-epn-350x196.jpg 350w, https:\/\/www.diarioimagen.net\/wp-content\/uploads\/2016\/01\/chapo-epn-220x123.jpg 220w, https:\/\/www.diarioimagen.net\/wp-content\/uploads\/2016\/01\/chapo-epn-237x132.jpg 237w, https:\/\/www.diarioimagen.net\/wp-content\/uploads\/2016\/01\/chapo-epn.jpg 480w\" sizes=\"auto, (max-width: 240px) 100vw, 240px\" \/><\/a>El presidente de M\u00e9xico, Enrique Pe\u00f1a Nieto, inform\u00f3 que fue detenido Joaqu\u00edn Guzm\u00e1n Loera, alias \u201cEl Chapo Guzm\u00e1n\u201d.<\/p>\n<p>\u201cMisi\u00f3n cumplida: lo tenemos. Quiero informar a los mexicanos que Joaqu\u00edn Guzm\u00e1n Loera ha sido detenido\u201d, se\u00f1al\u00f3 el mandatario en su cuenta de <em>Twitter<\/em>.<\/p>\n<p>Asimismo, expres\u00f3 su reconocimiento al Gabinete de Seguridad del Gobierno de la Rep\u00fablica \u201cpor este importante logro en favor del Estado de derecho en M\u00e9xico\u201d.<\/p>\n<\/div>\n","protected":false},"excerpt":{"rendered":"<p>El presidente de M\u00e9xico, Enrique Pe\u00f1a Nieto, inform\u00f3 que fue detenido Joaqu\u00edn Guzm\u00e1n Loera, alias \u201cEl Chapo Guzm\u00e1n\u201d. \u201cMisi\u00f3n cumplida: lo tenemos. Quiero informar a los mexicanos que Joaqu\u00edn Guzm\u00e1n Loera ha sido detenido\u201d, se\u00f1al\u00f3 el mandatario en su cuenta de Twitter. Asimismo, expres\u00f3 su reconocimiento al Gabinete de Seguridad del Gobierno de la Rep\u00fablica \u201cpor este importante logro en favor del Estado de derecho en M\u00e9xico\u201d.<\/p>\n","protected":false},"author":1,"featured_media":250082,"comment_status":"open","ping_status":"open","sticky":false,"template":"","format":"standard","meta":{"_monsterinsights_skip_tracking":false,"_monsterinsights_sitenote_active":false,"_monsterinsights_sitenote_note":"","_monsterinsights_sitenote_category":0,"footnotes":""},"categories":[3],"tags":[18,43673],"class_list":["post-250080","post","type-post","status-publish","format-standard","has-post-thumbnail","hentry","category-nacional","tag-enrique-pena-nieto","tag-nacional"],"_links":{"self":[{"href":"https:\/\/www.diarioimagen.net\/index.php?rest_route=\/wp\/v2\/posts\/250080","targetHints":{"allow":["GET"]}}],"collection":[{"href":"https:\/\/www.diarioimagen.net\/index.php?rest_route=\/wp\/v2\/posts"}],"about":[{"href":"https:\/\/www.diarioimagen.net\/index.php?rest_route=\/wp\/v2\/types\/post"}],"author":[{"embeddable":true,"href":"https:\/\/www.diarioimagen.net\/index.php?rest_route=\/wp\/v2\/users\/1"}],"replies":[{"embeddable":true,"href":"https:\/\/www.diarioimagen.net\/index.php?rest_route=%2Fwp%2Fv2%2Fcomments&post=250080"}],"version-history":[{"count":0,"href":"https:\/\/www.diarioimagen.net\/index.php?rest_route=\/wp\/v2\/posts\/250080\/revisions"}],"wp:featuredmedia":[{"embeddable":true,"href":"https:\/\/www.diarioimagen.net\/index.php?rest_route=\/wp\/v2\/media\/250082"}],"wp:attachment":[{"href":"https:\/\/www.diarioimagen.net\/index.php?rest_route=%2Fwp%2Fv2%2Fmedia&parent=250080"}],"wp:term":[{"taxonomy":"category","embeddable":true,"href":"https:\/\/www.diarioimagen.net\/index.php?rest_route=%2Fwp%2Fv2%2Fcategories&post=250080"},{"taxonomy":"post_tag","embeddable":true,"href":"https:\/\/www.diarioimagen.net\/index.php?rest_route=%2Fwp%2Fv2%2Ftags&post=250080"}],"curies":[{"name":"wp","href":"https:\/\/api.w.org\/{rel}","templated":true}]}}