{"id":250098,"date":"2016-01-08T23:29:39","date_gmt":"2016-01-09T05:29:39","guid":{"rendered":"http:\/\/www.diarioimagen.net\/?p=250098"},"modified":"2016-01-10T21:48:08","modified_gmt":"2016-01-11T03:48:08","slug":"trasladan-a-joaquin-el-chapo-guzman-nuevamente-al-altiplano","status":"publish","type":"post","link":"https:\/\/www.diarioimagen.net\/?p=250098","title":{"rendered":"Trasladan a Joaqu\u00edn \u201cEl Chapo\u201d Guzm\u00e1n nuevamente al Altiplano"},"content":{"rendered":"<div id=\"attachment_250102\" style=\"width: 430px\" class=\"wp-caption aligncenter\"><a href=\"http:\/\/www.diarioimagen.net\/?attachment_id=250102\" rel=\"attachment wp-att-250102\"><img loading=\"lazy\" decoding=\"async\" aria-describedby=\"caption-attachment-250102\" class=\"size-large wp-image-250102\" src=\"http:\/\/www.diarioimagen.net\/wp-content\/uploads\/2016\/01\/Chapo-HD-420x305.jpg\" alt=\"Presentaci\u00f3n de Guzm\u00e1n Loera en un hangar del Aeropuerto Internacional de la Ciudad de M\u00e9xico antes de su traslado al penal del Altiplano.\" width=\"420\" height=\"305\" srcset=\"https:\/\/www.diarioimagen.net\/wp-content\/uploads\/2016\/01\/Chapo-HD-420x305.jpg 420w, https:\/\/www.diarioimagen.net\/wp-content\/uploads\/2016\/01\/Chapo-HD-240x174.jpg 240w, https:\/\/www.diarioimagen.net\/wp-content\/uploads\/2016\/01\/Chapo-HD-768x557.jpg 768w, https:\/\/www.diarioimagen.net\/wp-content\/uploads\/2016\/01\/Chapo-HD-90x65.jpg 90w, https:\/\/www.diarioimagen.net\/wp-content\/uploads\/2016\/01\/Chapo-HD.jpg 1332w\" sizes=\"auto, (max-width: 420px) 100vw, 420px\" \/><\/a><p id=\"caption-attachment-250102\" class=\"wp-caption-text\">Presentaci\u00f3n de Guzm\u00e1n Loera en un hangar del Aeropuerto Internacional de la Ciudad de M\u00e9xico antes de su traslado al penal del Altiplano.<\/p><\/div>\n<p>Despu\u00e9s de rendir su declaraci\u00f3n y realizarle las pruebas correspondientes para confirmar su identidad, Joaqu\u00edn Guzm\u00e1n Loera, alias \u201cEl Chapo\u201d, fue trasladado en un helic\u00f3ptero de la Secretar\u00eda de Marina al penal del Altiplano.<\/p>\n<p>El l\u00edder del c\u00e1rtel de Sinaloa fue llevado a la nave junto con su lugarteniente, Orso Iv\u00e1n Gast\u00e9lum, detenido tambi\u00e9n esta madrugada, luego de un mensaje dado por el secretario de Gobernaci\u00f3n, Miguel \u00c1ngel Osorio Chong y la procuradora General de Justicia, Arely G\u00f3mez.<\/p>\n<p>El secretario de Gobernaci\u00f3n, Miguel \u00c1ngel Osorio Chong, resalt\u00f3 que: \u201cSe trata de un trabajo de alta inteligencia, de cooperaci\u00f3n entre instituciones, entre instituciones nacionales, pero sobre todo, del esfuerzo de muchas y muchos mexicanos que durante meses pusieron su tiempo, sus capacidades, al servicio de esta tarea y de nuestro pa\u00eds. Se trata de mexicanas y mexicanos que han hecho del servicio a la patria su vocaci\u00f3n de vida y que forman parte del Ej\u00e9rcito Mexicano, la Marina Armada de M\u00e9xico, la Polic\u00eda Federal, el Centro de Investigaci\u00f3n y Seguridad Nacional, y la Procuradur\u00eda General de la Rep\u00fablica\u201d.<\/p>\n<p>Por su parte, la procuradora Arely G\u00f3mez se\u00f1al\u00f3 que: \u00ab<span id=\"yui_3_16_0_1_1452287044985_68578\">Las instituciones de seguridad del Gobierno Federal, intensificaron las acciones de inteligencia, permitiendo conocer hacia finales de diciembre, la intenci\u00f3n del delincuente, de trasladarse a la zona urbana.\u00a0<\/span><\/p>\n<p id=\"yui_3_16_0_1_1452287044985_68582\" class=\"yiv1518168929MsoNormal\"><span id=\"yui_3_16_0_1_1452287044985_68581\">Durante el seguimiento a diversos integrantes del c\u00edrculo cercano de Guzm\u00e1n Loera, se identific\u00f3 a una persona que se especializaba en la construcci\u00f3n de t\u00faneles, de quien se tuvo conocimiento estaba acondicionando diversas viviendas en los estados de Sinaloa y Sonora.<\/span><\/p>\n<p id=\"yui_3_16_0_1_1452287044985_68308\" class=\"yiv1518168929MsoNormal\"><span id=\"yui_3_16_0_1_1452287044985_68307\">Estas acciones llevaron a ubicar un domicilio en la ciudad de Los Mochis, Sinaloa, en el cual, se mont\u00f3 un operativo de vigilancia por espacio de un mes.<\/span><\/p>\n<p id=\"yui_3_16_0_1_1452287044985_68577\" class=\"yiv1518168929MsoNormal\"><span id=\"yui_3_16_0_1_1452287044985_68576\">A partir del 6 de enero, se comenzaron a observar movimientos inusuales dentro de la rutina diaria de ese domicilio, destacando el arribo de un veh\u00edculo en la madrugada del d\u00eda 7.<\/span><\/p>\n<p id=\"yui_3_16_0_1_1452287044985_68584\" class=\"yiv1518168929MsoNormal\"><span id=\"yui_3_16_0_1_1452287044985_68583\">Los indicios recabados en campo y las tareas de inteligencia, dieron la certeza de que el delincuente Guzm\u00e1n Loera, se ubicaba en el interior de dicho inmueble.<\/span><\/p>\n<p id=\"yui_3_16_0_1_1452287044985_68575\" class=\"yiv1518168929MsoNormal\"><span id=\"yui_3_16_0_1_1452287044985_68574\">Tras una planeaci\u00f3n oportuna y eficaz, la madrugada del d\u00eda de hoy, se puso en marcha un operativo por parte de las fuerzas federales.<\/span><\/p>\n<p id=\"yui_3_16_0_1_1452287044985_68586\" class=\"yiv1518168929MsoNormal\"><span id=\"yui_3_16_0_1_1452287044985_68585\">Al arribar al domicilio, los elementos fueron agredidos con disparos de arma de fuego de grueso calibre desde el interior, por lo que se repeli\u00f3 el ataque, resultando herido un elemento de la Armada, y perdiendo la vida cinco agresores. Asimismo, se logr\u00f3 la detenci\u00f3n de seis personas m\u00e1s.<\/span><\/p>\n<p id=\"yui_3_16_0_1_1452287044985_68588\" class=\"yiv1518168929MsoNormal\"><span id=\"yui_3_16_0_1_1452287044985_68587\">Durante el enfrentamiento, Guzm\u00e1n Loera logr\u00f3 fugarse a trav\u00e9s del sistema pluvial de la ciudad, lo cual ya se hab\u00eda considerado en la estrategia de captura.<\/span><\/p>\n<p id=\"yui_3_16_0_1_1452287044985_68322\" class=\"yiv1518168929MsoNormal\"><span id=\"yui_3_16_0_1_1452287044985_68321\">Esta acci\u00f3n, la realiz\u00f3 acompa\u00f1ado de su jefe de seguridad, Jorge Iv\u00e1n Gast\u00e9lum \u00c1vila, u Orso Iv\u00e1n Gast\u00e9lum Cruz, delincuente de alta peligrosidad, quien tambi\u00e9n forma parte de los 122 objetivos prioritarios de la delincuencia organizada.<\/span><\/p>\n<p id=\"yui_3_16_0_1_1452287044985_68320\" class=\"yiv1518168929MsoNormal\"><span id=\"yui_3_16_0_1_1452287044985_68319\">En esta operaci\u00f3n-persecuci\u00f3n, el personal naval sigui\u00f3 por el interior de los t\u00faneles y red de drenaje, a los dos pr\u00f3fugos, quienes al verse en esa condici\u00f3n de huida, abrieron una alcantarilla para salir a una avenida y posteriormente huir en veh\u00edculos.<\/span><\/p>\n<p id=\"yui_3_16_0_1_1452287044985_68318\" class=\"yiv1518168929MsoNormal\"><span id=\"yui_3_16_0_1_1452287044985_68317\">Ante la alerta por el robo de los autom\u00f3viles en las inmediaciones de la zona de operaci\u00f3n, efectivos de las fuerzas federales implementaron un dispositivo para dar con el paradero de las unidades y detener a los delincuentes.<\/span><\/p>\n<p id=\"yui_3_16_0_1_1452287044985_68316\" class=\"yiv1518168929MsoNormal\"><span id=\"yui_3_16_0_1_1452287044985_68315\">Al ser ubicado uno de los veh\u00edculos sobre la carretera Los Mochis-Navojoa, elementos de las fuerzas participantes procedieron a su intercepci\u00f3n y la detenci\u00f3n de Guzm\u00e1n Loera y Gast\u00e9lum \u00c1vila.<\/span><\/p>\n<p id=\"yui_3_16_0_1_1452287044985_68314\" class=\"yiv1518168929MsoNormal\"><span id=\"yui_3_16_0_1_1452287044985_68313\">Con el objetivo de asegurar a los delincuentes y proteger la integridad de los elementos, estos se trasladaron a un motel cercano, para esperar refuerzos.<\/span><\/p>\n<p id=\"yui_3_16_0_1_1452287044985_68309\" class=\"yiv1518168929MsoNormal\"><span id=\"yui_3_16_0_1_1452287044985_68312\">Pocos minutos despu\u00e9s, fueron trasladados al aeropuerto de Los Mochis, y posteriormente a la Ciudad de M\u00e9xico\u00bb<\/span><\/p>\n<p>&nbsp;<\/p>\n","protected":false},"excerpt":{"rendered":"<p>Despu\u00e9s de rendir su declaraci\u00f3n y realizarle las pruebas correspondientes para confirmar su identidad, Joaqu\u00edn Guzm\u00e1n Loera, alias \u201cEl Chapo\u201d, fue trasladado en un helic\u00f3ptero de la Secretar\u00eda de Marina al penal del Altiplano.<\/p>\n","protected":false},"author":1,"featured_media":250102,"comment_status":"open","ping_status":"open","sticky":false,"template":"","format":"standard","meta":{"_monsterinsights_skip_tracking":false,"_monsterinsights_sitenote_active":false,"_monsterinsights_sitenote_note":"","_monsterinsights_sitenote_category":0,"footnotes":""},"categories":[3],"tags":[3676,43673],"class_list":["post-250098","post","type-post","status-publish","format-standard","has-post-thumbnail","hentry","category-nacional","tag-miguel-angel-osorio-chong","tag-nacional"],"_links":{"self":[{"href":"https:\/\/www.diarioimagen.net\/index.php?rest_route=\/wp\/v2\/posts\/250098","targetHints":{"allow":["GET"]}}],"collection":[{"href":"https:\/\/www.diarioimagen.net\/index.php?rest_route=\/wp\/v2\/posts"}],"about":[{"href":"https:\/\/www.diarioimagen.net\/index.php?rest_route=\/wp\/v2\/types\/post"}],"author":[{"embeddable":true,"href":"https:\/\/www.diarioimagen.net\/index.php?rest_route=\/wp\/v2\/users\/1"}],"replies":[{"embeddable":true,"href":"https:\/\/www.diarioimagen.net\/index.php?rest_route=%2Fwp%2Fv2%2Fcomments&post=250098"}],"version-history":[{"count":0,"href":"https:\/\/www.diarioimagen.net\/index.php?rest_route=\/wp\/v2\/posts\/250098\/revisions"}],"wp:featuredmedia":[{"embeddable":true,"href":"https:\/\/www.diarioimagen.net\/index.php?rest_route=\/wp\/v2\/media\/250102"}],"wp:attachment":[{"href":"https:\/\/www.diarioimagen.net\/index.php?rest_route=%2Fwp%2Fv2%2Fmedia&parent=250098"}],"wp:term":[{"taxonomy":"category","embeddable":true,"href":"https:\/\/www.diarioimagen.net\/index.php?rest_route=%2Fwp%2Fv2%2Fcategories&post=250098"},{"taxonomy":"post_tag","embeddable":true,"href":"https:\/\/www.diarioimagen.net\/index.php?rest_route=%2Fwp%2Fv2%2Ftags&post=250098"}],"curies":[{"name":"wp","href":"https:\/\/api.w.org\/{rel}","templated":true}]}}