{"id":250104,"date":"2016-01-11T00:07:12","date_gmt":"2016-01-11T06:07:12","guid":{"rendered":"http:\/\/www.diarioimagen.net\/?p=250104"},"modified":"2016-01-10T23:13:34","modified_gmt":"2016-01-11T05:13:34","slug":"este-martes-llega-al-df-el-avion-mas-grande-del-mundo","status":"publish","type":"post","link":"https:\/\/www.diarioimagen.net\/?p=250104","title":{"rendered":"Ma\u00f1ana llega el avi\u00f3n m\u00e1s grande del mundo"},"content":{"rendered":"<ul>\n<li><strong><em>Ampliaci\u00f3n de pista en el AICM<\/em><\/strong><\/li>\n<\/ul>\n<p>&nbsp;<\/p>\n<div id=\"attachment_250105\" style=\"width: 430px\" class=\"wp-caption aligncenter\"><a href=\"http:\/\/www.diarioimagen.net\/?attachment_id=250105\" rel=\"attachment wp-att-250105\"><img loading=\"lazy\" decoding=\"async\" aria-describedby=\"caption-attachment-250105\" class=\"wp-image-250105 size-large\" src=\"http:\/\/www.diarioimagen.net\/wp-content\/uploads\/2016\/01\/AVION-portal-420x245.jpg\" alt=\"El aeropuerto de la Ciudad de M\u00e9xico se convertir\u00e1 en el primero en Am\u00e9rica Latina en recibir en operaciones regulares el A380, situando al pa\u00eds a la vanguardia en la aviaci\u00f3n.\" width=\"420\" height=\"245\" srcset=\"https:\/\/www.diarioimagen.net\/wp-content\/uploads\/2016\/01\/AVION-portal-420x245.jpg 420w, https:\/\/www.diarioimagen.net\/wp-content\/uploads\/2016\/01\/AVION-portal-240x140.jpg 240w, https:\/\/www.diarioimagen.net\/wp-content\/uploads\/2016\/01\/AVION-portal.jpg 480w\" sizes=\"auto, (max-width: 420px) 100vw, 420px\" \/><\/a><p id=\"caption-attachment-250105\" class=\"wp-caption-text\">El aeropuerto de la Ciudad de M\u00e9xico se convertir\u00e1 en el primero en Am\u00e9rica Latina en recibir en operaciones regulares el A380, situando al pa\u00eds a la vanguardia en la aviaci\u00f3n.<\/p><\/div>\n<p>&nbsp;<\/p>\n<p>El Airbus A380 de Air France, el avi\u00f3n comercial m\u00e1s grande del mundo, llega este martes 12 de enero al Aeropuerto Internacional de la Ciudad de M\u00e9xico.<\/p>\n<p>De acuerdo la para la llegada del avi\u00f3n comercial m\u00e1s grande del mundo se realiz\u00f3 la ampliaci\u00f3n de la sala 75 de la Terminal 2 y adecuaciones de la sala 33 de la Terminal 1, del Aeropuerto Internacional de la Ciudad de M\u00e9xico (AICM).<\/p>\n<p>Este aeropuerto se convertir\u00e1 en el primero en Am\u00e9rica Latina en recibir en operaciones regulares el A380, situando al pa\u00eds a la vanguardia en la aviaci\u00f3n, dijo en su momento el director del mismo, Alexandro Argud\u00edn.<\/p>\n<p>Para que aterrice el A380 se realizaron adecuaciones sobre la compactaci\u00f3n de los rodajes, en el servicio de vialidades vehiculares en plataforma, as\u00ed como el estudio relacionado con el rodaje sobre pistas, entre otras.<\/p>\n<p>Tambi\u00e9n se realizaron modificaciones a las posiciones 33 y 35 de la Terminal 1 del aeropuerto capitalino, ya que tras el aterrice del A380 de Air France, a partir del 2017, la alemana Lufthansa comenzar\u00e1 a operar con su avi\u00f3n del mismo modelo.<\/p>\n<p>\u201cEsta posici\u00f3n tendr\u00e1 un pasillo inferior y otro superior y cuando opere otra aeronave como el 747 de Boeing operar\u00e1 uno solo\u201d, coment\u00f3 el directivo.<\/p>\n<p>Para Air France, M\u00e9xico es clave para su operaci\u00f3n con el A380, ya que existe en el pa\u00eds un segmento que puede acceder a este producto de lujo, dijo el director de Air France-KLM, Eric Caron.<\/p>\n<p>\u201cLa mitad de los productos de lujo vendidos en Am\u00e9rica est\u00e1n en M\u00e9xico, estamos convencidos que para este producto hay un mercado y a partir de enero lo vamos a proponer\u201d, afirm\u00f3 en octubre pasado.<\/p>\n<p>El A380 de la aerol\u00ednea francesa, cuenta con cuatro clases y aumentar\u00e1 en 20 por ciento su capacidad en dicha ruta; est\u00e1 configurado con La Premi\u00e9re, nueve asientos, espacio para guardarropa, bar con buffet, entre otros.<\/p>\n<p>Tambi\u00e9n presenta la clase Business que permitir\u00e1 acceder a la primera galer\u00eda de arte instalada en una aeronave con exposiciones creadas para la empresa francesa en colaboraci\u00f3n con grandes museos del mundo.<\/p>\n<p>As\u00ed como la Premium Economy con asientos de estructura fija para preservar la intimidad durante todo el vuelo, amplia pantalla de video interactiva, entre otros.<\/p>\n<p>Por \u00faltimo, la Economy con reposabrazos 30 por ciento m\u00e1s amplios, bares con moderno dise\u00f1o, espacio de relajaci\u00f3n y reuni\u00f3n.<\/p>\n<p>Actualmente, la empresa conecta dichos pa\u00edses a trav\u00e9s de su Boeing 747 configurado con dos clases, equipo que este lunes aterrizar\u00e1 por \u00faltima vez en las pistas del AICM, y al cual recibir\u00e1 un homenaje en Par\u00eds este 14 de enero.<\/p>\n<p>Cabe recordar que en los pr\u00f3ximos 20 a\u00f1os, en M\u00e9xico operar\u00e1n nueve aviones A380 de aerol\u00edneas internacionales, derivado del crecimiento previsto en el mercado, adelant\u00f3 el presidente de Airbus en Am\u00e9rica Latina y el Caribe, Rafael Alonso.<\/p>\n<p style=\"text-align: center;\"><strong>Al cierre de 2016 habr\u00e1 avances del NAICM<\/strong><\/p>\n<p>Al final de este a\u00f1o ya se observar\u00e1n avances del Nuevo Aeropuerto Internacional de la Ciudad de M\u00e9xico (NAICM), afirm\u00f3 el organismo responsable de la planeaci\u00f3n, dise\u00f1o y edificaci\u00f3n de la nueva base a\u00e9rea de la capital del pa\u00eds.<\/p>\n<p>El Grupo Aeroportuario de la Ciudad de M\u00e9xico (GACM) inform\u00f3 que durante 2016 concluir\u00e1n los trabajos de construcci\u00f3n del campamento de obra, el drenaje temporal, las pruebas de carga, de pilotes, de excavaci\u00f3n de terminal, de consolidaci\u00f3n por vac\u00edo, la remoci\u00f3n de escombros y los caminos interiores al pol\u00edgono del NAICM.<\/p>\n<p>As\u00ed se dio a conocer en reuni\u00f3n de trabajo con el secretario de Comunicaciones y Transportes, Gerardo Ruiz Esparza; la subsecretaria de Transporte, Yuriria Mascott P\u00e9rez y el director del GACM, Federico Pati\u00f1o, por lo que al final de 2016 se observar\u00e1n avances del nuevo aeropuerto.<\/p>\n","protected":false},"excerpt":{"rendered":"<p>El Airbus A380 de Air France, el avi\u00f3n comercial m\u00e1s grande del mundo, llega este martes 12 de enero al Aeropuerto Internacional de la Ciudad de M\u00e9xico.<\/p>\n","protected":false},"author":5,"featured_media":250105,"comment_status":"open","ping_status":"open","sticky":false,"template":"","format":"standard","meta":{"_monsterinsights_skip_tracking":false,"_monsterinsights_sitenote_active":false,"_monsterinsights_sitenote_note":"","_monsterinsights_sitenote_category":0,"footnotes":""},"categories":[6],"tags":[436,5515,204],"class_list":["post-250104","post","type-post","status-publish","format-standard","has-post-thumbnail","hentry","category-cd-de-mexico","tag-aicm","tag-air-france","tag-ciudad-de-mexico"],"_links":{"self":[{"href":"https:\/\/www.diarioimagen.net\/index.php?rest_route=\/wp\/v2\/posts\/250104","targetHints":{"allow":["GET"]}}],"collection":[{"href":"https:\/\/www.diarioimagen.net\/index.php?rest_route=\/wp\/v2\/posts"}],"about":[{"href":"https:\/\/www.diarioimagen.net\/index.php?rest_route=\/wp\/v2\/types\/post"}],"author":[{"embeddable":true,"href":"https:\/\/www.diarioimagen.net\/index.php?rest_route=\/wp\/v2\/users\/5"}],"replies":[{"embeddable":true,"href":"https:\/\/www.diarioimagen.net\/index.php?rest_route=%2Fwp%2Fv2%2Fcomments&post=250104"}],"version-history":[{"count":0,"href":"https:\/\/www.diarioimagen.net\/index.php?rest_route=\/wp\/v2\/posts\/250104\/revisions"}],"wp:featuredmedia":[{"embeddable":true,"href":"https:\/\/www.diarioimagen.net\/index.php?rest_route=\/wp\/v2\/media\/250105"}],"wp:attachment":[{"href":"https:\/\/www.diarioimagen.net\/index.php?rest_route=%2Fwp%2Fv2%2Fmedia&parent=250104"}],"wp:term":[{"taxonomy":"category","embeddable":true,"href":"https:\/\/www.diarioimagen.net\/index.php?rest_route=%2Fwp%2Fv2%2Fcategories&post=250104"},{"taxonomy":"post_tag","embeddable":true,"href":"https:\/\/www.diarioimagen.net\/index.php?rest_route=%2Fwp%2Fv2%2Ftags&post=250104"}],"curies":[{"name":"wp","href":"https:\/\/api.w.org\/{rel}","templated":true}]}}