{"id":250282,"date":"2016-01-11T00:08:33","date_gmt":"2016-01-11T06:08:33","guid":{"rendered":"http:\/\/www.diarioimagen.net\/?p=250282"},"modified":"2016-01-11T02:25:59","modified_gmt":"2016-01-11T08:25:59","slug":"registro-edomex-mas-de-80-de-ocupacion-hotelera","status":"publish","type":"post","link":"https:\/\/www.diarioimagen.net\/?p=250282","title":{"rendered":"Registr\u00f3 Edomex m\u00e1s de 80% de ocupaci\u00f3n hotelera"},"content":{"rendered":"<ul>\n<li><strong><em>Durante periodo vacacional<\/em><\/strong><\/li>\n<\/ul>\n<p>&nbsp;<\/p>\n<p><a href=\"http:\/\/www.diarioimagen.net\/?attachment_id=250289\" rel=\"attachment wp-att-250289\"><img loading=\"lazy\" decoding=\"async\" class=\"aligncenter size-large wp-image-250289\" src=\"http:\/\/www.diarioimagen.net\/wp-content\/uploads\/2016\/01\/hoteles-edomex-2779-420x236.jpg\" alt=\"hoteles-edomex-2779\" width=\"420\" height=\"236\" srcset=\"https:\/\/www.diarioimagen.net\/wp-content\/uploads\/2016\/01\/hoteles-edomex-2779-420x236.jpg 420w, https:\/\/www.diarioimagen.net\/wp-content\/uploads\/2016\/01\/hoteles-edomex-2779-240x135.jpg 240w, https:\/\/www.diarioimagen.net\/wp-content\/uploads\/2016\/01\/hoteles-edomex-2779-235x132.jpg 235w, https:\/\/www.diarioimagen.net\/wp-content\/uploads\/2016\/01\/hoteles-edomex-2779-202x114.jpg 202w, https:\/\/www.diarioimagen.net\/wp-content\/uploads\/2016\/01\/hoteles-edomex-2779-350x196.jpg 350w, https:\/\/www.diarioimagen.net\/wp-content\/uploads\/2016\/01\/hoteles-edomex-2779-220x123.jpg 220w, https:\/\/www.diarioimagen.net\/wp-content\/uploads\/2016\/01\/hoteles-edomex-2779-237x132.jpg 237w, https:\/\/www.diarioimagen.net\/wp-content\/uploads\/2016\/01\/hoteles-edomex-2779.jpg 480w\" sizes=\"auto, (max-width: 420px) 100vw, 420px\" \/><\/a><\/p>\n<p>&nbsp;<\/p>\n<p><strong>Toluca, Estado de M\u00e9xico<\/strong>.- Durante las vacaciones de invierno que se registraron del 18 de diciembre de 2015 al 6 de enero de este a\u00f1o, el Estado de M\u00e9xico registr\u00f3 \u00edndices de ocupaci\u00f3n hotelera superiores al 80 por ciento en sus principales destinos, inform\u00f3 la secretaria de Turismo de la entidad, Rosalinda Elizabeth Ben\u00edtez Gonz\u00e1lez.<\/p>\n<p>Detall\u00f3 que en los Pueblos M\u00e1gicos de Tepotzotl\u00e1n y Valle de Bravo, la ocupaci\u00f3n fue de m\u00e1s del 80 por ciento; en Ixtapan de la Sal, municipio que en septiembre del a\u00f1o pasado recibi\u00f3 el nombramiento de Pueblo M\u00e1gico, tuvo un 90 por ciento de afluencia en sus hoteles.<\/p>\n<p>Explic\u00f3 que durante este periodo, personal de la Secretar\u00eda de Turismo aplic\u00f3 m\u00e1s de 2 mil 800 encuestas en diferentes puntos tur\u00edsticos de la entidad, las cuales indicaron que el 43 por ciento de los turistas extranjeros que visitan el Estado de M\u00e9xico son estadounidenses y un 4 por ciento, es decir un punto porcentual m\u00e1s que en 2014, provienen de Canad\u00e1, Europa y Asia.<\/p>\n<p>En lo que respecta a los turistas nacionales, la informaci\u00f3n obtenida se\u00f1ala que la mayor\u00eda provienen de la Ciudad de M\u00e9xico, Michoac\u00e1n, Quer\u00e9taro, Hidalgo y Morelos.<\/p>\n<p>Rosalinda Ben\u00edtez coment\u00f3 que se seguir\u00e1 trabajando para consolidar al Estado de M\u00e9xico como uno de los destinos sin playa m\u00e1s visitados por los mexicanos y posicionar los productor tur\u00edsticos que se pueden encontrar en los 9 Pueblos M\u00e1gicos y 22 Pueblos con Encanto en el plano internacional.<\/p>\n","protected":false},"excerpt":{"rendered":"<p>Durante las vacaciones de invierno que se registraron del 18 de diciembre de 2015 al 6 de enero de este a\u00f1o, el Estado de M\u00e9xico registr\u00f3 \u00edndices de ocupaci\u00f3n hotelera superiores al 80 por ciento en sus principales destinos, inform\u00f3 la secretaria de Turismo de la entidad, Rosalinda Elizabeth Ben\u00edtez Gonz\u00e1lez.<\/p>\n","protected":false},"author":3,"featured_media":250289,"comment_status":"open","ping_status":"open","sticky":false,"template":"","format":"standard","meta":{"_monsterinsights_skip_tracking":false,"_monsterinsights_sitenote_active":false,"_monsterinsights_sitenote_note":"","_monsterinsights_sitenote_category":0,"footnotes":""},"categories":[5],"tags":[43675,22016,440,452,43681,37904],"class_list":["post-250282","post","type-post","status-publish","format-standard","has-post-thumbnail","hentry","category-estado-de-mexico","tag-estado-de-mexico","tag-ocupacion","tag-secretaria-de-turismo","tag-toluca","tag-turismo","tag-visitantes"],"_links":{"self":[{"href":"https:\/\/www.diarioimagen.net\/index.php?rest_route=\/wp\/v2\/posts\/250282","targetHints":{"allow":["GET"]}}],"collection":[{"href":"https:\/\/www.diarioimagen.net\/index.php?rest_route=\/wp\/v2\/posts"}],"about":[{"href":"https:\/\/www.diarioimagen.net\/index.php?rest_route=\/wp\/v2\/types\/post"}],"author":[{"embeddable":true,"href":"https:\/\/www.diarioimagen.net\/index.php?rest_route=\/wp\/v2\/users\/3"}],"replies":[{"embeddable":true,"href":"https:\/\/www.diarioimagen.net\/index.php?rest_route=%2Fwp%2Fv2%2Fcomments&post=250282"}],"version-history":[{"count":0,"href":"https:\/\/www.diarioimagen.net\/index.php?rest_route=\/wp\/v2\/posts\/250282\/revisions"}],"wp:featuredmedia":[{"embeddable":true,"href":"https:\/\/www.diarioimagen.net\/index.php?rest_route=\/wp\/v2\/media\/250289"}],"wp:attachment":[{"href":"https:\/\/www.diarioimagen.net\/index.php?rest_route=%2Fwp%2Fv2%2Fmedia&parent=250282"}],"wp:term":[{"taxonomy":"category","embeddable":true,"href":"https:\/\/www.diarioimagen.net\/index.php?rest_route=%2Fwp%2Fv2%2Fcategories&post=250282"},{"taxonomy":"post_tag","embeddable":true,"href":"https:\/\/www.diarioimagen.net\/index.php?rest_route=%2Fwp%2Fv2%2Ftags&post=250282"}],"curies":[{"name":"wp","href":"https:\/\/api.w.org\/{rel}","templated":true}]}}