{"id":250391,"date":"2016-01-12T00:06:42","date_gmt":"2016-01-12T06:06:42","guid":{"rendered":"http:\/\/www.diarioimagen.net\/?p=250391"},"modified":"2016-01-13T00:23:00","modified_gmt":"2016-01-13T06:23:00","slug":"mas-de-2-mil-200-millones-a-educacion","status":"publish","type":"post","link":"https:\/\/www.diarioimagen.net\/?p=250391","title":{"rendered":"M\u00e1s de 2 mil 200 millones a educaci\u00f3n"},"content":{"rendered":"<h2>Arco Norte<\/h2>\n<h5>Jos\u00e9 Luis Monta\u00f1ez Aguilar<\/h5>\n<p>&nbsp;<\/p>\n<div id=\"attachment_250496\" style=\"width: 430px\" class=\"wp-caption aligncenter\"><a href=\"http:\/\/www.diarioimagen.net\/?attachment_id=250496\" rel=\"attachment wp-att-250496\"><img loading=\"lazy\" decoding=\"async\" aria-describedby=\"caption-attachment-250496\" class=\"size-large wp-image-250496\" src=\"http:\/\/www.diarioimagen.net\/wp-content\/uploads\/2016\/01\/arco-2780-420x236.jpg\" alt=\"Eruviel \u00c1vila - Inaugurando la Universidad Polit\u00e9cnica.\" width=\"420\" height=\"236\" srcset=\"https:\/\/www.diarioimagen.net\/wp-content\/uploads\/2016\/01\/arco-2780-420x236.jpg 420w, https:\/\/www.diarioimagen.net\/wp-content\/uploads\/2016\/01\/arco-2780-240x135.jpg 240w, https:\/\/www.diarioimagen.net\/wp-content\/uploads\/2016\/01\/arco-2780-768x432.jpg 768w, https:\/\/www.diarioimagen.net\/wp-content\/uploads\/2016\/01\/arco-2780-480x270.jpg 480w, https:\/\/www.diarioimagen.net\/wp-content\/uploads\/2016\/01\/arco-2780-235x132.jpg 235w, https:\/\/www.diarioimagen.net\/wp-content\/uploads\/2016\/01\/arco-2780-202x114.jpg 202w, https:\/\/www.diarioimagen.net\/wp-content\/uploads\/2016\/01\/arco-2780-350x196.jpg 350w, https:\/\/www.diarioimagen.net\/wp-content\/uploads\/2016\/01\/arco-2780-220x123.jpg 220w, https:\/\/www.diarioimagen.net\/wp-content\/uploads\/2016\/01\/arco-2780-237x132.jpg 237w, https:\/\/www.diarioimagen.net\/wp-content\/uploads\/2016\/01\/arco-2780.jpg 1200w\" sizes=\"auto, (max-width: 420px) 100vw, 420px\" \/><\/a><p id=\"caption-attachment-250496\" class=\"wp-caption-text\">Eruviel \u00c1vila &#8211; Inaugurando la Universidad Polit\u00e9cnica.<\/p><\/div>\n<p>&nbsp;<\/p>\n<p>Eruviel \u00c1vila Villegas destac\u00f3 que en lo que va de la presente administraci\u00f3n se han invertido m\u00e1s de 2 mil 200 millones de pesos, en diversas acciones en apoyo a la educaci\u00f3n en m\u00e1s de mil 250 escuelas en el Estado de M\u00e9xico, desde el nivel preescolar, hasta universidades, prueba del compromiso de ayudar en la formaci\u00f3n de miles de j\u00f3venes que el d\u00eda de ma\u00f1ana estar\u00e1n sirviendo a su pa\u00eds.<\/p>\n<p>Al inaugurar la Universidad Polit\u00e9cnica de Atlautla, Eruviel \u00c1vila inform\u00f3 que se invirtieron casi 30 millones de pesos en su construcci\u00f3n y mobiliario, en donde se imparten las carreras de Ingenier\u00eda en Tecnolog\u00edas de Manufactura, Ingenier\u00eda Inform\u00e1tica, Licenciatura en Administraci\u00f3n y Gesti\u00f3n de Peque\u00f1as y Medianas Empresas; adem\u00e1s cuenta con 14 aulas, biblioteca, canchas de usos m\u00faltiples, auditorio y talleres de computaci\u00f3n con acceso a internet, qu\u00edmica, f\u00edsica y dos laboratorios de lenguas en beneficio a 560 alumnos por semestre.<\/p>\n<p>El gobernador anunci\u00f3 el arranque de la construcci\u00f3n del Laboratorio Pesado, en esta universidad, con una inversi\u00f3n de 15 millones de pesos, que tendr\u00e1 taller de Metrolog\u00eda, Maquinaria, Herramienta, Mec\u00e1nica Automotriz, Neum\u00e1tica, Hidr\u00e1ulica, Transmisi\u00f3n El\u00e9ctrica, entre otros, para que los j\u00f3venes se preparen y sean competitivos en el mercado laboral.<\/p>\n<p>Acompa\u00f1ado de Salvador Jara Guerrero, subsecretario de Educaci\u00f3n Superior federal, el gobernador Eruviel \u00c1vila Villegas inform\u00f3 que como parte de la reforma educativa del presidente Enrique Pe\u00f1a Nieto, se ha iniciado la segunda etapa del Programa de Formaci\u00f3n Continua y Desarrollo Profesional 2015-2016, con el que capacitar\u00e1n a 14 mil 220 maestros en la Gesti\u00f3n de Procesos de Aprendizaje y la Autonom\u00eda de Gesti\u00f3n Escolar para mejorar la pr\u00e1ctica docente y la directiva.<\/p>\n<p><em><a href=\"mailto:montanezaguilar@gmail.com\" target=\"_blank\">montanezaguilar@gmail.com<\/a><\/em><\/p>\n","protected":false},"excerpt":{"rendered":"<p><span style=\"color: #005497;\">Jos\u00e9 Luis Monta\u00f1ez Aguilar<\/span><br \/>\n<br \/>\nEruviel \u00c1vila Villegas destac\u00f3 que en lo que va de la presente administraci\u00f3n se han invertido m\u00e1s de 2 mil 200 millones de pesos, en diversas acciones en apoyo a la educaci\u00f3n en m\u00e1s de mil 250 escuelas en el Estado de M\u00e9xico, desde el nivel preescolar, hasta universidades, prueba del compromiso de ayudar en la formaci\u00f3n de miles de j\u00f3venes que el d\u00eda de ma\u00f1ana estar\u00e1n sirviendo a su pa\u00eds.<\/p>\n","protected":false},"author":3,"featured_media":250496,"comment_status":"open","ping_status":"open","sticky":false,"template":"","format":"standard","meta":{"_monsterinsights_skip_tracking":false,"_monsterinsights_sitenote_active":false,"_monsterinsights_sitenote_note":"","_monsterinsights_sitenote_category":0,"footnotes":""},"categories":[5],"tags":[13284,43704,43674],"class_list":["post-250391","post","type-post","status-publish","format-standard","has-post-thumbnail","hentry","category-estado-de-mexico","tag-arco-norte","tag-jose-luis-montanez-aguilar","tag-opinion"],"_links":{"self":[{"href":"https:\/\/www.diarioimagen.net\/index.php?rest_route=\/wp\/v2\/posts\/250391","targetHints":{"allow":["GET"]}}],"collection":[{"href":"https:\/\/www.diarioimagen.net\/index.php?rest_route=\/wp\/v2\/posts"}],"about":[{"href":"https:\/\/www.diarioimagen.net\/index.php?rest_route=\/wp\/v2\/types\/post"}],"author":[{"embeddable":true,"href":"https:\/\/www.diarioimagen.net\/index.php?rest_route=\/wp\/v2\/users\/3"}],"replies":[{"embeddable":true,"href":"https:\/\/www.diarioimagen.net\/index.php?rest_route=%2Fwp%2Fv2%2Fcomments&post=250391"}],"version-history":[{"count":0,"href":"https:\/\/www.diarioimagen.net\/index.php?rest_route=\/wp\/v2\/posts\/250391\/revisions"}],"wp:featuredmedia":[{"embeddable":true,"href":"https:\/\/www.diarioimagen.net\/index.php?rest_route=\/wp\/v2\/media\/250496"}],"wp:attachment":[{"href":"https:\/\/www.diarioimagen.net\/index.php?rest_route=%2Fwp%2Fv2%2Fmedia&parent=250391"}],"wp:term":[{"taxonomy":"category","embeddable":true,"href":"https:\/\/www.diarioimagen.net\/index.php?rest_route=%2Fwp%2Fv2%2Fcategories&post=250391"},{"taxonomy":"post_tag","embeddable":true,"href":"https:\/\/www.diarioimagen.net\/index.php?rest_route=%2Fwp%2Fv2%2Ftags&post=250391"}],"curies":[{"name":"wp","href":"https:\/\/api.w.org\/{rel}","templated":true}]}}