{"id":250407,"date":"2016-01-12T00:15:04","date_gmt":"2016-01-12T06:15:04","guid":{"rendered":"http:\/\/www.diarioimagen.net\/?p=250407"},"modified":"2016-01-12T06:22:09","modified_gmt":"2016-01-12T12:22:09","slug":"reimplantan-manos-a-carpintero-en-el-hgm","status":"publish","type":"post","link":"https:\/\/www.diarioimagen.net\/?p=250407","title":{"rendered":"Reimplantan manos a carpintero en el HGM"},"content":{"rendered":"<ul>\n<li><strong><em>Noveno caso de microcirug\u00eda<\/em><\/strong><\/li>\n<\/ul>\n<p>&nbsp;<\/p>\n<div id=\"attachment_250567\" style=\"width: 430px\" class=\"wp-caption aligncenter\"><a href=\"http:\/\/www.diarioimagen.net\/?attachment_id=250567\" rel=\"attachment wp-att-250567\"><img loading=\"lazy\" decoding=\"async\" aria-describedby=\"caption-attachment-250567\" class=\"size-large wp-image-250567\" src=\"http:\/\/www.diarioimagen.net\/wp-content\/uploads\/2016\/01\/MANOS-2780-420x236.jpg\" alt=\"Se logr\u00f3 con \u00e9xito, mediante microcirug\u00eda, el reimplante de manos a un carpinero en el Hospital General de M\u00e9xico.\" width=\"420\" height=\"236\" srcset=\"https:\/\/www.diarioimagen.net\/wp-content\/uploads\/2016\/01\/MANOS-2780-420x236.jpg 420w, https:\/\/www.diarioimagen.net\/wp-content\/uploads\/2016\/01\/MANOS-2780-240x135.jpg 240w, https:\/\/www.diarioimagen.net\/wp-content\/uploads\/2016\/01\/MANOS-2780-235x132.jpg 235w, https:\/\/www.diarioimagen.net\/wp-content\/uploads\/2016\/01\/MANOS-2780-202x114.jpg 202w, https:\/\/www.diarioimagen.net\/wp-content\/uploads\/2016\/01\/MANOS-2780-350x196.jpg 350w, https:\/\/www.diarioimagen.net\/wp-content\/uploads\/2016\/01\/MANOS-2780-220x123.jpg 220w, https:\/\/www.diarioimagen.net\/wp-content\/uploads\/2016\/01\/MANOS-2780-237x132.jpg 237w, https:\/\/www.diarioimagen.net\/wp-content\/uploads\/2016\/01\/MANOS-2780.jpg 480w\" sizes=\"auto, (max-width: 420px) 100vw, 420px\" \/><\/a><p id=\"caption-attachment-250567\" class=\"wp-caption-text\">Se logr\u00f3 con \u00e9xito, mediante microcirug\u00eda, el reimplante de manos a un carpinero en el Hospital General de M\u00e9xico.<\/p><\/div>\n<p>&nbsp;<\/p>\n<p>Otra proeza en el Hospital General de M\u00e9xico. Se logr\u00f3 con \u00e9xito el reimplante de manos a un hombre dedicado a la carpinter\u00eda, quien se mutil\u00f3 ambas extremidades con una sierra giratoria, y que podr\u00e1 recuperar 80 por ciento de las funciones.<\/p>\n<p>Los doctores Anabel Villanueva Mart\u00ednez, Athi\u00e9 Guti\u00e9rrez y Raymundo Priego, encabezaron el equipo de cirug\u00eda pl\u00e1stica que logr\u00f3 esta proeza en el paciente Alberto S\u00e1nchez Garay, de 54 a\u00f1os de edad, y de quien depende la manutenci\u00f3n de su esposa e hijos.<\/p>\n<p>El hospital tiene 30 a\u00f1os de experiencia en el reimplante de manos mediante microcirug\u00edas, y hasta a la fecha se han realizado nueve de esta magnitud en ambas extremidades.<\/p>\n<p>El doctor Athi\u00e9 Guti\u00e9rrez detall\u00f3 en conferencia de prensa que Alberto S\u00e1nchez se mutil\u00f3 el 9 de mayo, y lleg\u00f3 desde Coyotepec, Estado de M\u00e9xico; tras valorarlo en el Servicio de Cirug\u00eda Pl\u00e1stica Reconstructiva se decidi\u00f3 operarlo el 3 de junio del a\u00f1o pasado.<\/p>\n<p>Despu\u00e9s de recuperarse de la cirug\u00eda inici\u00f3 la rehabilitaci\u00f3n f\u00edsica y emocional, a fin de recuperar 80 por ciento de las funciones de sus manos, pero no se le dar\u00e1 de alta hasta que pueda reintegrarse totalmente a sus labores. Seg\u00fan su avance la terapia va de seis meses a dos a\u00f1os.<\/p>\n<p>\u201cLa rehabilitaci\u00f3n en este caso particular es mixta, psicol\u00f3gica y funcional, y todav\u00eda psicol\u00f3gicamente el impacto ha sido muy grande y se tiene que atender. Est\u00e1 en nuestras manos, lo vamos a seguir rehabilitando f\u00edsica y psicol\u00f3gicamente\u201d hasta que pueda volver a laborar como antes lo hac\u00eda.<\/p>\n<p>En tanto, el jefe del Servicio de Cirug\u00eda Pl\u00e1stica Reconstructiva, Reymundo Priego coment\u00f3 que por p\u00e9rdida de manos, dedos, piernas pies se valoran en este hospital un promedio 17 casos y de estos se logra reimplantar con \u00e9xito a 10 pacientes.<\/p>\n<p>Cada a\u00f1o arroja n\u00fameros diferentes, y en el que m\u00e1s se hicieron registra unos 40, pero depende de la gente que est\u00e1 en el Hospital General, as\u00ed como de la disponibilidad de los pacientes para llegar al hospital.<\/p>\n<p>A su vez, la doctora Anabel Villanueva indic\u00f3 que en el caso de ni\u00f1os los accidentes m\u00e1s frecuentes, por lo que pierden extremidades o dedos, son los cohetes o cualquier explosivo, y no hay manera de reconstruir y menos de reimplantar.<\/p>\n<p>En edades laborales, abund\u00f3 el doctor Raymundo Pliego, los accidentes m\u00e1s frecuentes son con sierras giratorias, la causa m\u00e1s com\u00fan en 70 por ciento de los casos; seguidos por guillotinas, rodillos, molinos de tortiller\u00eda o de carne, y accidentes automovil\u00edsticos.<\/p>\n<p>Empero, en los casos de rodillos y molinos no se puede hacer nada a los pacientes, porque estos aparatos destruyen todos los tejidos y nervios.<\/p>\n<p>En otros pa\u00edses, a\u00f1adi\u00f3, cambian las estad\u00edsticas por la disponibilidad de arma de fuego y accidentes relacionados con actividades.<\/p>\n<p>El m\u00e9dico recomend\u00f3 que en caso de sufrir un accidente que implique la mutilaci\u00f3n de alg\u00fan miembro, \u00e9ste se preserve adecuadamente y acudir de inmediato al hospital para que pueda tener \u00e9xito la microcirug\u00eda para reimplantarlo.<\/p>\n<p>\u201cEs un proceso complejo poder reimplantar una extremidad, depende tambi\u00e9n del mecanismo del trauma\u201d, y los casos ideales son en los que hay un corte n\u00edtido, \u201cuna gran cantidad de factores que se conjuntan y tiempo de evoluci\u00f3n de la lesi\u00f3n\u201d.<\/p>\n<p>Athi\u00e9 Guti\u00e9rrez aclar\u00f3 que para preservar la parte mutilada lo primero que se debe hacer es envolverla en una comprensa limpia y h\u00fameda; meterla en una bolsa de pl\u00e1stico, luego en una hielera y ponerle hielo, para mantenerla fresca pero sin congelar, y acudir de inmediato al hospital.<\/p>\n","protected":false},"excerpt":{"rendered":"<p>Otra proeza en el Hospital General de M\u00e9xico. Se logr\u00f3 con \u00e9xito el reimplante de manos a un hombre dedicado a la carpinter\u00eda, quien se mutil\u00f3 ambas extremidades con una sierra giratoria, y que podr\u00e1 recuperar 80 por ciento de las funciones.<\/p>\n","protected":false},"author":3,"featured_media":250567,"comment_status":"open","ping_status":"open","sticky":false,"template":"","format":"standard","meta":{"_monsterinsights_skip_tracking":false,"_monsterinsights_sitenote_active":false,"_monsterinsights_sitenote_note":"","_monsterinsights_sitenote_category":0,"footnotes":""},"categories":[877],"tags":[22488,879,43692],"class_list":["post-250407","post","type-post","status-publish","format-standard","has-post-thumbnail","hentry","category-salud","tag-cirugia","tag-hospital-general-de-mexico","tag-salud"],"_links":{"self":[{"href":"https:\/\/www.diarioimagen.net\/index.php?rest_route=\/wp\/v2\/posts\/250407","targetHints":{"allow":["GET"]}}],"collection":[{"href":"https:\/\/www.diarioimagen.net\/index.php?rest_route=\/wp\/v2\/posts"}],"about":[{"href":"https:\/\/www.diarioimagen.net\/index.php?rest_route=\/wp\/v2\/types\/post"}],"author":[{"embeddable":true,"href":"https:\/\/www.diarioimagen.net\/index.php?rest_route=\/wp\/v2\/users\/3"}],"replies":[{"embeddable":true,"href":"https:\/\/www.diarioimagen.net\/index.php?rest_route=%2Fwp%2Fv2%2Fcomments&post=250407"}],"version-history":[{"count":0,"href":"https:\/\/www.diarioimagen.net\/index.php?rest_route=\/wp\/v2\/posts\/250407\/revisions"}],"wp:featuredmedia":[{"embeddable":true,"href":"https:\/\/www.diarioimagen.net\/index.php?rest_route=\/wp\/v2\/media\/250567"}],"wp:attachment":[{"href":"https:\/\/www.diarioimagen.net\/index.php?rest_route=%2Fwp%2Fv2%2Fmedia&parent=250407"}],"wp:term":[{"taxonomy":"category","embeddable":true,"href":"https:\/\/www.diarioimagen.net\/index.php?rest_route=%2Fwp%2Fv2%2Fcategories&post=250407"},{"taxonomy":"post_tag","embeddable":true,"href":"https:\/\/www.diarioimagen.net\/index.php?rest_route=%2Fwp%2Fv2%2Ftags&post=250407"}],"curies":[{"name":"wp","href":"https:\/\/api.w.org\/{rel}","templated":true}]}}