{"id":250432,"date":"2016-01-12T00:02:17","date_gmt":"2016-01-12T06:02:17","guid":{"rendered":"http:\/\/www.diarioimagen.net\/?p=250432"},"modified":"2016-01-12T04:52:30","modified_gmt":"2016-01-12T10:52:30","slug":"entrega-jorge-adan-barron-juguetes-a-ninos","status":"publish","type":"post","link":"https:\/\/www.diarioimagen.net\/?p=250432","title":{"rendered":"Entrega Jorge Ad\u00e1n Barr\u00f3n juguetes a ni\u00f1os"},"content":{"rendered":"<ul>\n<li><strong><em>Con motivo de Reyes<\/em><\/strong><\/li>\n<\/ul>\n<p>&nbsp;<\/p>\n<div id=\"attachment_250521\" style=\"width: 430px\" class=\"wp-caption aligncenter\"><a href=\"http:\/\/www.diarioimagen.net\/?attachment_id=250521\" rel=\"attachment wp-att-250521\"><img loading=\"lazy\" decoding=\"async\" aria-describedby=\"caption-attachment-250521\" class=\"size-large wp-image-250521\" src=\"http:\/\/www.diarioimagen.net\/wp-content\/uploads\/2016\/01\/TULTITLAN-2780-420x280.jpg\" alt=\"El alcalde Jorge Ad\u00e1n Barr\u00f3n Elizalde entreg\u00f3 miles de juguetes y tabletas electr\u00f3nicas a menores de Tutlitl\u00e1n.\" width=\"420\" height=\"280\" srcset=\"https:\/\/www.diarioimagen.net\/wp-content\/uploads\/2016\/01\/TULTITLAN-2780-420x280.jpg 420w, https:\/\/www.diarioimagen.net\/wp-content\/uploads\/2016\/01\/TULTITLAN-2780-240x160.jpg 240w, https:\/\/www.diarioimagen.net\/wp-content\/uploads\/2016\/01\/TULTITLAN-2780-768x512.jpg 768w, https:\/\/www.diarioimagen.net\/wp-content\/uploads\/2016\/01\/TULTITLAN-2780.jpg 1200w\" sizes=\"auto, (max-width: 420px) 100vw, 420px\" \/><\/a><p id=\"caption-attachment-250521\" class=\"wp-caption-text\">El alcalde Jorge Ad\u00e1n Barr\u00f3n Elizalde entreg\u00f3 miles de juguetes y tabletas electr\u00f3nicas a menores de Tutlitl\u00e1n.<\/p><\/div>\n<p>&nbsp;<\/p>\n<p><strong>Tultitl\u00e1n, Estado de M\u00e9xico<\/strong>.- En su primer acto p\u00fablico, el presidente municipal, Jorge Ad\u00e1n Barr\u00f3n Elizalde, efectu\u00f3 la entrega de 18 mil 500 juguetes, as\u00ed como un gran n\u00famero de bicicletas y tabletas electr\u00f3nicas a menores de la demarcaci\u00f3n, esto, como parte del tradicional\u00a0 festejo del D\u00eda\u00a0 de Reyes.<\/p>\n<p>Acompa\u00f1ado por la presidenta del Sistema Municipal \u00a0DIF, Karen S\u00e1mano, as\u00ed como de integrantes del Cabildo, el maestro en administraci\u00f3n p\u00fablica, Ad\u00e1n Barr\u00f3n, felicit\u00f3 a todos los ni\u00f1os que se dieron cita en los tres magnos eventos que se efectuaron en las zonas Sur, Centro y Oriente del municipio, en donde disfrutaron del espect\u00e1culo de Frozen y el show de los payasos <em>Pelusho, Bet\u00edn y Bet\u00f3n<\/em>, quienes lograron dibujar sonrisas entre los presentes.<\/p>\n<p>En su mensaje, el alcalde dese\u00f3 a las familias tultitlenses un a\u00f1o de salud, trabajo y prosperidad, no sin antes reiterar que todos los integrantes de la Administraci\u00f3n P\u00fablica 2016-2018 tendr\u00e1n como caracter\u00edstica b\u00e1sica la atenci\u00f3n al ciudadano, sin hacer excepci\u00f3n a las necesidades de los diferentes sectores de la poblaci\u00f3n.<\/p>\n<p>A unos cuantos d\u00edas de haber asumido el cargo, Ad\u00e1n Barr\u00f3n agradeci\u00f3 la confianza brindada a su persona en la pasada jornada electoral, al tiempo que se comprometi\u00f3 a trabajar para dar resultados en el corto y mediano plazo; convencido de que el trabajo en equipo y cercano al ciudadano es la mejor manera de alcanzar un municipio de progreso.<\/p>\n<p>Finalmente, dijo que en breve iniciar\u00e1n las audiencias p\u00fablicas, mediante las cuales escuchar\u00e1 personalmente las demandas m\u00e1s sentidas de los tultitlenses y se turnar\u00e1n a las \u00e1reas correspondientes para su pronta atenci\u00f3n y respuesta, refrendando con ello su compromiso de gobernar de la mano con la gente.<\/p>\n<p>&nbsp;<\/p>\n","protected":false},"excerpt":{"rendered":"<p> En su primer acto p\u00fablico, el presidente municipal, Jorge Ad\u00e1n Barr\u00f3n Elizalde, efectu\u00f3 la entrega de 18 mil 500 juguetes, as\u00ed como un gran n\u00famero de bicicletas y tabletas electr\u00f3nicas a menores de la demarcaci\u00f3n, esto, como parte del tradicional  festejo del D\u00eda  de Reyes.<\/p>\n","protected":false},"author":3,"featured_media":250521,"comment_status":"open","ping_status":"open","sticky":false,"template":"","format":"standard","meta":{"_monsterinsights_skip_tracking":false,"_monsterinsights_sitenote_active":false,"_monsterinsights_sitenote_note":"","_monsterinsights_sitenote_category":0,"footnotes":""},"categories":[35155],"tags":[14935,43675,5812,578],"class_list":["post-250432","post","type-post","status-publish","format-standard","has-post-thumbnail","hentry","category-estado-de-mexico-estado-de-mexico","tag-dia-de-reyes","tag-estado-de-mexico","tag-nino","tag-tultitlan"],"_links":{"self":[{"href":"https:\/\/www.diarioimagen.net\/index.php?rest_route=\/wp\/v2\/posts\/250432","targetHints":{"allow":["GET"]}}],"collection":[{"href":"https:\/\/www.diarioimagen.net\/index.php?rest_route=\/wp\/v2\/posts"}],"about":[{"href":"https:\/\/www.diarioimagen.net\/index.php?rest_route=\/wp\/v2\/types\/post"}],"author":[{"embeddable":true,"href":"https:\/\/www.diarioimagen.net\/index.php?rest_route=\/wp\/v2\/users\/3"}],"replies":[{"embeddable":true,"href":"https:\/\/www.diarioimagen.net\/index.php?rest_route=%2Fwp%2Fv2%2Fcomments&post=250432"}],"version-history":[{"count":0,"href":"https:\/\/www.diarioimagen.net\/index.php?rest_route=\/wp\/v2\/posts\/250432\/revisions"}],"wp:featuredmedia":[{"embeddable":true,"href":"https:\/\/www.diarioimagen.net\/index.php?rest_route=\/wp\/v2\/media\/250521"}],"wp:attachment":[{"href":"https:\/\/www.diarioimagen.net\/index.php?rest_route=%2Fwp%2Fv2%2Fmedia&parent=250432"}],"wp:term":[{"taxonomy":"category","embeddable":true,"href":"https:\/\/www.diarioimagen.net\/index.php?rest_route=%2Fwp%2Fv2%2Fcategories&post=250432"},{"taxonomy":"post_tag","embeddable":true,"href":"https:\/\/www.diarioimagen.net\/index.php?rest_route=%2Fwp%2Fv2%2Ftags&post=250432"}],"curies":[{"name":"wp","href":"https:\/\/api.w.org\/{rel}","templated":true}]}}