{"id":250436,"date":"2016-01-12T00:04:33","date_gmt":"2016-01-12T06:04:33","guid":{"rendered":"http:\/\/www.diarioimagen.net\/?p=250436"},"modified":"2016-01-12T04:47:54","modified_gmt":"2016-01-12T10:47:54","slug":"convoca-denisse-ugalde-a-reciclar-arboles-de-navidad","status":"publish","type":"post","link":"https:\/\/www.diarioimagen.net\/?p=250436","title":{"rendered":"Convoca Denisse Ugalde a reciclar \u00e1rboles de Navidad"},"content":{"rendered":"<ul>\n<li><strong><em>En Plaza Gustavo Baz<\/em><\/strong><\/li>\n<\/ul>\n<p>&nbsp;<\/p>\n<div id=\"attachment_250515\" style=\"width: 430px\" class=\"wp-caption aligncenter\"><a href=\"http:\/\/www.diarioimagen.net\/?attachment_id=250515\" rel=\"attachment wp-att-250515\"><img loading=\"lazy\" decoding=\"async\" aria-describedby=\"caption-attachment-250515\" class=\"size-large wp-image-250515\" src=\"http:\/\/www.diarioimagen.net\/wp-content\/uploads\/2016\/01\/TLALNEPANTLA-2780-420x236.jpg\" alt=\"Se reciclar\u00e1n \u00e1rboles de Navidad hasta el 15 de enero en la Plaza Gustavo Baz, con un horario de atenci\u00f3n de las 9 de la ma\u00f1ana a las 4 de la tarde.\" width=\"420\" height=\"236\" srcset=\"https:\/\/www.diarioimagen.net\/wp-content\/uploads\/2016\/01\/TLALNEPANTLA-2780-420x236.jpg 420w, https:\/\/www.diarioimagen.net\/wp-content\/uploads\/2016\/01\/TLALNEPANTLA-2780-240x135.jpg 240w, https:\/\/www.diarioimagen.net\/wp-content\/uploads\/2016\/01\/TLALNEPANTLA-2780-235x132.jpg 235w, https:\/\/www.diarioimagen.net\/wp-content\/uploads\/2016\/01\/TLALNEPANTLA-2780-202x114.jpg 202w, https:\/\/www.diarioimagen.net\/wp-content\/uploads\/2016\/01\/TLALNEPANTLA-2780-350x196.jpg 350w, https:\/\/www.diarioimagen.net\/wp-content\/uploads\/2016\/01\/TLALNEPANTLA-2780-220x123.jpg 220w, https:\/\/www.diarioimagen.net\/wp-content\/uploads\/2016\/01\/TLALNEPANTLA-2780-237x132.jpg 237w, https:\/\/www.diarioimagen.net\/wp-content\/uploads\/2016\/01\/TLALNEPANTLA-2780.jpg 480w\" sizes=\"auto, (max-width: 420px) 100vw, 420px\" \/><\/a><p id=\"caption-attachment-250515\" class=\"wp-caption-text\">Se reciclar\u00e1n \u00e1rboles de Navidad hasta el 15 de enero en la Plaza Gustavo Baz, con un horario de atenci\u00f3n de las 9 de la ma\u00f1ana a las 4 de la tarde.<\/p><\/div>\n<p>&nbsp;<\/p>\n<p><strong>Tlalnepantla, Estado de M\u00e9xico<\/strong>.- El gobierno municipal que preside Denisse Ugalde invita a todos los tlalnepantlenses a participar en la campa\u00f1a recicla tu \u00e1rbol, que se llevar\u00e1 a cabo del 8 al 15 de enero en la Plaza Gustavo Baz, con un horario de atenci\u00f3n de las 9 de la ma\u00f1ana a las 4 de la tarde.<\/p>\n<p>Dicho programa tiene el prop\u00f3sito de contribuir con el medio ambiente y evitar que los \u00e1rboles de navidad secos se conviertan en un problema de contaminaci\u00f3n al ser abandonados en la v\u00eda p\u00fabica.<\/p>\n<p>La Direcci\u00f3n de Servicios Urbanos en coordinaci\u00f3n con la de Medio Ambiente pretende reciclar m\u00e1s de mil 200 \u00e1rboles para convertirlos en composta, misma que ser\u00e1 usada como fertilizante en las \u00e1reas verdes de la localidad y en el Centro de Educaci\u00f3n Ambiental en la Sierra de Guadalupe.<\/p>\n<p>El titular de la Direcci\u00f3n de Medio Ambiente, Desiderio Torres Barr\u00f3n, convoc\u00f3 a la ciudadan\u00eda para que se sume al esfuerzo que hace el gobierno municipal para contribuir con el medio ambiente permitiendo que su \u00e1rbol navide\u00f1o siga siendo \u00fatil en las \u00e1reas verdes de este municipio, en lugar de convertirse en un foco de contaminaci\u00f3n.<\/p>\n<p>Despu\u00e9s del triturado, cada \u00e1rbol pasa por un proceso de descomposici\u00f3n natural (aer\u00f3bica) que por medio de restos vegetales ayuda a la reproducci\u00f3n masiva de bacterias provocando la fermentaci\u00f3n de todos los componentes, dando forma al fertilizante que nutre la tierra. El fertilizante ser\u00e1 utilizado en las \u00e1reas verdes p\u00fablicas, camellones y parques.<\/p>\n<p>&nbsp;<\/p>\n","protected":false},"excerpt":{"rendered":"<p>El gobierno municipal que preside Denisse Ugalde invita a todos los tlalnepantlenses a participar en la campa\u00f1a recicla tu \u00e1rbol, que se llevar\u00e1 a cabo del 8 al 15 de enero en la Plaza Gustavo Baz, con un horario de atenci\u00f3n de las 9 de la ma\u00f1ana a las 4 de la tarde.<\/p>\n","protected":false},"author":3,"featured_media":250515,"comment_status":"open","ping_status":"open","sticky":false,"template":"","format":"standard","meta":{"_monsterinsights_skip_tracking":false,"_monsterinsights_sitenote_active":false,"_monsterinsights_sitenote_note":"","_monsterinsights_sitenote_category":0,"footnotes":""},"categories":[35155],"tags":[45490,43675,105,47889,169],"class_list":["post-250436","post","type-post","status-publish","format-standard","has-post-thumbnail","hentry","category-estado-de-mexico-estado-de-mexico","tag-denisse-ugalde-alegria","tag-estado-de-mexico","tag-navidad","tag-reciclar","tag-tlalnepantla"],"_links":{"self":[{"href":"https:\/\/www.diarioimagen.net\/index.php?rest_route=\/wp\/v2\/posts\/250436","targetHints":{"allow":["GET"]}}],"collection":[{"href":"https:\/\/www.diarioimagen.net\/index.php?rest_route=\/wp\/v2\/posts"}],"about":[{"href":"https:\/\/www.diarioimagen.net\/index.php?rest_route=\/wp\/v2\/types\/post"}],"author":[{"embeddable":true,"href":"https:\/\/www.diarioimagen.net\/index.php?rest_route=\/wp\/v2\/users\/3"}],"replies":[{"embeddable":true,"href":"https:\/\/www.diarioimagen.net\/index.php?rest_route=%2Fwp%2Fv2%2Fcomments&post=250436"}],"version-history":[{"count":0,"href":"https:\/\/www.diarioimagen.net\/index.php?rest_route=\/wp\/v2\/posts\/250436\/revisions"}],"wp:featuredmedia":[{"embeddable":true,"href":"https:\/\/www.diarioimagen.net\/index.php?rest_route=\/wp\/v2\/media\/250515"}],"wp:attachment":[{"href":"https:\/\/www.diarioimagen.net\/index.php?rest_route=%2Fwp%2Fv2%2Fmedia&parent=250436"}],"wp:term":[{"taxonomy":"category","embeddable":true,"href":"https:\/\/www.diarioimagen.net\/index.php?rest_route=%2Fwp%2Fv2%2Fcategories&post=250436"},{"taxonomy":"post_tag","embeddable":true,"href":"https:\/\/www.diarioimagen.net\/index.php?rest_route=%2Fwp%2Fv2%2Ftags&post=250436"}],"curies":[{"name":"wp","href":"https:\/\/api.w.org\/{rel}","templated":true}]}}