{"id":250625,"date":"2016-01-13T00:06:38","date_gmt":"2016-01-13T06:06:38","guid":{"rendered":"http:\/\/www.diarioimagen.net\/?p=250625"},"modified":"2016-01-13T03:58:25","modified_gmt":"2016-01-13T09:58:25","slug":"daniela-lujan-sera-carrie","status":"publish","type":"post","link":"https:\/\/www.diarioimagen.net\/?p=250625","title":{"rendered":"Daniela Luj\u00e1n ser\u00e1 \u201cCarrie\u201d"},"content":{"rendered":"<ul>\n<li><em><strong>El musical ofrecer\u00e1 temporada el 4 de marzo en el Teatro NH<\/strong><\/em><\/li>\n<li><em><strong>Laura Cort\u00e9s, Roberto Mar\u00edn, Grisel Margarita y Alex Speitzer se integran al montaje<\/strong><\/em><\/li>\n<\/ul>\n<p>&nbsp;<\/p>\n<div id=\"attachment_250626\" style=\"width: 430px\" class=\"wp-caption aligncenter\"><a href=\"http:\/\/www.diarioimagen.net\/?attachment_id=250626\" rel=\"attachment wp-att-250626\"><img loading=\"lazy\" decoding=\"async\" aria-describedby=\"caption-attachment-250626\" class=\"wp-image-250626 size-large\" src=\"http:\/\/www.diarioimagen.net\/wp-content\/uploads\/2016\/01\/daniela-PORTAL-420x245.jpg\" alt=\"Suspenso, terror y efectos especiales, aunados a una experiencia inmersiva, prometen cautivar al p\u00fablico en la primera versi\u00f3n en espa\u00f1ol de este musical que ser\u00e1 protagonizado por Daniela Luj\u00e1n.\" width=\"420\" height=\"245\" srcset=\"https:\/\/www.diarioimagen.net\/wp-content\/uploads\/2016\/01\/daniela-PORTAL-420x245.jpg 420w, https:\/\/www.diarioimagen.net\/wp-content\/uploads\/2016\/01\/daniela-PORTAL-240x140.jpg 240w, https:\/\/www.diarioimagen.net\/wp-content\/uploads\/2016\/01\/daniela-PORTAL.jpg 480w\" sizes=\"auto, (max-width: 420px) 100vw, 420px\" \/><\/a><p id=\"caption-attachment-250626\" class=\"wp-caption-text\">Suspenso, terror y efectos especiales, aunados a una experiencia inmersiva, prometen cautivar al p\u00fablico en la primera versi\u00f3n en espa\u00f1ol de este musical, que ser\u00e1 protagonizado por Daniela Luj\u00e1n.<\/p><\/div>\n<p>&nbsp;<\/p>\n<p>Tras varios d\u00edas de pruebas y audiciones, la actriz Daniela Luj\u00e1n ha sido elegida para protagonizar \u201cCarrie, el musical\u201d, que por primera vez ser\u00e1 montado en espa\u00f1ol y que tendr\u00e1 temporada aqu\u00ed en M\u00e9xico, a partir de 4 de marzo en el Teatro NH, de la Zona Rosa, en una producci\u00f3n de Sergio Arroyo y Edgar Marroqu\u00ed.<\/p>\n<p>Luego de darse a conocer los resultados de las audiciones, la producci\u00f3n inform\u00f3 que nombres como el de Laura Cort\u00e9s (mam\u00e1 de \u201cCarrie\u201d) figurar\u00e1n tambi\u00e9n en el elenco de esta pieza, basada en la cl\u00e1sica novela de horror que publicara en 1976, el maestro del suspenso, Stephen King (EU, 1947).<\/p>\n<p>Tambi\u00e9n se integran al equipo los actores Roberto Mar\u00edn, Grisel Margarita y Alex Spietzer, todos ellos miembros de una generaci\u00f3n joven de histriones que hace algunos a\u00f1os estelarizaron novelas infantiles-juveniles como \u201cAmigos por siempre\u201d o \u201cC\u00f3mplices al rescate\u201d.<\/p>\n<p>\u201cCarrie, el musical\u201d cuenta con la direcci\u00f3n de escena de Juan Carlos Rold\u00e1n; Fernando Canek, quien participa tambi\u00e9n en la traducci\u00f3n y es tambi\u00e9n productor asociado; la direcci\u00f3n musical y vocal de C\u00e9sar D\u00edaz, las coreograf\u00edas montadas por Alex Valdez y la escenograf\u00edade Ricardo D\u00edaz, quien tendr\u00e1 el reto de trabajar con escenograf\u00edas de 360 grados, que coadyuven a crear una experiencia inmersiva, \u00fanica en el teatro en M\u00e9xico.<\/p>\n<p>La versi\u00f3n musical es la que desde 2012 ha cautivado la cartelera Off-Broadway, en Nueva York, y que fuera producida en Estados Unidos por Rodgers &amp; Hammerstein.<\/p>\n<p>El estreno est\u00e1 previsto para el 4 de marzo, aunque habr\u00e1 funciones previas a partir del 26 de febrero para disfrutar en premier lo que los productores mexicanos han calificado como una \u201cescalofriante experiencia musical\u201d, con ejecutantes en vivo.<\/p>\n<p>Seg\u00fan Sergio Arroyo, desde que el p\u00fablico ingrese al teatro podr\u00e1 sentirse dentro del gimnasio ya destruido por \u201cCarrie\u201d, pues la obra comienza justo cuando culmina la destrucci\u00f3n \u00a0y alguien comienza a relatar a la polic\u00eda los terror\u00edficos hechos all\u00ed ocurridos.<\/p>\n<p>\u201cHabr\u00e1 mucha actuaci\u00f3n, utiler\u00eda y efectos especiales para hacer funcionar este musical en un espacio no tradicional para este tipo de montajes\u201d, se\u00f1ala el productor, quien es socio del Teatro NH.<\/p>\n<p>\u201cCarrie, el musical\u201d estar\u00e1 en cartelera por cinco semanas, con precios que ir\u00e1n de los 300 a 600 pesos, en temporada regular, y 50 por ciento menos durante los previos.<\/p>\n","protected":false},"excerpt":{"rendered":"<p>Tras varios d\u00edas de pruebas y audiciones, la actriz Daniela Luj\u00e1n ha sido elegida para protagonizar \u201cCarrie, el musical\u201d, que por primera vez ser\u00e1 montado en espa\u00f1ol y que tendr\u00e1 temporada aqu\u00ed en M\u00e9xico, a partir de 4 de marzo en el Teatro NH, de la Zona Rosa, en una producci\u00f3n de Sergio Arroyo y Edgar Marroqu\u00ed.<\/p>\n","protected":false},"author":5,"featured_media":250626,"comment_status":"open","ping_status":"open","sticky":false,"template":"","format":"standard","meta":{"_monsterinsights_skip_tracking":false,"footnotes":""},"categories":[12],"tags":[47198,43682,666,35482,47735],"class_list":["post-250625","post","type-post","status-publish","format-standard","has-post-thumbnail","hentry","category-espectaculos","tag-daniela-lujan","tag-espectaculos","tag-teatro","tag-teatro-nh","tag-carrie"],"_links":{"self":[{"href":"https:\/\/www.diarioimagen.net\/index.php?rest_route=\/wp\/v2\/posts\/250625","targetHints":{"allow":["GET"]}}],"collection":[{"href":"https:\/\/www.diarioimagen.net\/index.php?rest_route=\/wp\/v2\/posts"}],"about":[{"href":"https:\/\/www.diarioimagen.net\/index.php?rest_route=\/wp\/v2\/types\/post"}],"author":[{"embeddable":true,"href":"https:\/\/www.diarioimagen.net\/index.php?rest_route=\/wp\/v2\/users\/5"}],"replies":[{"embeddable":true,"href":"https:\/\/www.diarioimagen.net\/index.php?rest_route=%2Fwp%2Fv2%2Fcomments&post=250625"}],"version-history":[{"count":0,"href":"https:\/\/www.diarioimagen.net\/index.php?rest_route=\/wp\/v2\/posts\/250625\/revisions"}],"wp:featuredmedia":[{"embeddable":true,"href":"https:\/\/www.diarioimagen.net\/index.php?rest_route=\/wp\/v2\/media\/250626"}],"wp:attachment":[{"href":"https:\/\/www.diarioimagen.net\/index.php?rest_route=%2Fwp%2Fv2%2Fmedia&parent=250625"}],"wp:term":[{"taxonomy":"category","embeddable":true,"href":"https:\/\/www.diarioimagen.net\/index.php?rest_route=%2Fwp%2Fv2%2Fcategories&post=250625"},{"taxonomy":"post_tag","embeddable":true,"href":"https:\/\/www.diarioimagen.net\/index.php?rest_route=%2Fwp%2Fv2%2Ftags&post=250625"}],"curies":[{"name":"wp","href":"https:\/\/api.w.org\/{rel}","templated":true}]}}